{"id":13980,"date":"2026-06-05T11:51:11","date_gmt":"2026-06-05T11:51:11","guid":{"rendered":"https:\/\/www.europesays.com\/lu-fr\/13980\/"},"modified":"2026-06-05T11:51:11","modified_gmt":"2026-06-05T11:51:11","slug":"gouvy-les-travaux-de-rehabilitation-du-rond-point-de-beho-debuteront-le-19-juin","status":"publish","type":"post","link":"https:\/\/www.europesays.com\/lu-fr\/13980\/","title":{"rendered":"Gouvy\u00a0: les travaux de r\u00e9habilitation du rond-point de Beho d\u00e9buteront le 19\u00a0juin"},"content":{"rendered":"<p class=\"ap-StoryElement ap-StoryElement--mb ap-StoryText\">Le SPW Mobilit\u00e9 et Infrastructures pr\u00e9cise que la dur\u00e9e de ce chantier est pr\u00e9sum\u00e9e puisque l&rsquo;ex\u00e9cution de ces travaux d\u00e9pend des conditions m\u00e9t\u00e9orologiques. En effet, un enrob\u00e9 hydrocarbon\u00e9 doit \u00eatre pos\u00e9 par temps sec et avec une temp\u00e9rature minimale afin de garantir sa durabilit\u00e9.<\/p>\n<p>Modification des conditions de circulation<\/p>\n<p class=\"ap-StoryElement ap-StoryElement--mb ap-StoryText\">Pendant les travaux, la circulation, maintenue sur l&rsquo;axe Vielsalm \u2013 Luxembourg (N68), dans les deux sens, sera r\u00e9gul\u00e9e par des feux tricolores. L&rsquo;axe Saint-Vith \u2013 Gouvy (N 827), sera totalement ferm\u00e9 \u00e0 la circulation au niveau du giratoire durant le chantier. La circulation sera d\u00e9vi\u00e9e via le Grand-Duch\u00e9 du Luxembourg, en l&rsquo;occurrence par Wemperhardt et Schmiede. Quant aux usagers en provenance de Gouvy, ils seront d\u00e9vi\u00e9s par Ourthe et Deiffelt (N 815).<\/p>\n<p class=\"ap-StoryElement ap-StoryElement--mb ap-StoryText\">Ce chantier repr\u00e9sente un budget d&rsquo;environ 170 000 \u20ac financ\u00e9 par la Wallonie. Ces travaux sont dirig\u00e9s par la soci\u00e9t\u00e9 Les Enrob\u00e9s du Gerny, d\u00e9sign\u00e9e par march\u00e9 public.<\/p>\n","protected":false},"excerpt":{"rendered":"Le SPW Mobilit\u00e9 et Infrastructures pr\u00e9cise que la dur\u00e9e de ce chantier est pr\u00e9sum\u00e9e puisque l&rsquo;ex\u00e9cution de ces&hellip;\n","protected":false},"author":2,"featured_media":13981,"comment_status":"","ping_status":"","sticky":false,"template":"","format":"standard","meta":{"footnotes":"","_share_on_mastodon":"0"},"categories":[4],"tags":[547,5,2852],"class_list":["post-13980","post","type-post","status-publish","format-standard","has-post-thumbnail","category-luxembourg","tag-gouvy","tag-luxembourg","tag-vielsalm"],"share_on_mastodon":{"url":"https:\/\/pubeurope.com\/@lu_fr\/116697359200253358","error":""},"_links":{"self":[{"href":"https:\/\/www.europesays.com\/lu-fr\/wp-json\/wp\/v2\/posts\/13980","targetHints":{"allow":["GET"]}}],"collection":[{"href":"https:\/\/www.europesays.com\/lu-fr\/wp-json\/wp\/v2\/posts"}],"about":[{"href":"https:\/\/www.europesays.com\/lu-fr\/wp-json\/wp\/v2\/types\/post"}],"author":[{"embeddable":true,"href":"https:\/\/www.europesays.com\/lu-fr\/wp-json\/wp\/v2\/users\/2"}],"replies":[{"embeddable":true,"href":"https:\/\/www.europesays.com\/lu-fr\/wp-json\/wp\/v2\/comments?post=13980"}],"version-history":[{"count":0,"href":"https:\/\/www.europesays.com\/lu-fr\/wp-json\/wp\/v2\/posts\/13980\/revisions"}],"wp:featuredmedia":[{"embeddable":true,"href":"https:\/\/www.europesays.com\/lu-fr\/wp-json\/wp\/v2\/media\/13981"}],"wp:attachment":[{"href":"https:\/\/www.europesays.com\/lu-fr\/wp-json\/wp\/v2\/media?parent=13980"}],"wp:term":[{"taxonomy":"category","embeddable":true,"href":"https:\/\/www.europesays.com\/lu-fr\/wp-json\/wp\/v2\/categories?post=13980"},{"taxonomy":"post_tag","embeddable":true,"href":"https:\/\/www.europesays.com\/lu-fr\/wp-json\/wp\/v2\/tags?post=13980"}],"curies":[{"name":"wp","href":"https:\/\/api.w.org\/{rel}","templated":true}]}}