{"id":13988,"date":"2026-06-05T14:21:17","date_gmt":"2026-06-05T14:21:17","guid":{"rendered":"https:\/\/www.europesays.com\/lu-fr\/13988\/"},"modified":"2026-06-05T14:21:17","modified_gmt":"2026-06-05T14:21:17","slug":"espaces-deposez-prenez-dans-28-recyparcs-didelux-pour-reduire-les-dechets","status":"publish","type":"post","link":"https:\/\/www.europesays.com\/lu-fr\/13988\/","title":{"rendered":"Espaces \u00ab\u00a0D\u00e9posez-prenez\u00a0\u00bb dans 28 recyparcs d&rsquo;Id\u00e9lux pour r\u00e9duire les d\u00e9chets"},"content":{"rendered":"<p>Un d\u00e9ploiement massif apr\u00e8s une phase pilote concluante<\/p>\n<p class=\"ap-StoryElement ap-StoryElement--mb ap-StoryText\">Ce dispositif fait suite \u00e0 une phase test initi\u00e9e dans cinq recyparcs en 2024. En l&rsquo;espace de six mois seulement, cette exp\u00e9rimentation a permis de d\u00e9tourner pr\u00e8s de 15 tonnes de mat\u00e9riaux des fili\u00e8res classiques de valorisation. Fort de ce bilan positif, l&rsquo;intercommunale a choisi d&rsquo;\u00e9tendre la d\u00e9marche. Actuellement, 28 des 54 recyparcs du r\u00e9seau int\u00e8grent ces box op\u00e9rationnels.<\/p>\n<p class=\"ap-StoryElement ap-StoryElement--mb ap-StoryText\">Les sites \u00e9quip\u00e9s concernent les communes d&rsquo;Arlon, Aubange, Bastogne (zoning industriel), Bouillon (Menuchenet), Bullange, B\u00fctgenbach, Daverdisse, Durbuy, \u00c9rez\u00e9e, \u00c9talle, Fauvillers, Gouvy, Herbeumont, L\u00e9glise, Libramont, Lierneux, Malmedy, Marloie, Musson, Rendeux, Rouvroy, Saint-Vith, Stavelot, Stoumont, Tellin, Tenneville, Tintigny et Waimes. La couverture compl\u00e8te du r\u00e9seau est planifi\u00e9e pour la fin de l&rsquo;ann\u00e9e 2027.<\/p>\n<p>6 tonnes de d\u00e9chets par an et par recyparc peuvent \u00eatre sauv\u00e9es<\/p>\n<p class=\"ap-StoryElement ap-StoryElement--mb ap-StoryText\">Cette d\u00e9marche vise un double objectif environnemental et social. D&rsquo;une part, elle ambitionne de r\u00e9duire la quantit\u00e9 de d\u00e9chets \u00e0 traiter par les voies traditionnelles, avec un potentiel estim\u00e9 jusqu&rsquo;\u00e0 6 tonnes de mat\u00e9riaux pr\u00e9serv\u00e9s par recyparc et par an. D&rsquo;autre part, elle encourage les dynamiques locales de r\u00e9emploi.<\/p>\n<p class=\"ap-StoryElement ap-StoryElement--mb ap-StoryText\">Ce syst\u00e8me solidaire offre une opportunit\u00e9 \u00e9conomique aux particuliers, qui peuvent r\u00e9aliser de petits travaux \u00e0 moindre co\u00fbt, qu&rsquo;il s&rsquo;agisse de concevoir une \u00e9tag\u00e8re avec quelques planches ou d&rsquo;am\u00e9nager un sentier de jardin avec des pav\u00e9s r\u00e9cup\u00e9r\u00e9s.<\/p>\n<p class=\"ap-StoryElement ap-StoryElement--mb ap-StoryText\">Plus d&rsquo;infos &gt;&gt; <a href=\"https:\/\/www.idelux.be\/sites\/default\/files\/2023-10\/BROCHURE%20REEMPLOI_OCT%202022_FR.pdf\" target=\"_self\" rel=\"nofollow noopener\">ici<\/a>.<\/p>\n","protected":false},"excerpt":{"rendered":"Un d\u00e9ploiement massif apr\u00e8s une phase pilote concluante Ce dispositif fait suite \u00e0 une phase test initi\u00e9e dans&hellip;\n","protected":false},"author":2,"featured_media":13989,"comment_status":"","ping_status":"","sticky":false,"template":"","format":"standard","meta":{"footnotes":"","_share_on_mastodon":"0"},"categories":[4],"tags":[114,672,255,3244,3245,5],"class_list":["post-13988","post","type-post","status-publish","format-standard","has-post-thumbnail","category-luxembourg","tag-arlon","tag-aubange","tag-bastogne","tag-bullingen","tag-butgenbach","tag-luxembourg"],"share_on_mastodon":{"url":"https:\/\/pubeurope.com\/@lu_fr\/116697948917192416","error":""},"_links":{"self":[{"href":"https:\/\/www.europesays.com\/lu-fr\/wp-json\/wp\/v2\/posts\/13988","targetHints":{"allow":["GET"]}}],"collection":[{"href":"https:\/\/www.europesays.com\/lu-fr\/wp-json\/wp\/v2\/posts"}],"about":[{"href":"https:\/\/www.europesays.com\/lu-fr\/wp-json\/wp\/v2\/types\/post"}],"author":[{"embeddable":true,"href":"https:\/\/www.europesays.com\/lu-fr\/wp-json\/wp\/v2\/users\/2"}],"replies":[{"embeddable":true,"href":"https:\/\/www.europesays.com\/lu-fr\/wp-json\/wp\/v2\/comments?post=13988"}],"version-history":[{"count":0,"href":"https:\/\/www.europesays.com\/lu-fr\/wp-json\/wp\/v2\/posts\/13988\/revisions"}],"wp:featuredmedia":[{"embeddable":true,"href":"https:\/\/www.europesays.com\/lu-fr\/wp-json\/wp\/v2\/media\/13989"}],"wp:attachment":[{"href":"https:\/\/www.europesays.com\/lu-fr\/wp-json\/wp\/v2\/media?parent=13988"}],"wp:term":[{"taxonomy":"category","embeddable":true,"href":"https:\/\/www.europesays.com\/lu-fr\/wp-json\/wp\/v2\/categories?post=13988"},{"taxonomy":"post_tag","embeddable":true,"href":"https:\/\/www.europesays.com\/lu-fr\/wp-json\/wp\/v2\/tags?post=13988"}],"curies":[{"name":"wp","href":"https:\/\/api.w.org\/{rel}","templated":true}]}}