{"id":14106,"date":"2026-06-06T18:41:18","date_gmt":"2026-06-06T18:41:18","guid":{"rendered":"https:\/\/www.europesays.com\/lu-fr\/14106\/"},"modified":"2026-06-06T18:41:18","modified_gmt":"2026-06-06T18:41:18","slug":"fete-des-myrtilles-a-vielsalm-2026-a-vielsalm-2026","status":"publish","type":"post","link":"https:\/\/www.europesays.com\/lu-fr\/14106\/","title":{"rendered":"F\u00eate des Myrtilles \u00e0 Vielsalm 2026 \u00e0 Vielsalm (2026)"},"content":{"rendered":"<p>DANS LA R\u00c9GIONProvince de Luxembourg<\/p>\n<p><a class=\"ilx-agenda-quickbar__cta\" href=\"https:\/\/www.info-lux.com\/category\/pays\/belgique\/wallonie\/province-de-luxembourg\/\" rel=\"nofollow noopener\" target=\"_blank\">Voir + <\/a><\/p>\n<p class=\"ilx-agenda-lead\">F\u00eate des myrtilles le 21 juillet 10h- March\u00e9 Artisanal 12h Animations 14h Cort\u00e8ge folklorique dans les rues du centre-ville, avec final comment\u00e9 dans le parc 20h Concert dans le Parc Communal 23h Feu d&rsquo;artifice 23h30 Afterparty Entr\u00e9e au cort\u00e8ge : 5\u20ac \u2013 Gratuit pour les enfants jusqu&rsquo;\u00e0 12 ans inclus.<\/p>\n<p class=\"ilx-agenda-lead\">Cet \u00e9v\u00e9nement se tient \u00e0 Vielsalm (province de Luxembourg) le 21 juillet 2026. Infos pratiques et acc\u00e8s ci-dessous.<\/p>\n<p class=\"ix-toc-title\">Sommaire<\/p>\n<p><a href=\"#infos-pratiques\">Infos pratiques<\/a><a href=\"#au-programme-de-fete-des-myrtilles-a-vielsalm-2026\">Au programme de F\u00eate des Myrtilles \u00e0 Vielsalm 2026<\/a><a href=\"#questions-frequentes\">Questions fr\u00e9quentes<\/a><a href=\"#autour-de-fete-des-myrtilles-a-vielsalm-2026\">Autour de F\u00eate des Myrtilles \u00e0 Vielsalm 2026<\/a><a href=\"#ilxResultTitle\">Votre diagnostic<\/a>Infos pratiques<\/p>\n<p>Quand<\/p>\n<p>2026-07-21 21 juillet 2026<\/p>\n<p>O\u00f9<\/p>\n<p>Vielsalm<br \/>6690 Vielsalm Vielsalm<\/p>\n<p>Au programme de F\u00eate des Myrtilles \u00e0 Vielsalm 2026<\/p>\n<p>F\u00eate des myrtilles le 21 juillet 10h- March\u00e9 Artisanal 12h Animations 14h Cort\u00e8ge folklorique dans les rues du centre-ville, avec final comment\u00e9 dans le parc 20h Concert dans le Parc Communal 23h Feu d&rsquo;artifice 23h30 Afterparty Entr\u00e9e au cort\u00e8ge : 5\u20ac \u2013 Gratuit pour les enfants jusqu&rsquo;\u00e0 12 ans inclus.<\/p>\n<p>Dates : 21 juillet 2026<br \/>\nProgramme complet et infos : site officiel<\/p>\n<p>Questions fr\u00e9quentes<br \/>\nQuand a lieu F\u00eate des Myrtilles \u00e0 Vielsalm 2026 ?<\/p>\n<p>21 juillet 2026, \u00e0 Vielsalm (province de Luxembourg).<\/p>\n<p>O\u00f9 se d\u00e9roule l&rsquo;\u00e9v\u00e9nement ?<\/p>\n<p>\u00c0 Vielsalm, en province de Luxembourg.<\/p>\n<p>L&rsquo;entr\u00e9e est-elle payante ?<\/p>\n<p>Information tarifaire \u00e0 confirmer aupr\u00e8s de l&rsquo;organisateur.<\/p>\n<p>Autour de F\u00eate des Myrtilles \u00e0 Vielsalm 2026<\/p>\n<p>Pour aller plus loin, d\u00e9couvrez <a href=\"https:\/\/www.info-lux.com\/que-faire-en-province-de-luxembourg-cet-ete-2026-le-guide-complet\/actualites\/\" rel=\"nofollow noopener\" target=\"_blank\">Que faire en province de Luxembourg cet \u00e9t\u00e9 2026<\/a>.<\/p>\n<p>Affiche officielle<\/p>\n<p><img loading=\"lazy\" decoding=\"async\" src=\"data:image\/svg+xml,%3Csvg%20xmlns=\" http:=\"\" alt=\"Affiche officielle F\u00eate des Myrtilles \u00e0 Vielsalm 2026\" width=\"1200\" height=\"675\" data-lazy-src=\"https:\/\/www.europesays.com\/lu-fr\/wp-content\/uploads\/2026\/06\/f-te-des-myrtilles-vielsalm-2026.jpg\"\/><img loading=\"lazy\" decoding=\"async\" src=\"https:\/\/www.europesays.com\/lu-fr\/wp-content\/uploads\/2026\/06\/f-te-des-myrtilles-vielsalm-2026.jpg\" alt=\"Affiche officielle F\u00eate des Myrtilles \u00e0 Vielsalm 2026\" width=\"1200\" height=\"675\"\/><\/p>\n<p class=\"ilx-agenda-poster__caption\">Via PIVOT \/ CGT Wallonie (licence CC-BY)<\/p>\n<p>&#13;<br \/>\n  &#13;<br \/>\n&#13;<\/p>\n<p>    &#13;<br \/>\n&#13;<br \/>\n      &#13;<br \/>\n        Vos coordonn\u00e9es&#13;<\/p>\n<p class=\"ilx-step-desc\">Indispensables pour vous envoyer votre diagnostic personnalis\u00e9.<\/p>\n<p>&#13;<br \/>\n&#13;<br \/>\n        &#13;<br \/>\n&#13;<\/p>\n<p>&#13;<br \/>\n          Adresse email *&#13;<br \/>\n          &#13;\n        <\/p>\n<p>&#13;<br \/>\n&#13;<\/p>\n<p>&#13;<br \/>\n          T\u00e9l\u00e9phone *&#13;<br \/>\n          &#13;\n        <\/p>\n<p>&#13;<br \/>\n&#13;<\/p>\n<p>&#13;<br \/>\n          Nom de l&rsquo;entreprise *&#13;<br \/>\n          &#13;\n        <\/p>\n<p>&#13;<br \/>\n&#13;<\/p>\n<p>&#13;<br \/>\n          Adresse de votre site web&#13;<br \/>\n          &#13;\n        <\/p>\n<p>&#13;<br \/>\n&#13;<br \/>\n        &#13;<br \/>\n      &#13;<br \/>\n&#13;<br \/>\n      &#13;<br \/>\n        Vos connaissances en r\u00e9f\u00e9rencement&#13;<\/p>\n<p class=\"ilx-step-desc\">Aucune mauvaise r\u00e9ponse \u2014 soyez honn\u00eate, le diagnostic n&rsquo;en sera que plus juste.<\/p>\n<p>&#13;<br \/>\n&#13;<br \/>\n        &#13;<br \/>\n&#13;<br \/>\n        &#13;<br \/>\n&#13;<br \/>\n        &#13;<br \/>\n&#13;<br \/>\n        &#13;<br \/>\n      &#13;<br \/>\n&#13;<br \/>\n      &#13;<br \/>\n        Votre visibilit\u00e9 actuelle&#13;<\/p>\n<p class=\"ilx-step-desc\">Comment vos prospects vous trouvent (ou non) aujourd&rsquo;hui.<\/p>\n<p>&#13;<br \/>\n&#13;<br \/>\n        &#13;<br \/>\n&#13;<br \/>\n        &#13;<br \/>\n&#13;<br \/>\n        &#13;<br \/>\n&#13;<br \/>\n        &#13;<br \/>\n&#13;<br \/>\n        &#13;<br \/>\n      &#13;<br \/>\n&#13;<br \/>\n      &#13;<br \/>\n        Vos objectifs&#13;<\/p>\n<p class=\"ilx-step-desc\">Pour orienter au mieux nos recommandations.<\/p>\n<p>&#13;<br \/>\n&#13;<br \/>\n        &#13;<br \/>\n&#13;<br \/>\n        &#13;<br \/>\n&#13;<br \/>\n        &#13;<br \/>\n&#13;<\/p>\n<p>&#13;<br \/>\n          Quelque chose d&rsquo;important \u00e0 nous signaler ?&#13;<br \/>\n          &#13;\n        <\/p>\n<p>&#13;<br \/>\n&#13;<\/p>\n<p>&#13;<br \/>\n          &#13;<br \/>\n            &#13;<br \/>\n            J&rsquo;accepte que mes donn\u00e9es soient utilis\u00e9es par Info-lux uniquement pour r\u00e9pondre \u00e0 ma demande, conform\u00e9ment au RGPD. *&#13;<br \/>\n          &#13;\n        <\/p>\n<p>&#13;<br \/>\n      &#13;<br \/>\n&#13;<br \/>\n      &#13;<\/p>\n<p>          Votre diagnostic<\/p>\n<p>            Recevez votre diagnostic personnalis\u00e9<\/p>\n<p>Vincent Gallez (fondateur Info-lux) vous recontacte sous 24 h ouvr\u00e9es avec un audit gratuit de votre visibilit\u00e9.<\/p>\n<p>&#13;<br \/>\n              Envoyer mes r\u00e9ponses&#13;\n            <\/p>\n<p>        &#13;<br \/>\n      &#13;<br \/>\n&#13;<\/p>\n<p>&#13;<br \/>\n        \u2190 Pr\u00e9c\u00e9dent&#13;<br \/>\n        Suivant \u2192&#13;\n      <\/p>\n<p>&#13;<br \/>\n&#13;<\/p>\n<p>  &#13;<\/p>\n<p>      Diagnostic gratuit Info-lux<br \/>\n      Et vous, quel est votre niveau de visibilit\u00e9 sur Google et les IA ?<\/p>\n<p class=\"ilx-quiz-cta__desc\">Faites le test : 12 questions cibl\u00e9es pour \u00e9valuer votre r\u00e9f\u00e9rencement (SEO, GEO, AEO) et recevoir un plan d&rsquo;action personnalis\u00e9 pour votre entreprise en province de Luxembourg ou en Wallonie.<\/p>\n<p>        Score sur 100<br \/>\n        Audit gratuit sous 24 h<br \/>\n        100 % anonyme<\/p>\n","protected":false},"excerpt":{"rendered":"DANS LA R\u00c9GIONProvince de Luxembourg Voir + F\u00eate des myrtilles le 21 juillet 10h- March\u00e9 Artisanal 12h Animations&hellip;\n","protected":false},"author":2,"featured_media":14107,"comment_status":"","ping_status":"","sticky":false,"template":"","format":"standard","meta":{"footnotes":"","_share_on_mastodon":"0"},"categories":[4],"tags":[402,2524,1410,3266,5,3260,2852],"class_list":["post-14106","post","type-post","status-publish","format-standard","has-post-thumbnail","category-luxembourg","tag-402","tag-agenda","tag-fete","tag-fete-des-myrtilles-a-vielsalm-2026","tag-luxembourg","tag-luxembourg-belgique","tag-vielsalm"],"share_on_mastodon":{"url":"https:\/\/pubeurope.com\/@lu_fr\/116704633551123383","error":""},"_links":{"self":[{"href":"https:\/\/www.europesays.com\/lu-fr\/wp-json\/wp\/v2\/posts\/14106","targetHints":{"allow":["GET"]}}],"collection":[{"href":"https:\/\/www.europesays.com\/lu-fr\/wp-json\/wp\/v2\/posts"}],"about":[{"href":"https:\/\/www.europesays.com\/lu-fr\/wp-json\/wp\/v2\/types\/post"}],"author":[{"embeddable":true,"href":"https:\/\/www.europesays.com\/lu-fr\/wp-json\/wp\/v2\/users\/2"}],"replies":[{"embeddable":true,"href":"https:\/\/www.europesays.com\/lu-fr\/wp-json\/wp\/v2\/comments?post=14106"}],"version-history":[{"count":0,"href":"https:\/\/www.europesays.com\/lu-fr\/wp-json\/wp\/v2\/posts\/14106\/revisions"}],"wp:featuredmedia":[{"embeddable":true,"href":"https:\/\/www.europesays.com\/lu-fr\/wp-json\/wp\/v2\/media\/14107"}],"wp:attachment":[{"href":"https:\/\/www.europesays.com\/lu-fr\/wp-json\/wp\/v2\/media?parent=14106"}],"wp:term":[{"taxonomy":"category","embeddable":true,"href":"https:\/\/www.europesays.com\/lu-fr\/wp-json\/wp\/v2\/categories?post=14106"},{"taxonomy":"post_tag","embeddable":true,"href":"https:\/\/www.europesays.com\/lu-fr\/wp-json\/wp\/v2\/tags?post=14106"}],"curies":[{"name":"wp","href":"https:\/\/api.w.org\/{rel}","templated":true}]}}