{"id":14984,"date":"2026-06-16T18:05:40","date_gmt":"2026-06-16T18:05:40","guid":{"rendered":"https:\/\/www.europesays.com\/lu-fr\/14984\/"},"modified":"2026-06-16T18:05:40","modified_gmt":"2026-06-16T18:05:40","slug":"jardins-parcs-remarquables-de-la-province-de-luxembourg","status":"publish","type":"post","link":"https:\/\/www.europesays.com\/lu-fr\/14984\/","title":{"rendered":"Jardins &#038; parcs remarquables de la province de Luxembourg"},"content":{"rendered":"<p class=\"ilx-cm-chapo\">La province de Luxembourg est un paradis pour les amateurs de jardins : arboretums centenaires, roseraies, parcs de ch\u00e2teaux, jardins paysagers labellis\u00e9s et grands parcs naturels. Voici 10 jardins et parcs remarquables \u00e0 visiter, de la Gaume \u00e0 la Famenne, class\u00e9s par th\u00e8me, avec carte interactive, infos pratiques v\u00e9rifi\u00e9es et acc\u00e8s direct \u00e0 chaque fiche. Donn\u00e9es issues des informations touristiques officielles de la Wallonie, recoup\u00e9es par info-lux.<\/p>\n<p>\ud83c\udf39 Jardins remarquables &amp; parcs de ch\u00e2teaux<\/p>\n<p><a href=\"https:\/\/www.info-lux.com\/parc-topiaires-durbuy\/\" rel=\"nofollow noopener\" target=\"_blank\"><img loading=\"lazy\" width=\"1024\" height=\"683\" decoding=\"async\" src=\"data:image\/svg+xml,%3Csvg%20xmlns=\" http:=\"\" alt=\"Sculptures de buis taill\u00e9 au Parc des Topiaires de Durbuy, province de Luxembourg\" title=\"Le Parc des Topiaires \u2014 Durbuy\" data-lazy-src=\"https:\/\/www.europesays.com\/lu-fr\/wp-content\/uploads\/2026\/06\/parc-topiaires-durbuy.webp\"\/><img width=\"1024\" height=\"683\" decoding=\"async\" src=\"https:\/\/www.europesays.com\/lu-fr\/wp-content\/uploads\/2026\/06\/parc-topiaires-durbuy.webp\" alt=\"Sculptures de buis taill\u00e9 au Parc des Topiaires de Durbuy, province de Luxembourg\" title=\"Le Parc des Topiaires \u2014 Durbuy\" loading=\"lazy\"\/><\/a><\/p>\n<p>Durbuy \u00b7 Famenne-Ardenne<br \/>\n<a href=\"https:\/\/www.info-lux.com\/parc-topiaires-durbuy\/\" rel=\"nofollow noopener\" target=\"_blank\">Le Parc des Topiaires<\/a><\/p>\n<p>\u00c0 deux pas de la vieille ville de Durbuy, le Parc des Topiaires aligne quelque 250 sculptures v\u00e9g\u00e9tales taill\u00e9es dans le buis : animaux, personnages, formes g\u00e9o\u2026<\/p>\n<p><a class=\"more\" href=\"https:\/\/www.info-lux.com\/parc-topiaires-durbuy\/\" rel=\"nofollow noopener\" target=\"_blank\">D\u00e9couvrir \u2192<\/a><\/p>\n<p><a href=\"https:\/\/www.info-lux.com\/jardin-cle-du-temps-marche-en-famenne\/\" rel=\"nofollow noopener\" target=\"_blank\"><img loading=\"lazy\" width=\"1200\" height=\"1600\" decoding=\"async\" src=\"data:image\/svg+xml,%3Csvg%20xmlns=\" http:=\"\" alt=\"All\u00e9es paysag\u00e9es et sculptures du Jardin \u00ab La Cl\u00e9 du Temps \u00bb \u00e0 Marche-en-Famenne, Jardin Remarquable\" title=\"Le Jardin \u00ab La Cl\u00e9 du Temps \u00bb \u2014 Marche-en-Famenne\" data-lazy-src=\"https:\/\/www.europesays.com\/lu-fr\/wp-content\/uploads\/2026\/06\/jardin-cle-du-temps-marche-en-famenn.webp\"\/><img width=\"1200\" height=\"1600\" decoding=\"async\" src=\"https:\/\/www.europesays.com\/lu-fr\/wp-content\/uploads\/2026\/06\/jardin-cle-du-temps-marche-en-famenn.webp\" alt=\"All\u00e9es paysag\u00e9es et sculptures du Jardin \u00ab La Cl\u00e9 du Temps \u00bb \u00e0 Marche-en-Famenne, Jardin Remarquable\" title=\"Le Jardin \u00ab La Cl\u00e9 du Temps \u00bb \u2014 Marche-en-Famenne\" loading=\"lazy\"\/><\/a><\/p>\n<p>Marche-en-Famenne \u00b7 Famenne-Ardenne<br \/>\n<a href=\"https:\/\/www.info-lux.com\/jardin-cle-du-temps-marche-en-famenne\/\" rel=\"nofollow noopener\" target=\"_blank\">Le Jardin \u00ab La Cl\u00e9 du Temps \u00bb<\/a><\/p>\n<p>\u00c0 On, sur les hauteurs de Marche-en-Famenne, \u00ab La Cl\u00e9 du Temps \u00bb d\u00e9roule plus d\u2019un hectare de jardin paysager labellis\u00e9 Jardin Remarquable : perspectives soign\u00e9\u2026<\/p>\n<p><a class=\"more\" href=\"https:\/\/www.info-lux.com\/jardin-cle-du-temps-marche-en-famenne\/\" rel=\"nofollow noopener\" target=\"_blank\">D\u00e9couvrir \u2192<\/a><\/p>\n<p>\ud83c\udf33 Arboretums &amp; jardins botaniques<\/p>\n<p><a href=\"https:\/\/www.info-lux.com\/arboretum-robert-lenoir-rendeux\/\" rel=\"nofollow noopener\" target=\"_blank\"><img loading=\"lazy\" width=\"1024\" height=\"576\" decoding=\"async\" src=\"data:image\/svg+xml,%3Csvg%20xmlns=\" http:=\"\" alt=\"Sentier et arbres remarquables de l\u2019arboretum Robert Lenoir \u00e0 Rendeux, province de Luxembourg\" title=\"L\u2019arboretum Robert Lenoir \u2014 Rendeux\" data-lazy-src=\"https:\/\/www.europesays.com\/lu-fr\/wp-content\/uploads\/2026\/06\/arboretum-robert-lenoir-rendeux.webp\"\/><img width=\"1024\" height=\"576\" decoding=\"async\" src=\"https:\/\/www.europesays.com\/lu-fr\/wp-content\/uploads\/2026\/06\/arboretum-robert-lenoir-rendeux.webp\" alt=\"Sentier et arbres remarquables de l\u2019arboretum Robert Lenoir \u00e0 Rendeux, province de Luxembourg\" title=\"L\u2019arboretum Robert Lenoir \u2014 Rendeux\" loading=\"lazy\"\/><\/a><\/p>\n<p>Rendeux \u00b7 Famenne-Ardenne<br \/>\n<a href=\"https:\/\/www.info-lux.com\/arboretum-robert-lenoir-rendeux\/\" rel=\"nofollow noopener\" target=\"_blank\">L\u2019arboretum Robert Lenoir<\/a><\/p>\n<p>Au lieu-dit Moulin de Bardonwez, l\u2019arboretum Robert Lenoir r\u00e9unit plus de 3 000 esp\u00e8ces et vari\u00e9t\u00e9s d\u2019arbres et de plantes venues des quatre coins du monde. C\u2019e\u2026<\/p>\n<p><a class=\"more\" href=\"https:\/\/www.info-lux.com\/arboretum-robert-lenoir-rendeux\/\" rel=\"nofollow noopener\" target=\"_blank\">D\u00e9couvrir \u2192<\/a><\/p>\n<p><a href=\"https:\/\/www.info-lux.com\/arboretum-bertrix\/\" rel=\"nofollow noopener\" target=\"_blank\"><img loading=\"lazy\" width=\"1200\" height=\"798\" decoding=\"async\" src=\"data:image\/svg+xml,%3Csvg%20xmlns=\" http:=\"\" alt=\"All\u00e9e de conif\u00e8res centenaires de l\u2019arboretum de Bertrix, Centre-Ardenne\" title=\"L\u2019arboretum de Bertrix \u2014 Bertrix\" data-lazy-src=\"https:\/\/www.europesays.com\/lu-fr\/wp-content\/uploads\/2026\/06\/arboretum-bertrix.webp\"\/><img width=\"1200\" height=\"798\" decoding=\"async\" src=\"https:\/\/www.europesays.com\/lu-fr\/wp-content\/uploads\/2026\/06\/arboretum-bertrix.webp\" alt=\"All\u00e9e de conif\u00e8res centenaires de l\u2019arboretum de Bertrix, Centre-Ardenne\" title=\"L\u2019arboretum de Bertrix \u2014 Bertrix\" loading=\"lazy\"\/><\/a><\/p>\n<p>Bertrix \u00b7 Centre-Ardenne<br \/>\n<a href=\"https:\/\/www.info-lux.com\/arboretum-bertrix\/\" rel=\"nofollow noopener\" target=\"_blank\">L\u2019arboretum de Bertrix<\/a><\/p>\n<p>Plant\u00e9 en 1914 \u00e0 420 m\u00e8tres d\u2019altitude, l\u2019arboretum de Bertrix d\u00e9ploie sur 4 hectares plus de 70 esp\u00e8ces d\u2019arbres rares (Asie, Europe, Am\u00e9rique du Nord) et 46 e\u2026<\/p>\n<p><a class=\"more\" href=\"https:\/\/www.info-lux.com\/arboretum-bertrix\/\" rel=\"nofollow noopener\" target=\"_blank\">D\u00e9couvrir \u2192<\/a><\/p>\n<p><a href=\"https:\/\/www.info-lux.com\/arboretum-gernelle-bouillon\/\" rel=\"nofollow noopener\" target=\"_blank\"><img loading=\"lazy\" width=\"680\" height=\"1024\" decoding=\"async\" src=\"data:image\/svg+xml,%3Csvg%20xmlns=\" http:=\"\" alt=\"S\u00e9quoias et arbres exotiques de l\u2019arboretum de la Gernelle \u00e0 Bouillon, vall\u00e9e de la Semois\" title=\"L\u2019arboretum de la Gernelle \u2014 Bouillon\" data-lazy-src=\"https:\/\/www.europesays.com\/lu-fr\/wp-content\/uploads\/2026\/06\/arboretum-gernelle-bouillon.webp\"\/><img width=\"680\" height=\"1024\" decoding=\"async\" src=\"https:\/\/www.europesays.com\/lu-fr\/wp-content\/uploads\/2026\/06\/arboretum-gernelle-bouillon.webp\" alt=\"S\u00e9quoias et arbres exotiques de l\u2019arboretum de la Gernelle \u00e0 Bouillon, vall\u00e9e de la Semois\" title=\"L\u2019arboretum de la Gernelle \u2014 Bouillon\" loading=\"lazy\"\/><\/a><\/p>\n<p>Bouillon \u00b7 Centre-Ardenne<br \/>\n<a href=\"https:\/\/www.info-lux.com\/arboretum-gernelle-bouillon\/\" rel=\"nofollow noopener\" target=\"_blank\">L\u2019arboretum de la Gernelle<\/a><\/p>\n<p>Cr\u00e9\u00e9 en 1906 et \u00e9tendu sur plus de deux hectares, l\u2019arboretum botanique et g\u00e9ographique de la Gernelle, \u00e0 Bouillon, rassemble pr\u00e8s de 150 esp\u00e8ces d\u2019arbres indig\u2026<\/p>\n<p><a class=\"more\" href=\"https:\/\/www.info-lux.com\/arboretum-gernelle-bouillon\/\" rel=\"nofollow noopener\" target=\"_blank\">D\u00e9couvrir \u2192<\/a><\/p>\n<p><a href=\"https:\/\/www.info-lux.com\/arboretum-frassem-arlon\/\" rel=\"nofollow noopener\" target=\"_blank\"><img loading=\"lazy\" width=\"1024\" height=\"682\" decoding=\"async\" src=\"data:image\/svg+xml,%3Csvg%20xmlns=\" http:=\"\" alt=\"\u00c9tang et arbres \u00e9tiquet\u00e9s de l\u2019arboretum de Frassem \u00e0 Arlon, Sud-Luxembourg\" title=\"L\u2019arboretum de Frassem \u2014 Arlon\" data-lazy-src=\"https:\/\/www.europesays.com\/lu-fr\/wp-content\/uploads\/2026\/06\/arboretum-frassem-arlon.webp\"\/><img width=\"1024\" height=\"682\" decoding=\"async\" src=\"https:\/\/www.europesays.com\/lu-fr\/wp-content\/uploads\/2026\/06\/arboretum-frassem-arlon.webp\" alt=\"\u00c9tang et arbres \u00e9tiquet\u00e9s de l\u2019arboretum de Frassem \u00e0 Arlon, Sud-Luxembourg\" title=\"L\u2019arboretum de Frassem \u2014 Arlon\" loading=\"lazy\"\/><\/a><\/p>\n<p>Arlon \u00b7 Sud-Luxembourg<br \/>\n<a href=\"https:\/\/www.info-lux.com\/arboretum-frassem-arlon\/\" rel=\"nofollow noopener\" target=\"_blank\">L\u2019arboretum de Frassem<\/a><\/p>\n<p>\u00c0 Frassem, en lisi\u00e8re d\u2019Arlon, cet arboretum de 2 hectares pr\u00e9sente plus de 50 essences d\u2019arbres et d\u2019arbustes de nos r\u00e9gions , chacune \u00e9tiquet\u00e9e. Un \u00e9tang creu\u2026<\/p>\n<p><a class=\"more\" href=\"https:\/\/www.info-lux.com\/arboretum-frassem-arlon\/\" rel=\"nofollow noopener\" target=\"_blank\">D\u00e9couvrir \u2192<\/a><\/p>\n<p>\ud83c\udf3f Jardins th\u00e9matiques &amp; potagers<\/p>\n<p><a href=\"https:\/\/www.info-lux.com\/roseraie-redoute-saint-hubert\/\" rel=\"nofollow noopener\" target=\"_blank\"><img loading=\"lazy\" width=\"1200\" height=\"900\" decoding=\"async\" src=\"data:image\/svg+xml,%3Csvg%20xmlns=\" http:=\"\" alt=\"Rosiers en fleurs de la roseraie Pierre-Joseph Redout\u00e9 \u00e0 Saint-Hubert, province de Luxembourg\" title=\"La roseraie Pierre-Joseph Redout\u00e9 \u2014 Saint-Hubert\" data-lazy-src=\"https:\/\/www.europesays.com\/lu-fr\/wp-content\/uploads\/2026\/06\/roseraie-redoute-saint-hubert.webp\"\/><img width=\"1200\" height=\"900\" decoding=\"async\" src=\"https:\/\/www.europesays.com\/lu-fr\/wp-content\/uploads\/2026\/06\/roseraie-redoute-saint-hubert.webp\" alt=\"Rosiers en fleurs de la roseraie Pierre-Joseph Redout\u00e9 \u00e0 Saint-Hubert, province de Luxembourg\" title=\"La roseraie Pierre-Joseph Redout\u00e9 \u2014 Saint-Hubert\" loading=\"lazy\"\/><\/a><\/p>\n<p>Saint-Hubert \u00b7 Centre-Ardenne<br \/>\n<a href=\"https:\/\/www.info-lux.com\/roseraie-redoute-saint-hubert\/\" rel=\"nofollow noopener\" target=\"_blank\">La roseraie Pierre-Joseph Redout\u00e9<\/a><\/p>\n<p>Saint-Hubert a plant\u00e9 une roseraie de pr\u00e8s de 500 rosiers en plus de 50 vari\u00e9t\u00e9s pour honorer son enfant le plus c\u00e9l\u00e8bre : Pierre-Joseph Redout\u00e9 (1759-1840), le\u2026<\/p>\n<p><a class=\"more\" href=\"https:\/\/www.info-lux.com\/roseraie-redoute-saint-hubert\/\" rel=\"nofollow noopener\" target=\"_blank\">D\u00e9couvrir \u2192<\/a><\/p>\n<p><a href=\"https:\/\/www.info-lux.com\/jardin-des-enchanteurs-virton\/\" rel=\"nofollow noopener\" target=\"_blank\"><img loading=\"lazy\" width=\"460\" height=\"345\" decoding=\"async\" src=\"data:image\/svg+xml,%3Csvg%20xmlns=\" http:=\"\" alt=\"Petits fruits et plantes m\u00e9dicinales du Jardin des enchanteurs \u00e0 Chenois, Virton, Gaume\" title=\"Le Jardin des enchanteurs \u2014 Virton\" data-lazy-src=\"https:\/\/www.europesays.com\/lu-fr\/wp-content\/uploads\/2026\/06\/jardin-des-enchanteurs-virton.webp\"\/><img width=\"460\" height=\"345\" decoding=\"async\" src=\"https:\/\/www.europesays.com\/lu-fr\/wp-content\/uploads\/2026\/06\/jardin-des-enchanteurs-virton.webp\" alt=\"Petits fruits et plantes m\u00e9dicinales du Jardin des enchanteurs \u00e0 Chenois, Virton, Gaume\" title=\"Le Jardin des enchanteurs \u2014 Virton\" loading=\"lazy\"\/><\/a><\/p>\n<p>Virton \u00b7 Gaume<br \/>\n<a href=\"https:\/\/www.info-lux.com\/jardin-des-enchanteurs-virton\/\" rel=\"nofollow noopener\" target=\"_blank\">Le Jardin des enchanteurs<\/a><\/p>\n<p>\u00c0 Chenois, pr\u00e8s de Virton, Jean-No\u00ebl Wagner cultive depuis 1987 un jardin de 1,5 hectare entre la Vire et le village : m\u00fbres, groseilles, cassis et plantes m\u00e9di\u2026<\/p>\n<p><a class=\"more\" href=\"https:\/\/www.info-lux.com\/jardin-des-enchanteurs-virton\/\" rel=\"nofollow noopener\" target=\"_blank\">D\u00e9couvrir \u2192<\/a><\/p>\n<p>\ud83c\udfde\ufe0f Parcs naturels &amp; espaces verts \u00e0 visiter<\/p>\n<p><a href=\"https:\/\/www.info-lux.com\/parc-chlorophylle-manhay\/\" rel=\"nofollow noopener\" target=\"_blank\"><img loading=\"lazy\" width=\"1024\" height=\"768\" decoding=\"async\" src=\"data:image\/svg+xml,%3Csvg%20xmlns=\" http:=\"\" alt=\"Passerelle dans les arbres et sentier ludique au Parc Chlorophylle de Dochamps, Manhay\" title=\"Le Parc Chlorophylle \u2014 Manhay\" data-lazy-src=\"https:\/\/www.europesays.com\/lu-fr\/wp-content\/uploads\/2026\/06\/parc-chlorophylle-manhay.webp\"\/><img width=\"1024\" height=\"768\" decoding=\"async\" src=\"https:\/\/www.europesays.com\/lu-fr\/wp-content\/uploads\/2026\/06\/parc-chlorophylle-manhay.webp\" alt=\"Passerelle dans les arbres et sentier ludique au Parc Chlorophylle de Dochamps, Manhay\" title=\"Le Parc Chlorophylle \u2014 Manhay\" loading=\"lazy\"\/><\/a><\/p>\n<p>Manhay \u00b7 Famenne-Ardenne<br \/>\n<a href=\"https:\/\/www.info-lux.com\/parc-chlorophylle-manhay\/\" rel=\"nofollow noopener\" target=\"_blank\">Le Parc Chlorophylle<\/a><\/p>\n<p>\u00c0 Dochamps, le Parc Chlorophylle est un parc forestier r\u00e9cr\u00e9atif et didactique o\u00f9 l\u2019on apprend la for\u00eat en jouant : sentiers th\u00e9matiques, passerelles dans les a\u2026<\/p>\n<p><a class=\"more\" href=\"https:\/\/www.info-lux.com\/parc-chlorophylle-manhay\/\" rel=\"nofollow noopener\" target=\"_blank\">D\u00e9couvrir \u2192<\/a><\/p>\n<p>\u2753 Questions fr\u00e9quentes<br \/>\nQuels sont les plus beaux jardins \u00e0 visiter en province de Luxembourg ?<\/p>\n<p>Parmi les incontournables : le Parc des Topiaires de Durbuy, l\u2019arboretum Robert Lenoir de Rendeux (le plus riche de Wallonie), le Jardin \u00ab La Cl\u00e9 du Temps \u00bb \u00e0 Marche-en-Famenne (label Jardin Remarquable), la roseraie Pierre-Joseph Redout\u00e9 \u00e0 Saint-Hubert et l\u2019arboretum de la Gernelle \u00e0 Bouillon.<\/p>\n<p>Quels jardins sont gratuits ?<\/p>\n<p>De nombreux sites sont en acc\u00e8s libre et gratuit : les arboretums de Rendeux, Bertrix, Bouillon et Frassem (Arlon), la roseraie de Saint-Hubert ou encore le parc du Kaolin \u00e0 Libin. D\u2019autres, comme le Parc des Topiaires ou le Parc Chlorophylle, sont payants.<\/p>\n<p>Y a-t-il des jardins remarquables labellis\u00e9s ?<\/p>\n<p>Oui, le Jardin \u00ab La Cl\u00e9 du Temps \u00bb \u00e0 On (Marche-en-Famenne) porte le label Jardin Remarquable et se visite lors de week-ends d\u2019ouverture programm\u00e9s.<\/p>\n<p>\ud83e\udded Le guide complet de la province de Luxembourg<\/p>\n<p>&#13;<br \/>\n  &#13;<br \/>\n&#13;<\/p>\n<p>    &#13;<br \/>\n&#13;<br \/>\n      &#13;<br \/>\n        Vos coordonn\u00e9es&#13;<\/p>\n<p class=\"ilx-step-desc\">Indispensables pour vous envoyer votre diagnostic personnalis\u00e9.<\/p>\n<p>&#13;<br \/>\n&#13;<br \/>\n        &#13;<br \/>\n&#13;<\/p>\n<p>&#13;<br \/>\n          Adresse email *&#13;<br \/>\n          &#13;\n        <\/p>\n<p>&#13;<br \/>\n&#13;<\/p>\n<p>&#13;<br \/>\n          T\u00e9l\u00e9phone *&#13;<br \/>\n          &#13;\n        <\/p>\n<p>&#13;<br \/>\n&#13;<\/p>\n<p>&#13;<br \/>\n          Nom de l&rsquo;entreprise *&#13;<br \/>\n          &#13;\n        <\/p>\n<p>&#13;<br \/>\n&#13;<\/p>\n<p>&#13;<br \/>\n          Adresse de votre site web&#13;<br \/>\n          &#13;\n        <\/p>\n<p>&#13;<br \/>\n&#13;<br \/>\n        &#13;<br \/>\n      &#13;<br \/>\n&#13;<br \/>\n      &#13;<br \/>\n        Vos connaissances en r\u00e9f\u00e9rencement&#13;<\/p>\n<p class=\"ilx-step-desc\">Aucune mauvaise r\u00e9ponse \u2014 soyez honn\u00eate, le diagnostic n&rsquo;en sera que plus juste.<\/p>\n<p>&#13;<br \/>\n&#13;<br \/>\n        &#13;<br \/>\n&#13;<br \/>\n        &#13;<br \/>\n&#13;<br \/>\n        &#13;<br \/>\n&#13;<br \/>\n        &#13;<br \/>\n      &#13;<br \/>\n&#13;<br \/>\n      &#13;<br \/>\n        Votre visibilit\u00e9 actuelle&#13;<\/p>\n<p class=\"ilx-step-desc\">Comment vos prospects vous trouvent (ou non) aujourd&rsquo;hui.<\/p>\n<p>&#13;<br \/>\n&#13;<br \/>\n        &#13;<br \/>\n&#13;<br \/>\n        &#13;<br \/>\n&#13;<br \/>\n        &#13;<br \/>\n&#13;<br \/>\n        &#13;<br \/>\n&#13;<br \/>\n        &#13;<br \/>\n      &#13;<br \/>\n&#13;<br \/>\n      &#13;<br \/>\n        Vos objectifs&#13;<\/p>\n<p class=\"ilx-step-desc\">Pour orienter au mieux nos recommandations.<\/p>\n<p>&#13;<br \/>\n&#13;<br \/>\n        &#13;<br \/>\n&#13;<br \/>\n        &#13;<br \/>\n&#13;<br \/>\n        &#13;<br \/>\n&#13;<\/p>\n<p>&#13;<br \/>\n          Quelque chose d&rsquo;important \u00e0 nous signaler ?&#13;<br \/>\n          &#13;\n        <\/p>\n<p>&#13;<br \/>\n&#13;<\/p>\n<p>&#13;<br \/>\n          &#13;<br \/>\n            &#13;<br \/>\n            J&rsquo;accepte que mes donn\u00e9es soient utilis\u00e9es par Info-lux uniquement pour r\u00e9pondre \u00e0 ma demande, conform\u00e9ment au RGPD. *&#13;<br \/>\n          &#13;\n        <\/p>\n<p>&#13;<br \/>\n      &#13;<br \/>\n&#13;<br \/>\n      &#13;<\/p>\n<p>          Votre diagnostic<\/p>\n<p>            Recevez votre diagnostic personnalis\u00e9<\/p>\n<p>Vincent Gallez (fondateur Info-lux) vous recontacte sous 24 h ouvr\u00e9es avec un audit gratuit de votre visibilit\u00e9.<\/p>\n<p>&#13;<br \/>\n              Envoyer mes r\u00e9ponses&#13;\n            <\/p>\n<p>        &#13;<br \/>\n      &#13;<br \/>\n&#13;<\/p>\n<p>&#13;<br \/>\n        \u2190 Pr\u00e9c\u00e9dent&#13;<br \/>\n        Suivant \u2192&#13;\n      <\/p>\n<p>&#13;<br \/>\n&#13;<\/p>\n<p>  &#13;<\/p>\n<p>      Diagnostic gratuit Info-lux<br \/>\n      Et vous, quel est votre niveau de visibilit\u00e9 sur Google et les IA ?<\/p>\n<p class=\"ilx-quiz-cta__desc\">Faites le test : 12 questions cibl\u00e9es pour \u00e9valuer votre r\u00e9f\u00e9rencement (SEO, GEO, AEO) et recevoir un plan d&rsquo;action personnalis\u00e9 pour votre entreprise en province de Luxembourg ou en Wallonie.<\/p>\n<p>        Score sur 100<br \/>\n        Audit gratuit sous 24 h<br \/>\n        100 % anonyme<\/p>\n","protected":false},"excerpt":{"rendered":"La province de Luxembourg est un paradis pour les amateurs de jardins : arboretums centenaires, roseraies, parcs de&hellip;\n","protected":false},"author":2,"featured_media":14985,"comment_status":"","ping_status":"","sticky":false,"template":"","format":"standard","meta":{"footnotes":"","_share_on_mastodon":"0"},"categories":[4],"tags":[3448,3449,5,3450,3410,1034,639],"class_list":["post-14984","post","type-post","status-publish","format-standard","has-post-thumbnail","category-luxembourg","tag-arboretum","tag-jardins","tag-luxembourg","tag-parcs","tag-pilier","tag-province-de-luxembourg","tag-tourisme"],"share_on_mastodon":{"url":"https:\/\/pubeurope.com\/@lu_fr\/116761115257609982","error":""},"_links":{"self":[{"href":"https:\/\/www.europesays.com\/lu-fr\/wp-json\/wp\/v2\/posts\/14984","targetHints":{"allow":["GET"]}}],"collection":[{"href":"https:\/\/www.europesays.com\/lu-fr\/wp-json\/wp\/v2\/posts"}],"about":[{"href":"https:\/\/www.europesays.com\/lu-fr\/wp-json\/wp\/v2\/types\/post"}],"author":[{"embeddable":true,"href":"https:\/\/www.europesays.com\/lu-fr\/wp-json\/wp\/v2\/users\/2"}],"replies":[{"embeddable":true,"href":"https:\/\/www.europesays.com\/lu-fr\/wp-json\/wp\/v2\/comments?post=14984"}],"version-history":[{"count":0,"href":"https:\/\/www.europesays.com\/lu-fr\/wp-json\/wp\/v2\/posts\/14984\/revisions"}],"wp:featuredmedia":[{"embeddable":true,"href":"https:\/\/www.europesays.com\/lu-fr\/wp-json\/wp\/v2\/media\/14985"}],"wp:attachment":[{"href":"https:\/\/www.europesays.com\/lu-fr\/wp-json\/wp\/v2\/media?parent=14984"}],"wp:term":[{"taxonomy":"category","embeddable":true,"href":"https:\/\/www.europesays.com\/lu-fr\/wp-json\/wp\/v2\/categories?post=14984"},{"taxonomy":"post_tag","embeddable":true,"href":"https:\/\/www.europesays.com\/lu-fr\/wp-json\/wp\/v2\/tags?post=14984"}],"curies":[{"name":"wp","href":"https:\/\/api.w.org\/{rel}","templated":true}]}}