{"id":16421,"date":"2026-07-01T13:28:10","date_gmt":"2026-07-01T13:28:10","guid":{"rendered":"https:\/\/www.europesays.com\/lu-fr\/16421\/"},"modified":"2026-07-01T13:28:10","modified_gmt":"2026-07-01T13:28:10","slug":"messancy-soffre-une-nouvelle-recrue-dexperience","status":"publish","type":"post","link":"https:\/\/www.europesays.com\/lu-fr\/16421\/","title":{"rendered":"Messancy s&rsquo;offre une nouvelle recrue d&rsquo;exp\u00e9rience"},"content":{"rendered":"<p class=\"ap-StoryElement ap-StoryElement--mb ap-StoryText\">Belgo-congolais, le nouveau renfort des Noir et Blanc viendra apporter son v\u00e9cu et son exp\u00e9rience au secteur offensif.<\/p>\n<p class=\"ap-StoryElement ap-StoryElement--mb ap-StoryText\">Le mercato de Messancy se poursuit. Le club lorrain s&rsquo;est cette fois attach\u00e9 les services de Bigen Yala Lusala, un ailier droit belgo-congolais de 33 ans qui apportera une solide dose d&rsquo;exp\u00e9rience au groupe. Form\u00e9 \u00e0 Anderlecht, o\u00f9 il a notamment \u00e9volu\u00e9 avec les U21, il a ensuite port\u00e9 les couleurs de Lokeren, du White Star Woluwe, de l&rsquo;UR La Louvi\u00e8re et d&rsquo;Eendracht Alost, avant de poursuivre sa carri\u00e8re au Luxembourg, successivement \u00e0 l&rsquo;US Hostert, au FC Wiltz 71 et, plus r\u00e9cemment, au SC Bettembourg<\/p>\n","protected":false},"excerpt":{"rendered":"Belgo-congolais, le nouveau renfort des Noir et Blanc viendra apporter son v\u00e9cu et son exp\u00e9rience au secteur offensif.&hellip;\n","protected":false},"author":2,"featured_media":16422,"comment_status":"","ping_status":"","sticky":false,"template":"","format":"standard","meta":{"footnotes":"","_share_on_mastodon":"0"},"categories":[4],"tags":[3702,23,2951,350,1158,351,266,2698,3703,3704,3705,5,3706,3707,3708,3709,3169,3710,1081,3711,3712,3713,1376,3714,3715,3716,1043,3717,3648,3718],"class_list":["post-16421","post","type-post","status-publish","format-standard","has-post-thumbnail","category-luxembourg","tag-didelebrun-lez","tag-23","tag-bord","tag-brussel","tag-brussels","tag-bruxelles","tag-circulation","tag-didier-lebrun","tag-fijn-stof","tag-lage-emissiezone","tag-luchtkwaliteit","tag-luxembourg","tag-p","tag-paneel","tag-panneau","tag-park-ride","tag-parking","tag-polluants","tag-pollution","tag-qualite-de-lair","tag-r","tag-sante-publique","tag-trafic","tag-verkeer","tag-vervuiling","tag-voertuig","tag-voiture","tag-volksgezondheid","tag-wagen","tag-zone-basses-emissions"],"share_on_mastodon":{"url":"https:\/\/pubeurope.com\/@lu_fr\/116844960584953827","error":""},"_links":{"self":[{"href":"https:\/\/www.europesays.com\/lu-fr\/wp-json\/wp\/v2\/posts\/16421","targetHints":{"allow":["GET"]}}],"collection":[{"href":"https:\/\/www.europesays.com\/lu-fr\/wp-json\/wp\/v2\/posts"}],"about":[{"href":"https:\/\/www.europesays.com\/lu-fr\/wp-json\/wp\/v2\/types\/post"}],"author":[{"embeddable":true,"href":"https:\/\/www.europesays.com\/lu-fr\/wp-json\/wp\/v2\/users\/2"}],"replies":[{"embeddable":true,"href":"https:\/\/www.europesays.com\/lu-fr\/wp-json\/wp\/v2\/comments?post=16421"}],"version-history":[{"count":0,"href":"https:\/\/www.europesays.com\/lu-fr\/wp-json\/wp\/v2\/posts\/16421\/revisions"}],"wp:featuredmedia":[{"embeddable":true,"href":"https:\/\/www.europesays.com\/lu-fr\/wp-json\/wp\/v2\/media\/16422"}],"wp:attachment":[{"href":"https:\/\/www.europesays.com\/lu-fr\/wp-json\/wp\/v2\/media?parent=16421"}],"wp:term":[{"taxonomy":"category","embeddable":true,"href":"https:\/\/www.europesays.com\/lu-fr\/wp-json\/wp\/v2\/categories?post=16421"},{"taxonomy":"post_tag","embeddable":true,"href":"https:\/\/www.europesays.com\/lu-fr\/wp-json\/wp\/v2\/tags?post=16421"}],"curies":[{"name":"wp","href":"https:\/\/api.w.org\/{rel}","templated":true}]}}