{"id":1727,"date":"2026-02-23T07:45:17","date_gmt":"2026-02-23T07:45:17","guid":{"rendered":"https:\/\/www.europesays.com\/lu-fr\/1727\/"},"modified":"2026-02-23T07:45:17","modified_gmt":"2026-02-23T07:45:17","slug":"trois-accidents-et-une-intervention-de-nettoyage-de-chaussee","status":"publish","type":"post","link":"https:\/\/www.europesays.com\/lu-fr\/1727\/","title":{"rendered":"trois accidents et une intervention de nettoyage de chauss\u00e9e"},"content":{"rendered":"\n<p>Le premier appel est tomb\u00e9 \u00e0 23h10 \u00e0 Erez\u00e9e. <a href=\"https:\/\/www.sudinfo.be\/id1112372\/article\/2026-02-21\/course-poursuite-marche-en-famenne-le-conducteur-de-25-ans-sest-livre-la-police\" class=\"r-stories--HyPlink\" id=\"Hyp-\" target=\"_blank\" rel=\"nofollow noopener\">Une voiture a \u00e9t\u00e9 impliqu\u00e9e dans un accident<\/a> rue des Chasseurs Ardennais. Les pompiers d\u2019Erez\u00e9e et de Vielsalm sont intervenus. Une personne a \u00e9t\u00e9 l\u00e9g\u00e8rement bless\u00e9e.<\/p>\n<p>Un peu plus tard, \u00e0 1h14, un nouvel accident s\u2019est produit sur l\u2019E411 \u00e0 hauteur de Villance, en direction de Bruxelles. Un seul v\u00e9hicule \u00e9tait en cause. Les pompiers de Bertrix ont pris en charge un bless\u00e9 l\u00e9ger.<\/p>\n<p>&#13;<br \/>\n&#13;<\/p>\n<p>La nuit ne s\u2019est pas arr\u00eat\u00e9e l\u00e0. \u00c0 4h45, les secours ont \u00e9t\u00e9 mobilis\u00e9s \u00e0 Framont pour un accident impliquant \u00e9galement un v\u00e9hicule. Les pompiers de Paliseul et de Bertrix se sont rendus sur place.<\/p>\n<p>&#13;<br \/>\n&#13;<\/p>\n<p>&#13;<br \/>\n&#13;<\/p>\n<p>&#13;<br \/>\n&#13;<\/p>\n<p>Enfin, \u00e0 5h40, les pompiers de Florenville sont intervenus rue de la Station pour proc\u00e9der au nettoyage de la chauss\u00e9e, vraisemblablement apr\u00e8s un incident ayant laiss\u00e9 des d\u00e9bris ou des fluides sur la route.<br \/>\nHeureusement, aucun bless\u00e9 grave n\u2019est \u00e0 d\u00e9plorer.<\/p>\n<p>    <a href=\"https:\/\/www.sudinfo.be\/videos\" class=\"r--video-link\" rel=\"nofollow noopener\" target=\"_blank\"><\/p>\n<p>    <\/a><\/p>\n<p>        <a href=\"https:\/\/www.sudinfo.be\/videos\" rel=\"nofollow noopener\" target=\"_blank\"> de videos<\/a><\/p>\n<p>\n  &#13;<br \/>\n  Lire aussi&#13;<br \/>\n  <a class=\"r-stories--link\" href=\"https:\/\/www.sudinfo.be\/id1112493\/article\/2026-02-21\/cedric-entrepreneur-bien-connu-de-la-region-de-paliseul-perdu-la-vie-percute-par\" rel=\"nofollow noopener\" target=\"_blank\">&#13;<\/p>\n<p>  <img decoding=\"async\" data-copyright=\"D.R\" class=\"r-img lazy\" data-  src=\"https:\/\/www.europesays.com\/lu-fr\/wp-content\/uploads\/2026\/02\/64161703.jpeg\" typeof=\"foaf:Image\" alt=\"L\u2019homme \u00e9tait bien connu de la r\u00e9gion de Paliseul.\"\/><img decoding=\"async\" class=\"r-img\" src=\"https:\/\/www.europesays.com\/lu-fr\/wp-content\/uploads\/2026\/02\/64161703.jpeg\" alt=\"L\u2019homme \u00e9tait bien connu de la r\u00e9gion de Paliseul.\"\/><br \/>\n        C\u00e9dric, entrepreneur bien connu de la r\u00e9gion de Paliseul, a perdu la vie percut\u00e9 par un train de marchandises&#13;<br \/>\n  <\/a>&#13;<br \/>\n&#13;<\/p>\n","protected":false},"excerpt":{"rendered":"Le premier appel est tomb\u00e9 \u00e0 23h10 \u00e0 Erez\u00e9e. Une voiture a \u00e9t\u00e9 impliqu\u00e9e dans un accident rue&hellip;\n","protected":false},"author":2,"featured_media":1728,"comment_status":"","ping_status":"","sticky":false,"template":"","format":"standard","meta":{"footnotes":"","_share_on_mastodon":"0"},"categories":[4],"tags":[360,464,469,467,5,468,230,465,466],"class_list":["post-1727","post","type-post","status-publish","format-standard","has-post-thumbnail","category-luxembourg","tag-accidents","tag-agitee","tag-chaussee","tag-intervention","tag-luxembourg","tag-nettoyage","tag-province","tag-routes","tag-trois"],"share_on_mastodon":{"url":"","error":""},"_links":{"self":[{"href":"https:\/\/www.europesays.com\/lu-fr\/wp-json\/wp\/v2\/posts\/1727","targetHints":{"allow":["GET"]}}],"collection":[{"href":"https:\/\/www.europesays.com\/lu-fr\/wp-json\/wp\/v2\/posts"}],"about":[{"href":"https:\/\/www.europesays.com\/lu-fr\/wp-json\/wp\/v2\/types\/post"}],"author":[{"embeddable":true,"href":"https:\/\/www.europesays.com\/lu-fr\/wp-json\/wp\/v2\/users\/2"}],"replies":[{"embeddable":true,"href":"https:\/\/www.europesays.com\/lu-fr\/wp-json\/wp\/v2\/comments?post=1727"}],"version-history":[{"count":0,"href":"https:\/\/www.europesays.com\/lu-fr\/wp-json\/wp\/v2\/posts\/1727\/revisions"}],"wp:featuredmedia":[{"embeddable":true,"href":"https:\/\/www.europesays.com\/lu-fr\/wp-json\/wp\/v2\/media\/1728"}],"wp:attachment":[{"href":"https:\/\/www.europesays.com\/lu-fr\/wp-json\/wp\/v2\/media?parent=1727"}],"wp:term":[{"taxonomy":"category","embeddable":true,"href":"https:\/\/www.europesays.com\/lu-fr\/wp-json\/wp\/v2\/categories?post=1727"},{"taxonomy":"post_tag","embeddable":true,"href":"https:\/\/www.europesays.com\/lu-fr\/wp-json\/wp\/v2\/tags?post=1727"}],"curies":[{"name":"wp","href":"https:\/\/api.w.org\/{rel}","templated":true}]}}