{"id":17315,"date":"2026-07-10T15:13:19","date_gmt":"2026-07-10T15:13:19","guid":{"rendered":"https:\/\/www.europesays.com\/lu-fr\/17315\/"},"modified":"2026-07-10T15:13:19","modified_gmt":"2026-07-10T15:13:19","slug":"les-meilleurs-hotels-du-luxembourg","status":"publish","type":"post","link":"https:\/\/www.europesays.com\/lu-fr\/17315\/","title":{"rendered":"Les meilleurs h\u00f4tels du Luxembourg"},"content":{"rendered":"<p>Souvent sous-estim\u00e9, le Luxembourg m\u00e9rite pourtant toute l\u2019attention des voyageurs en qu\u00eate d\u2019adresses singuli\u00e8res. Derri\u00e8re son apparente discr\u00e9tion, le pays r\u00e9v\u00e8le une h\u00f4tellerie raffin\u00e9e, au c\u0153ur de la capitale ou dans les paysages plus sauvages du nord.<\/p>\n<p>Le Clervaux<\/p>\n<p>Au nord du Luxembourg, au c\u0153ur des paysages sauvages des Ardennes luxembourgeoises o\u00f9 la petite ville de Clervaux d\u00e9ploie un charme naturel, ce <a href=\"https:\/\/vsd.fr\/tag\/hotel\/\" rel=\"nofollow noopener\" target=\"_blank\">boutique-h\u00f4tel 4 \u00e9toiles<\/a> promet une escapade bucolique et douce. <br \/>Il appartient au Groupe Excellence, qui dispose d\u2019une seconde adresse, Kroner Hotel, juste en face. L\u2019identit\u00e9 de l\u2019\u00e9tablissement repose sur son design o\u00f9 l\u2019Art d\u00e9co est dynamis\u00e9 par des touches baroques. Loin des grands resorts, on ne trouve ici que 22 suites, toutes uniques, avec un espace chambre, un coin salon et une salle de bains design avec douche italienne et baignoire. <\/p>\n<p><img loading=\"lazy\" decoding=\"async\" width=\"1024\" height=\"684\" src=\"data:image\/svg+xml,%3Csvg%20xmlns=\" http:=\"\" alt=\"\u00a9 Le Clervaux\" data-lazy- data-lazy- data-lazy-src=\"https:\/\/www.europesays.com\/lu-fr\/wp-content\/uploads\/2026\/07\/Suite-Clervaux-5-1024x684.jpg\"\/><img loading=\"lazy\" decoding=\"async\" width=\"1024\" height=\"684\" src=\"https:\/\/www.europesays.com\/lu-fr\/wp-content\/uploads\/2026\/07\/Suite-Clervaux-5-1024x684.jpg\" alt=\"\u00a9 Le Clervaux\"  \/><\/p>\n<p>\u00a9 Le Clervaux<\/p>\n<p>Dans la Suite Duplex, on dort \u00e0 l\u2019\u00e9tage sous un plafond mansard\u00e9 orn\u00e9 de jolies poutres en bois tandis que la Suite Excellence d\u00e9voile une magnifique baignoire en pierre naturelle ainsi qu\u2019un balcon. D\u2019autres offrent des bains \u00e0 bulles parfaites pour un moment de d\u00e9tente en solo ou en duo. <\/p>\n<p>Le bien-\u00eatre est d\u2019ailleurs \u00e0 l\u2019honneur dans le spa Cinq Mondes sur 800m\u00b2, compos\u00e9 d\u2019une piscine, d\u2019un sauna, d\u2019un hammam et de cabines de soin, ainsi qu\u2019une salle de soin. L\u2019acc\u00e8s est inclus gratuitement si la r\u00e9servation se fait directement sur le site de l\u2019h\u00f4tel. <br \/>Pour se restaurer, cap la Brasserie Koener (typiquement luxembourgeoise) et Le Chlo\u00e9 (un gastronomique fran\u00e7ais) du Kroner Hotel.<br \/>Il m\u00e9rite bien sa place dans notre collection des plus beaux <a href=\"https:\/\/www.yonder.fr\/les-tops\/hotels\/meilleurs-hotels-luxe-luxembourg\" target=\"_blank\" rel=\"noreferrer noopener nofollow\">h\u00f4tels du Luxembourg<\/a>.<\/p>\n<p>Villa P\u00e9trusse<\/p>\n<p>Perch\u00e9e sur les hauteurs de la vall\u00e9e de la P\u00e9trusse, en plein c\u0153ur de Luxembourg, la Villa P\u00e9trusse est une demeure du XIX\u00e8me si\u00e8cle, autrefois abandonn\u00e9e, qui a \u00e9t\u00e9 enti\u00e8rement restaur\u00e9e pour retrouver son \u00e9l\u00e9gance d\u2019origine &#8211; le d\u00e9cor contemporain est sign\u00e9 Tristan Auer. <br \/>Pens\u00e9e comme une maison bourgeoise plus que comme un h\u00f4tel, l\u2019<a href=\"https:\/\/vsd.fr\/tag\/luxe\/\" rel=\"nofollow noopener\" target=\"_blank\">\u00e9tablissement de luxe<\/a> estampill\u00e9 <a href=\"https:\/\/www.public.fr\/plus-beaux-chateaux-hotels\" rel=\"nofollow noopener\" target=\"_blank\">Relais &amp; Ch\u00e2teaux<\/a> s\u2019ouvre sur un parc arbor\u00e9 de 5 000m\u00b2. Il occupe les diff\u00e9rents espaces de l\u2019ancienne r\u00e9sidence familiale de la famille Baldauff : la Villa elle-m\u00eame, le Pavillon juste \u00e0 c\u00f4t\u00e9 et am\u00e9nag\u00e9 dans les anciennes \u00e9curies, et la cour int\u00e9rieure qui les relie. <\/p>\n<p><img loading=\"lazy\" decoding=\"async\" width=\"1024\" height=\"682\" src=\"data:image\/svg+xml,%3Csvg%20xmlns=\" http:=\"\" alt=\"\u00a9 Villa P\u00e9trusse\" data-lazy- data-lazy- data-lazy-src=\"https:\/\/www.europesays.com\/lu-fr\/wp-content\/uploads\/2026\/07\/villa_petrusse_tristan_auer__amaury_laparra_bd2-33-1024x682.jpg\"\/><img loading=\"lazy\" decoding=\"async\" width=\"1024\" height=\"682\" src=\"https:\/\/www.europesays.com\/lu-fr\/wp-content\/uploads\/2026\/07\/villa_petrusse_tristan_auer__amaury_laparra_bd2-33-1024x682.jpg\" alt=\"\u00a9 Villa P\u00e9trusse\"  \/><\/p>\n<p>\u00a9 Villa P\u00e9trusse<\/p>\n<p>L\u2019exp\u00e9rience s\u2019axe notamment autour des divers salons et du restaurant Le Lys o\u00f9 le chef Kim de Dood propose une cuisine franco-asiatique d\u00e9licate et inventive. Parmi ses plats signature, une r\u00e9interpr\u00e9tation de l\u2019anguille au vert belge avec de la truite fum\u00e9e locale, caviar et lait ribot ; une lotte yuzu kosho et lard ; ou encore un vol au vent de ris de veau fa\u00e7on Kim. Toujours dans une <a href=\"https:\/\/vsd.fr\/81186-hotels-escapade-romantique-en-france\/\" rel=\"nofollow noopener\" target=\"_blank\">ambiance romantique<\/a>, po\u00e9tique et royale, les 22 chambres et suites s\u2019habillent d\u2019objets chin\u00e9s, de grands tableaux d\u00e9licats, de murs haussmanniens avec chemin\u00e9e et de tapisseries fleuries. Toujours dans des teintes douces. Les massages prodigu\u00e9s au spa utilisent des produits Susanne Kaufmann ou Abiga\u00efl Bianconi, gages d\u2019un soin qualitatif.<\/p>\n<p>Luxembourg Marriott Hotel Alfa<\/p>\n<p>\u00c0 deux pas de la gare centrale de Luxembourg, le Luxembourg Marriott Hotel Alfa signe le retour en gr\u00e2ce d\u2019une adresse historique embl\u00e9matique. <br \/>\u00c9difi\u00e9 en 1930 par l\u2019architecte L\u00e9on Bouvart, ce b\u00e2timent au pass\u00e9 charg\u00e9 &#8211; il fut notamment le quartier g\u00e9n\u00e9ral des forces alli\u00e9es durant la Seconde Guerre mondiale &#8211; rena\u00eet aujourd\u2019hui sous l\u2019\u00e9gide de Marriott Bonvoy. <br \/>D\u00e8s l\u2019entr\u00e9e, le ton est donn\u00e9 : le lobby, pens\u00e9 dans l\u2019esprit Greatroom, revisite les codes de l\u2019Art d\u00e9co avec une palette contemporaine domin\u00e9e par des nuances de rose poudr\u00e9 et des lignes adoucies. L\u2019ensemble cr\u00e9e une atmosph\u00e8re \u00e9l\u00e9gante mais accessible, \u00e0 mi-chemin entre m\u00e9moire et modernit\u00e9. <\/p>\n<p><img loading=\"lazy\" decoding=\"async\" width=\"1024\" height=\"684\" src=\"data:image\/svg+xml,%3Csvg%20xmlns=\" http:=\"\" alt=\"\u00a9 Luxembourg Marriott Hotel Alfa\" data-lazy- data-lazy- data-lazy-src=\"https:\/\/www.europesays.com\/lu-fr\/wp-content\/uploads\/2026\/07\/Luxembourg-Marriott-Hotel-Alfa-grand-delux-room-15393_Classic-Hor-1024x684.jpg\"\/><img loading=\"lazy\" decoding=\"async\" width=\"1024\" height=\"684\" src=\"https:\/\/www.europesays.com\/lu-fr\/wp-content\/uploads\/2026\/07\/Luxembourg-Marriott-Hotel-Alfa-grand-delux-room-15393_Classic-Hor-1024x684.jpg\" alt=\"\u00a9 Luxembourg Marriott Hotel Alfa\"  \/><\/p>\n<p>\u00a9 Luxembourg Marriott Hotel Alfa<\/p>\n<p>Les 153 chambres privil\u00e9gient un confort sans faille, avec une approche fonctionnelle et rassurante typique des grandes enseignes, tout en conservant le cachet du lieu. <br \/>L\u2019exp\u00e9rience se prolonge au restaurant Alfa Brasserie, o\u00f9 une cuisine bourgeoise revisit\u00e9e met \u00e0 l\u2019honneur des classiques subtilement modernis\u00e9s. <br \/>Des salles de r\u00e9union, un bar lounge et un espace fitness compl\u00e8tent l\u2019offre.<\/p>\n<p>Hostellerie du Gr\u00fcnewald<\/p>\n<p>Situ\u00e9e \u00e0 Dommeldange, dans un quartier paisible et verdoyant \u00e0 quelques minutes du centre de Luxembourg, l\u2019Hostellerie du Gr\u00fcnewald incarne le renouveau d\u2019une adresse historique. <br \/>La reprise de l\u2019\u00e9tablissement en 2017 par Aline Bourscheid et Clovis Degrave marque une v\u00e9ritable renaissance pour cette institution centenaire, profond\u00e9ment ancr\u00e9e dans la tradition locale d\u2019hospitalit\u00e9. <\/p>\n<p><img loading=\"lazy\" decoding=\"async\" width=\"1024\" height=\"683\" src=\"data:image\/svg+xml,%3Csvg%20xmlns=\" http:=\"\" alt=\"\u00a9 Hostellerie du Gr\u00fcnewald\" data-lazy- data-lazy- data-lazy-src=\"https:\/\/www.europesays.com\/lu-fr\/wp-content\/uploads\/2026\/07\/Hostellerie-du-Grunewald14-1024x683.jpg\"\/><img loading=\"lazy\" decoding=\"async\" width=\"1024\" height=\"683\" src=\"https:\/\/www.europesays.com\/lu-fr\/wp-content\/uploads\/2026\/07\/Hostellerie-du-Grunewald14-1024x683.jpg\" alt=\"\u00a9 Hostellerie du Gr\u00fcnewald\"  \/><\/p>\n<p>\u00a9 Hostellerie du Gr\u00fcnewald<\/p>\n<p>La gastronomie en constitue le point d\u2019orgue. La Chef\u2019s Table, r\u00e9compens\u00e9e d\u2019une \u00e9toile Michelin, propose une exp\u00e9rience immersive o\u00f9 les chefs cuisinent devant le client autour de menus en 5 ou 8 services. Cette approche gastronomique est compl\u00e9t\u00e9e par d\u2019autres espaces culinaires : la brasserie, la terrasse et le bar. <br \/>Enfin, les 36 chambres restent on ne peut plus classiques mais dans un style \u00e9pur\u00e9 ma\u00eetris\u00e9 et confortable.<\/p>\n<p>H\u00f4tel Perrin<\/p>\n<p>\u00c0 premi\u00e8re vue, rien ne laisse vraiment deviner ce que cache l\u2019H\u00f4tel Perrin. <br \/>Install\u00e9 \u00e0 deux pas de la gare de Luxembourg, dans un environnement plut\u00f4t utilitaire, il dissimule derri\u00e8re sa fa\u00e7ade des ann\u00e9es 1930 une identit\u00e9 bien plus singuli\u00e8re. <br \/>Construit en 1932\/1933 par Michel Perrin et dessin\u00e9 par l\u2019architecte italien Louis Rossi, l\u2019\u00e9tablissement (anciennement Carlton) est rest\u00e9 familial. Ici, l\u2019Art d\u00e9co n\u2019est pas un simple clin d\u2019\u0153il d\u00e9coratif, c\u2019est une v\u00e9ritable signature. Le regard accroche les lignes g\u00e9om\u00e9triques, les motifs v\u00e9g\u00e9taux, les jeux de mati\u00e8res entre marbre, terrazzo et m\u00e9tal travaill\u00e9. Rien n\u2019est fig\u00e9 pour autant : la r\u00e9novation a su all\u00e9ger l\u2019ensemble, moderniser sans effacer. <\/p>\n<p><img loading=\"lazy\" decoding=\"async\" width=\"1024\" height=\"683\" src=\"data:image\/svg+xml,%3Csvg%20xmlns=\" http:=\"\" alt=\"\u00a9 H\u00f4tel Perrin\" data-lazy- data-lazy- data-lazy-src=\"https:\/\/www.europesays.com\/lu-fr\/wp-content\/uploads\/2026\/07\/hotel-perrin.jpg\"\/><img loading=\"lazy\" decoding=\"async\" width=\"1024\" height=\"683\" src=\"https:\/\/www.europesays.com\/lu-fr\/wp-content\/uploads\/2026\/07\/hotel-perrin.jpg\" alt=\"\u00a9 H\u00f4tel Perrin\"  \/><\/p>\n<p>\u00a9 H\u00f4tel Perrin<\/p>\n<p>Les 51 chambres sont r\u00e9parties sur 4 \u00e9tages. Elles ne cherchent pas \u00e0 impressionner, mais \u00e0 accueillir simplement, avec beaucoup de clart\u00e9. Pour les clients qui se demanderaient o\u00f9 d\u00eener, Madame Jeanette est un bar-restaurant proposant une cuisine latino-am\u00e9ricaine, accompagn\u00e9e de cocktails \u00e0 base de tequila et de mezcal. Les plats peuvent aussi \u00eatre command\u00e9s en chambre. A noter que l\u2019\u00e9crin ne dispose pas de spa.<\/p>\n<p>      Mentionn\u00e9s dans cet article<\/p>\n<p>Lire aussi<\/p>\n","protected":false},"excerpt":{"rendered":"Souvent sous-estim\u00e9, le Luxembourg m\u00e9rite pourtant toute l\u2019attention des voyageurs en qu\u00eate d\u2019adresses singuli\u00e8res. Derri\u00e8re son apparente discr\u00e9tion,&hellip;\n","protected":false},"author":2,"featured_media":17316,"comment_status":"","ping_status":"","sticky":false,"template":"","format":"standard","meta":{"footnotes":"","_share_on_mastodon":"0"},"categories":[4],"tags":[3874,3875,5,2179],"class_list":["post-17315","post","type-post","status-publish","format-standard","has-post-thumbnail","category-luxembourg","tag-hotel","tag-luxe","tag-luxembourg","tag-voyage"],"share_on_mastodon":{"url":"https:\/\/pubeurope.com\/@lu_fr\/116896334109479175","error":""},"_links":{"self":[{"href":"https:\/\/www.europesays.com\/lu-fr\/wp-json\/wp\/v2\/posts\/17315","targetHints":{"allow":["GET"]}}],"collection":[{"href":"https:\/\/www.europesays.com\/lu-fr\/wp-json\/wp\/v2\/posts"}],"about":[{"href":"https:\/\/www.europesays.com\/lu-fr\/wp-json\/wp\/v2\/types\/post"}],"author":[{"embeddable":true,"href":"https:\/\/www.europesays.com\/lu-fr\/wp-json\/wp\/v2\/users\/2"}],"replies":[{"embeddable":true,"href":"https:\/\/www.europesays.com\/lu-fr\/wp-json\/wp\/v2\/comments?post=17315"}],"version-history":[{"count":0,"href":"https:\/\/www.europesays.com\/lu-fr\/wp-json\/wp\/v2\/posts\/17315\/revisions"}],"wp:featuredmedia":[{"embeddable":true,"href":"https:\/\/www.europesays.com\/lu-fr\/wp-json\/wp\/v2\/media\/17316"}],"wp:attachment":[{"href":"https:\/\/www.europesays.com\/lu-fr\/wp-json\/wp\/v2\/media?parent=17315"}],"wp:term":[{"taxonomy":"category","embeddable":true,"href":"https:\/\/www.europesays.com\/lu-fr\/wp-json\/wp\/v2\/categories?post=17315"},{"taxonomy":"post_tag","embeddable":true,"href":"https:\/\/www.europesays.com\/lu-fr\/wp-json\/wp\/v2\/tags?post=17315"}],"curies":[{"name":"wp","href":"https:\/\/api.w.org\/{rel}","templated":true}]}}