{"id":17317,"date":"2026-07-10T15:15:28","date_gmt":"2026-07-10T15:15:28","guid":{"rendered":"https:\/\/www.europesays.com\/lu-fr\/17317\/"},"modified":"2026-07-10T15:15:28","modified_gmt":"2026-07-10T15:15:28","slug":"onde-de-choc-a-vielsalm-apres-le-deces-de-jerome-joseph-la-personne-la-plus-talentueuse-que-je-connaisse","status":"publish","type":"post","link":"https:\/\/www.europesays.com\/lu-fr\/17317\/","title":{"rendered":"Onde de choc \u00e0 Vielsalm apr\u00e8s le d\u00e9c\u00e8s de J\u00e9r\u00f4me Joseph: \u00ab\u00a0La personne la plus talentueuse que je connaisse\u00a0\u00bb"},"content":{"rendered":"<p class=\"ap-StoryElement ap-StoryElement--mb ap-StoryText\">Ce que retiendront celles et ceux qui l&rsquo;ont connu, c&rsquo;est surtout sa bienveillance et son d\u00e9vouement pour les autres. \u00ab\u00a0Son plus grand hobby, c&rsquo;\u00e9tait d&rsquo;aller \u00e0 la ferme chez Jean-Fran\u00e7ois, explique avec \u00e9motion son grand fr\u00e8re, R\u00e9my. J\u00e9r\u00f4me \u00e9tait courageux, pers\u00e9v\u00e9rant, \u00e0 l&rsquo;\u00e9coute, blagueur et toujours pr\u00eat \u00e0 aider. Si quelqu&rsquo;un lui faisait part d&rsquo;un probl\u00e8me, il r\u00e9pondait\u00a0\u00bbC&rsquo;est de l&rsquo;eau hein \u00e7a\u00a0\u00bb, et il trouvait une solution. C&rsquo;est la personne la plus talentueuse que je connaisse, il m&rsquo;a d&rsquo;ailleurs aid\u00e9 \u00e0 construire ma maison de A \u00e0 Z. Il aurait tout donn\u00e9 pour ceux qu&rsquo;il aimait. C&rsquo;\u00e9tait aussi le meilleur BOB pour nos soir\u00e9es.\u00a0\u00bb<\/p>\n<p class=\"ap-StoryElement ap-StoryElement--mb ap-StoryText\">Son patron a \u00e9galement tenu \u00e0 lui rendre un bel hommage. Depuis neuf ans, il faisait partie de l&rsquo;entreprise de toitures Bastin, \u00e0 Lierneux. \u00ab\u00a0Bien plus qu&rsquo;un ouvrier, il \u00e9tait devenu un v\u00e9ritable ami, explique son patron, Emile. J\u00e9r\u00f4me \u00e9tait quelqu&rsquo;un en qui on avait une totale confiance, il \u00e9tait comme un membre de notre famille. Il \u00e9tait toujours de bonne humeur, toujours pr\u00eat \u00e0 donner un coup de main. On pouvait compter sur lui en toutes circonstances. Son d\u00e9part laisse un immense vide. L&rsquo;atelier et chaque chantier ne seront plus jamais les m\u00eames sans son sourire, ses blagues et sa pr\u00e9sence. Nous garderons de lui le souvenir d&rsquo;un homme gentil, fort, courageux et toujours l\u00e0 pour les autres. Il va \u00e9norm\u00e9ment nous manquer.\u00a0\u00bb<\/p>\n<p>\u00ab\u00a0Chaque jour, nous avons esp\u00e9r\u00e9 et pens\u00e9 \u00e0 toi\u00a0\u00bb<\/p>\n<p class=\"ap-StoryElement ap-StoryElement--mb ap-StoryText\">J\u00e9r\u00f4me Joseph aura donc marqu\u00e9 les esprits de ceux qui l&rsquo;ont crois\u00e9. \u00ab\u00a0Ta force, ton courage et ta gentillesse n&rsquo;auront pas suffi, peut-on encore lire sur les r\u00e9seaux sociaux. Tu ne m\u00e9ritais pas toutes ces souffrances. Nous sommes bien petits face \u00e0 la grandeur de tes qualit\u00e9s. Chaque jour, nous avons esp\u00e9r\u00e9 et pens\u00e9 \u00e0 toi. J&rsquo;esp\u00e8re qu&rsquo;il existe un au-del\u00e0 o\u00f9 tu pourras continuer \u00e0 \u00eatre un exemple.\u00a0\u00bb<\/p>\n<p class=\"ap-StoryElement ap-StoryElement--mb ap-StoryText\">Beaucoup se sont aussi adress\u00e9s \u00e0 la famille. \u00ab\u00a0Il s&rsquo;est battu en ressentant tout votre amour. Vous avez \u00e9t\u00e9 exemplaires.\u00a0\u00bb<\/p>\n<p class=\"ap-StoryElement ap-StoryElement--mb ap-StoryText\">J\u00e9r\u00f4me Joseph laisse derri\u00e8re lui trois fr\u00e8res et de nombreux amis. La c\u00e9r\u00e9monie des fun\u00e9railles se tiendra en l&rsquo;\u00e9glise de Lierneux ce samedi 11\u00a0juillet \u00e0 10 h 30, o\u00f9 celles et ceux qui l&rsquo;ont aim\u00e9 pourront lui dire au revoir.<\/p>\n","protected":false},"excerpt":{"rendered":"Ce que retiendront celles et ceux qui l&rsquo;ont connu, c&rsquo;est surtout sa bienveillance et son d\u00e9vouement pour les&hellip;\n","protected":false},"author":2,"featured_media":17318,"comment_status":"","ping_status":"","sticky":false,"template":"","format":"standard","meta":{"footnotes":"","_share_on_mastodon":"0"},"categories":[4],"tags":[3876,5,2852],"class_list":["post-17317","post","type-post","status-publish","format-standard","has-post-thumbnail","category-luxembourg","tag-in-memoriam","tag-luxembourg","tag-vielsalm"],"share_on_mastodon":{"url":"https:\/\/pubeurope.com\/@lu_fr\/116896341838714468","error":""},"_links":{"self":[{"href":"https:\/\/www.europesays.com\/lu-fr\/wp-json\/wp\/v2\/posts\/17317","targetHints":{"allow":["GET"]}}],"collection":[{"href":"https:\/\/www.europesays.com\/lu-fr\/wp-json\/wp\/v2\/posts"}],"about":[{"href":"https:\/\/www.europesays.com\/lu-fr\/wp-json\/wp\/v2\/types\/post"}],"author":[{"embeddable":true,"href":"https:\/\/www.europesays.com\/lu-fr\/wp-json\/wp\/v2\/users\/2"}],"replies":[{"embeddable":true,"href":"https:\/\/www.europesays.com\/lu-fr\/wp-json\/wp\/v2\/comments?post=17317"}],"version-history":[{"count":0,"href":"https:\/\/www.europesays.com\/lu-fr\/wp-json\/wp\/v2\/posts\/17317\/revisions"}],"wp:featuredmedia":[{"embeddable":true,"href":"https:\/\/www.europesays.com\/lu-fr\/wp-json\/wp\/v2\/media\/17318"}],"wp:attachment":[{"href":"https:\/\/www.europesays.com\/lu-fr\/wp-json\/wp\/v2\/media?parent=17317"}],"wp:term":[{"taxonomy":"category","embeddable":true,"href":"https:\/\/www.europesays.com\/lu-fr\/wp-json\/wp\/v2\/categories?post=17317"},{"taxonomy":"post_tag","embeddable":true,"href":"https:\/\/www.europesays.com\/lu-fr\/wp-json\/wp\/v2\/tags?post=17317"}],"curies":[{"name":"wp","href":"https:\/\/api.w.org\/{rel}","templated":true}]}}