{"id":19127,"date":"2026-08-01T18:21:13","date_gmt":"2026-08-01T18:21:13","guid":{"rendered":"https:\/\/www.europesays.com\/lu-fr\/19127\/"},"modified":"2026-08-01T18:21:13","modified_gmt":"2026-08-01T18:21:13","slug":"photos-les-feminines-du-fc-metz-ecrasent-le-racing-luxembourg-apres-un-mauvas-depart","status":"publish","type":"post","link":"https:\/\/www.europesays.com\/lu-fr\/19127\/","title":{"rendered":"Photos. Les f\u00e9minines du FC Metz \u00e9crasent le Racing Luxembourg apr\u00e8s un mauvas d\u00e9part"},"content":{"rendered":"<p>Les joueuses du FC Metz recevaient le Racing Luxembourg, ce samedi, pour un match de pr\u00e9paration. Mauvais d\u00e9but pour les Mosellanes puisque les joueuses grand-ducales ouvraient la marque d\u00e8s la 2e minute. A la pause, le score restait \u00e9quilibr\u00e9 (2-2). Mais les prot\u00e9g\u00e9es de Lucas Guillaume ont ensuite pass\u00e9 la seconde, renversant la situation pour largement s&rsquo;imposer (7-2), notamment gr\u00e2ce \u00e0 un tripl\u00e9 de Zemzem.<\/p>\n","protected":false},"excerpt":{"rendered":"Les joueuses du FC Metz recevaient le Racing Luxembourg, ce samedi, pour un match de pr\u00e9paration. Mauvais d\u00e9but&hellip;\n","protected":false},"author":2,"featured_media":19128,"comment_status":"","ping_status":"","sticky":false,"template":"","format":"standard","meta":{"footnotes":"","_share_on_mastodon":"0"},"categories":[4],"tags":[1105,3897,12,1055,21,577,576,4029,5,1753,43,326],"class_list":["post-19127","post","type-post","status-publish","format-standard","has-post-thumbnail","category-luxembourg","tag-edition-metz-et-agglomeration","tag-fc-metz","tag-fil-info","tag-fil-info-sport","tag-football","tag-galerie-media","tag-galerie-photo","tag-galerie-sport","tag-luxembourg","tag-metz","tag-sport","tag-sport-lorrain"],"share_on_mastodon":{"url":"https:\/\/pubeurope.com\/@lu_fr\/117021644357007455","error":""},"_links":{"self":[{"href":"https:\/\/www.europesays.com\/lu-fr\/wp-json\/wp\/v2\/posts\/19127","targetHints":{"allow":["GET"]}}],"collection":[{"href":"https:\/\/www.europesays.com\/lu-fr\/wp-json\/wp\/v2\/posts"}],"about":[{"href":"https:\/\/www.europesays.com\/lu-fr\/wp-json\/wp\/v2\/types\/post"}],"author":[{"embeddable":true,"href":"https:\/\/www.europesays.com\/lu-fr\/wp-json\/wp\/v2\/users\/2"}],"replies":[{"embeddable":true,"href":"https:\/\/www.europesays.com\/lu-fr\/wp-json\/wp\/v2\/comments?post=19127"}],"version-history":[{"count":0,"href":"https:\/\/www.europesays.com\/lu-fr\/wp-json\/wp\/v2\/posts\/19127\/revisions"}],"wp:featuredmedia":[{"embeddable":true,"href":"https:\/\/www.europesays.com\/lu-fr\/wp-json\/wp\/v2\/media\/19128"}],"wp:attachment":[{"href":"https:\/\/www.europesays.com\/lu-fr\/wp-json\/wp\/v2\/media?parent=19127"}],"wp:term":[{"taxonomy":"category","embeddable":true,"href":"https:\/\/www.europesays.com\/lu-fr\/wp-json\/wp\/v2\/categories?post=19127"},{"taxonomy":"post_tag","embeddable":true,"href":"https:\/\/www.europesays.com\/lu-fr\/wp-json\/wp\/v2\/tags?post=19127"}],"curies":[{"name":"wp","href":"https:\/\/api.w.org\/{rel}","templated":true}]}}