{"id":20318,"date":"2026-08-17T07:41:33","date_gmt":"2026-08-17T07:41:33","guid":{"rendered":"https:\/\/www.europesays.com\/lu-fr\/20318\/"},"modified":"2026-08-17T07:41:33","modified_gmt":"2026-08-17T07:41:33","slug":"atelier-philo-de-septembre-a-aubange-2026","status":"publish","type":"post","link":"https:\/\/www.europesays.com\/lu-fr\/20318\/","title":{"rendered":"Atelier PHILO de septembre \u00e0 Aubange (2026)"},"content":{"rendered":"<p>DANS LA R\u00c9GIONProvince de Luxembourg<\/p>\n<p><a class=\"ilx-agenda-quickbar__cta\" href=\"https:\/\/www.info-lux.com\/category\/pays\/belgique\/wallonie\/province-de-luxembourg\/\" rel=\"nofollow noopener\" target=\"_blank\">Voir + <\/a><\/p>\n<p class=\"ilx-agenda-lead\">Et si on jouait aux philosophes ? La biblioth\u00e8que t\u2019invite \u00e0 un atelier extraordinaire o\u00f9 les questions sont plus importantes que les r\u00e9ponses ! Imagine un moment o\u00f9 tu peux poser toutes les questions qui te passent par la t\u00eate, m\u00eame celles qui semblent bizarres ou impossibles. Pendant une heure, nous allons ensemble transformer la r\u00e9flexion en une grande aventure. Tu d\u00e9couvriras que philosopher, ce n\u2019est pas compliqu\u00e9, c\u2019est simplement r\u00e9fl\u00e9chir avec ses yeux, son c\u0153ur et son imagination. Nous parlerons de pleins de sujets\u2026 mais pas comme en classe ! Ici, on discute, on \u00e9coute, on imagine. Alors, pr\u00eat \u00e0 devenir un petit philosophe ? L\u2019atelier PHILO est anim\u00e9 par Marianne Gosset de 14h \u00e0 15h dans la salle Jean Lebon, au 2e \u00e9tage de la biblioth\u00e8que d\u2019Athus. Conditions d\u2019acc\u00e8s Entr\u00e9e libre et gratuite. Pour tout renseignement, vous pouvez nous joindre par 063\/24.06.80 ou par athusbibliotheque@gmail.com<\/p>\n<p class=\"ilx-agenda-lead\">Cet \u00e9v\u00e9nement se tient \u00e0 Aubange le 23 septembre 2026, en Luxembourg. Infos pratiques et acc\u00e8s ci-dessous.<\/p>\n<p class=\"ix-toc-title\">Sommaire<\/p>\n<p><a href=\"#infos-pratiques\">Infos pratiques<\/a><a href=\"#au-programme-de-atelier-philo-de-septembre-bibliotheque-d-039-athus-2026\">Au programme de Atelier PHILO de septembre \u2014 Biblioth\u00e8que d&rsquo;Athus 2026<\/a><a href=\"#questions-frequentes\">Questions fr\u00e9quentes<\/a><a href=\"#ilxResultTitle\">Votre diagnostic<\/a>\ud83d\udccd O\u00f9 \u00e7a se passe<\/p>\n<p class=\"ilx-geo-situ__txt\">Cet \u00e9v\u00e9nement se d\u00e9roule \u00e0 Aubange, dans le secteur touristique Sud Luxembourg, en province de Luxembourg, en Wallonie (Belgique).<\/p>\n<p>Infos pratiques<\/p>\n<p>Quand<\/p>\n<p>mercredi 23 septembre 2026<br \/>14:00 23 septembre 2026<\/p>\n<p>O\u00f9<\/p>\n<p>Aubange<br \/>Grand Rue, 64<br \/>6791 Aubange Aubange<\/p>\n<p>Au programme de Atelier PHILO de septembre \u2014 Biblioth\u00e8que d&rsquo;Athus 2026<\/p>\n<p>Et si on jouait aux philosophes ? La biblioth\u00e8que t\u2019invite \u00e0 un atelier extraordinaire o\u00f9 les questions sont plus importantes que les r\u00e9ponses ! Imagine un moment o\u00f9 tu peux poser toutes les questions qui te passent par la t\u00eate, m\u00eame celles qui semblent bizarres ou impossibles. Pendant une heure, nous allons ensemble transformer la r\u00e9flexion en une grande aventure. Tu d\u00e9couvriras que philosopher, ce n\u2019est pas compliqu\u00e9, c\u2019est simplement r\u00e9fl\u00e9chir avec ses yeux, son c\u0153ur et son imagination. Nous parlerons de pleins de sujets\u2026 mais pas comme en classe ! Ici, on discute, on \u00e9coute, on imagine. Alors, pr\u00eat \u00e0 devenir un petit philosophe ? L\u2019atelier PHILO est anim\u00e9 par Marianne Gosset de 14h \u00e0 15h dans la salle Jean Lebon, au 2e \u00e9tage de la biblioth\u00e8que d\u2019Athus. Conditions d\u2019acc\u00e8s Entr\u00e9e libre et gratuite. Pour tout renseignement, vous pouvez nous joindre par 063\/24.06.80 ou par athusbibliotheque@gmail.com<\/p>\n<p>Dates : 23 septembre 2026<br \/>\nHoraire : \u00e0 partir de 14:00<br \/>\nProgramme complet et infos : site officiel de l&rsquo;organisateur<\/p>\n<p>Questions fr\u00e9quentes<br \/>\nQuand a lieu Atelier PHILO de septembre \u2014 Biblioth\u00e8que d&rsquo;Athus ?<\/p>\n<p>23 septembre 2026, \u00e0 partir de 14:00, \u00e0 Aubange (Luxembourg).<\/p>\n<p>O\u00f9 se d\u00e9roule l&rsquo;\u00e9v\u00e9nement ?<\/p>\n<p>\u00c0 Aubange, Grand Rue, 64, en Luxembourg.<\/p>\n<p>L&rsquo;entr\u00e9e est-elle payante ?<\/p>\n<p>Information tarifaire \u00e0 confirmer aupr\u00e8s de l&rsquo;organisateur.<\/p>\n","protected":false},"excerpt":{"rendered":"DANS LA R\u00c9GIONProvince de Luxembourg Voir + Et si on jouait aux philosophes ? La biblioth\u00e8que t\u2019invite \u00e0&hellip;\n","protected":false},"author":2,"featured_media":20319,"comment_status":"","ping_status":"","sticky":false,"template":"","format":"standard","meta":{"footnotes":"","_share_on_mastodon":"0"},"categories":[4],"tags":[402,2524,4577,672,203,5],"class_list":["post-20318","post","type-post","status-publish","format-standard","has-post-thumbnail","category-luxembourg","tag-402","tag-agenda","tag-atelier-philo-de-septembre-bibliotheque-dathus-2026","tag-aubange","tag-famille","tag-luxembourg"],"share_on_mastodon":{"url":"https:\/\/pubeurope.com\/@lu_fr\/117109724572985904","error":""},"_links":{"self":[{"href":"https:\/\/www.europesays.com\/lu-fr\/wp-json\/wp\/v2\/posts\/20318","targetHints":{"allow":["GET"]}}],"collection":[{"href":"https:\/\/www.europesays.com\/lu-fr\/wp-json\/wp\/v2\/posts"}],"about":[{"href":"https:\/\/www.europesays.com\/lu-fr\/wp-json\/wp\/v2\/types\/post"}],"author":[{"embeddable":true,"href":"https:\/\/www.europesays.com\/lu-fr\/wp-json\/wp\/v2\/users\/2"}],"replies":[{"embeddable":true,"href":"https:\/\/www.europesays.com\/lu-fr\/wp-json\/wp\/v2\/comments?post=20318"}],"version-history":[{"count":0,"href":"https:\/\/www.europesays.com\/lu-fr\/wp-json\/wp\/v2\/posts\/20318\/revisions"}],"wp:featuredmedia":[{"embeddable":true,"href":"https:\/\/www.europesays.com\/lu-fr\/wp-json\/wp\/v2\/media\/20319"}],"wp:attachment":[{"href":"https:\/\/www.europesays.com\/lu-fr\/wp-json\/wp\/v2\/media?parent=20318"}],"wp:term":[{"taxonomy":"category","embeddable":true,"href":"https:\/\/www.europesays.com\/lu-fr\/wp-json\/wp\/v2\/categories?post=20318"},{"taxonomy":"post_tag","embeddable":true,"href":"https:\/\/www.europesays.com\/lu-fr\/wp-json\/wp\/v2\/tags?post=20318"}],"curies":[{"name":"wp","href":"https:\/\/api.w.org\/{rel}","templated":true}]}}