{"id":21326,"date":"2026-08-27T19:05:13","date_gmt":"2026-08-27T19:05:13","guid":{"rendered":"https:\/\/www.europesays.com\/lu-fr\/21326\/"},"modified":"2026-08-27T19:05:13","modified_gmt":"2026-08-27T19:05:13","slug":"deux-trains-par-heure-en-heures-de-pointe-entre-marbehan-arlon-et-luxembourg-rendre-beaucoup-plus-accessible-le-train-aux-automobilistes","status":"publish","type":"post","link":"https:\/\/www.europesays.com\/lu-fr\/21326\/","title":{"rendered":"Deux trains par heure en heures de pointe entre Marbehan, Arlon et Luxembourg : \u00ab\u00a0Rendre beaucoup plus accessible le train aux automobilistes\u00a0\u00bb"},"content":{"rendered":"<p class=\"ap-StoryElement ap-StoryElement--mb ap-StoryText\">Parmi les annonces du jour, la SNCB a annonc\u00e9 un renforcement de l&rsquo;offre de trains depuis Marbehan avec un second train par heure de pointe le matin et soir, et ce, \u00e0 partir de d\u00e9cembre 2026. Pour la SNCB, c&rsquo;est la r\u00e9ponse pour d\u00e9charger au mieux la E411.<\/p>\n<p class=\"ap-StoryElement ap-StoryElement--mb ap-StoryText\">Un an apr\u00e8s une premi\u00e8re rencontre, la SNCB reste sur ses rails et privil\u00e9gie l&rsquo;option d&rsquo;un P + R \u00e0 Habay. Si d\u00e9j\u00e0 quelques 35 places de parking sont l\u00e0, les travaux pour la premi\u00e8re phase de 71 places derri\u00e8re la gare vont commencer cette ann\u00e9e.<\/p>\n<p class=\"ap-StoryElement ap-StoryElement--mb ap-StoryText\">Dans un second temps, on augmentera de 129 place de parking. L&rsquo;entreprise justifie cette r\u00e9ponse par une \u00e9tude qui invite \u00e0 privil\u00e9gier cette option avec un acc\u00e8s facile \u00e0 l&rsquo;autoroute plut\u00f4t que Viville.<\/p>\n<p class=\"ap-StoryElement ap-StoryElement--mb ap-StoryText\">Parmi d&rsquo;autres am\u00e9nagements, le rehaussement du quai un de la gare de Marbehan en d\u00e9cembre 2026, l&rsquo;accessibilit\u00e9 PMR de la gare d&rsquo;Arlon mais surtout un second couloir sous voies avec ascenseurs pour 4,7 millions d&rsquo;euros, d\u00e9but des travaux fin 2028.<\/p>\n<p class=\"ap-StoryElement ap-StoryElement--mb ap-StoryText\">Infrabel a \u00e9galement fait le point sur les travaux en cours sur l&rsquo;axe 3. D\u00e8s 2028, on annonce un gain de temps de 20 minutes sur la ligne pour les IC rapides.<\/p>\n<p>Toujours rien pour Viville<\/p>\n<p class=\"ap-StoryElement ap-StoryElement--mb ap-StoryText\">Par contre, celui qui esp\u00e9rait des avanc\u00e9es pour le<a href=\"https:\/\/www.lavenir.net\/regions\/luxembourg\/2025\/10\/22\/surprise-pour-le-p-r-ce-sera-a-habay-dabord-viville-reste-a-quai-WSZ75SDOZ5CLFMNTV3JQWBL47E\/\" target=\"_self\" rel=\"nofollow noopener\"> futur des anciens ateliers de Viville<\/a>, on a bien senti que le dossier restait tr\u00e8s \u00ab\u00a0touchy\u00a0\u00bb.<\/p>\n<p class=\"ap-StoryElement ap-StoryElement--mb ap-StoryText\">Il aura vraiment fallu attendre une question de l&rsquo;\u00e9chevin attertois Bottendorff pour que le sujet soit \u00e9voqu\u00e9. Le ministre a promis une r\u00e9union en septembre.<\/p>\n<p class=\"ap-StoryElement ap-StoryElement--mb ap-StoryText\">Dans la salle, les \u00e9lus arlonais auront \u00e9t\u00e9 tr\u00e8s dubitatifs quand un cadre de la SNCB a \u00e9voqu\u00e9 la probl\u00e9matique du parking d&rsquo;Arlon.<\/p>\n<p class=\"ap-StoryElement ap-StoryElement--mb ap-StoryText\">Selon la SNCB, gr\u00e2ce \u00e0 un travail pro-actif, la liste d&rsquo;attente ne serait plus que 70 places contre 382 en juillet 2025. 92 abonn\u00e9s ont obtenu une place tant attendue.<\/p>\n<p class=\"ap-StoryElement ap-StoryElement--mb ap-StoryText\">Quant au mayeur Magnus, il l&rsquo;a jou\u00e9 consensuel, en tout cas en public, comptant bien voir une avanc\u00e9e \u00e0 Viville fin septembre au cabinet du ministre.<\/p>\n<p>Yuriko Backes, ministre luxembourgeoise de la mobilit\u00e9 : \u00ab\u00a0Je ne me m\u00eale pas des histoires belges !\u00a0\u00bb<img loading=\"lazy\" decoding=\"async\" class=\"w-full lazyload lazyload--opacity object-contain\" style=\"aspect-ratio:188 \/ 100;opacity:1\" alt=\"sncb\" width=\"768\" height=\"410\" fetchpriority=\"auto\" src=\"https:\/\/www.europesays.com\/lu-fr\/wp-content\/uploads\/2026\/08\/1787857512_679_S5VKD3X55FFF3BW6V4SEHXNP7I.png\"  data- data-optimumx=\"1\"\/><img loading=\"lazy\" decoding=\"async\" src=\"https:\/\/www.europesays.com\/lu-fr\/wp-content\/uploads\/2026\/08\/F6KL4F7PAFGI3GL2RHIXVJWZA4.jpg\" width=\"768\" height=\"410\" alt=\"sncb\" class=\"absolute inset-0 w-full\"\/>La ministre luxembourgeoise de la mobilit\u00e9 Yuriko Backes \u00e9tait \u00e0 Arlon jeudi pour rencontre son homologue belge. \u00a9EDA<\/p>\n<p class=\"ap-StoryElement ap-StoryElement--mb ap-StoryText\">Yuriko Backes, vous \u00eates la ministre luxembourgeoise de la mobilit\u00e9, votre impression \u00e0 la sortie de cette r\u00e9union mobilit\u00e9 ?<\/p>\n<p class=\"ap-StoryElement ap-StoryElement--mb ap-StoryText\">C&rsquo;est tr\u00e8s important de se voir, d&rsquo;aller sur place. On avance par des mesures concr\u00e8tes dans l&rsquo;int\u00e9r\u00eat des citoyens.<\/p>\n<p class=\"ap-StoryElement ap-StoryElement--mb ap-StoryText\">Ce que vous avez vu \u00e0 Viville, vous en pensez quoi ?<\/p>\n<p class=\"ap-StoryElement ap-StoryElement--mb ap-StoryText\">Je ne veux pas me m\u00ealer des histoires belges, c&rsquo;est important d&rsquo;amener les gens \u00e0 prendre le train, de sortir de l&rsquo;autoroute. Si on a de bons P + R que ce soit \u00e0 Habay, \u00e0 Viville, je crois qu&rsquo;on peut faciliter la vie des frontaliers.<\/p>\n<p class=\"ap-StoryElement ap-StoryElement--mb ap-StoryText\">Il se chuchote que vous ne compreniez pas trop qu&rsquo;on laisse tomber en Belgique ce site de Viville qui se d\u00e9labre ?<\/p>\n<p class=\"ap-StoryElement ap-StoryElement--mb ap-StoryText\">On doit investir des deux c\u00f4t\u00e9s de la fronti\u00e8re. Du c\u00f4t\u00e9 belge, c&rsquo;est au gouvernement avec la SNCB, les autres acteurs de voir o\u00f9 cela fait du sens.<\/p>\n<p class=\"ap-StoryElement ap-StoryElement--mb ap-StoryText\">Par le pass\u00e9, on a dit que le Luxembourg \u00e9tait pr\u00eat \u00e0 investir en Belgique ?<\/p>\n<p class=\"ap-StoryElement ap-StoryElement--mb ap-StoryText\">Non, je crois qu&rsquo;on a les accords de Martelange comme cadre. Pour le reste, nous, on investit lourdement c\u00f4t\u00e9 luxembourgeois, aussi dans l&rsquo;int\u00e9r\u00eat des frontaliers belges.<\/p>\n<p>Crucke monte dans le train arlonais ?<\/p>\n<p class=\"ap-StoryElement ap-StoryElement--mb ap-StoryText\">La m\u00e9thode Crucke va-t-elle payer ? Avec sa gouaille, le ministre Engag\u00e9s semblait heureux d&rsquo;avoir pris le train et de descendre en Luxembourg. Blaguant autour de l&rsquo;Orval, s&rsquo;excusant d&rsquo;avoir oubli\u00e9 d&rsquo;inviter certains bourgmestres de Gaume comme lui aurait rappel\u00e9 la bourgmestre de Florenville.<\/p>\n<p class=\"ap-StoryElement ap-StoryElement--mb ap-StoryText\">Concernant le site de Viville, il voit dans ce lieu une solution de mobilit\u00e9. \u00ab\u00a0Mais aussi \u00e9conomique, industrielle et m\u00eame sociale. Mais ne brusquons pas les \u00e9tapes !\u00a0\u00bb, dit-il. Il a rappel\u00e9 qu&rsquo;il pouvait \u00eatre t\u00eatu !<\/p>\n<p class=\"ap-StoryElement ap-StoryElement--mb ap-StoryText\">Pas d&rsquo;annonce fracassante pour Viville donc. Et on sait que par le pass\u00e9 les tensions ont \u00e9t\u00e9 vives entre la SNCB et laVille d&rsquo;Arlon qui voit ce dossier pourrir. Les b\u00e2timents tombent en ruines, or la Ville a des projets dans la zone. Et ce ne sont pas les dix places de parking cr\u00e9\u00e9es par la SNCB r\u00e9cemment qui vont changer leur d\u00e9termination. La Ville pourrait avoir dans le chef du ministre un alli\u00e9. S\u00fbr que Magnus n&rsquo;aura pas manqu\u00e9 de souligner l&rsquo;\u00e9volution dans le futur de sa population.<\/p>\n<p class=\"ap-StoryElement ap-StoryElement--mb ap-StoryText\">La journ\u00e9e de ce jeudi aura au moins permis de mettre les acteurs autour de la table. SNCB, Infrabel, Ville, les deux ministres&#8230; et m\u00eame l&rsquo;annonce de se revoir fin septembre.<\/p>\n<p class=\"ap-StoryElement ap-StoryElement--mb ap-StoryText\">Quant \u00e0 la ministre luxembourgeoise, si elle se garde bien d&rsquo;intervenir dans un dossier \u00e9tranger, il se chuchote qu&rsquo;elle semble soutenir l&rsquo;initiative arlonaise.<\/p>\n<p class=\"ap-StoryElement ap-StoryElement--mb ap-StoryText\">Notons encore que le Virtonais Michel Mullens, l&rsquo;Aubangeois Fran\u00e7ois Kinard auront aussi fait du lobbying pour la ligne Sud-Luxembourg et en particulier pour la gare de Virton.<\/p>\n","protected":false},"excerpt":{"rendered":"Parmi les annonces du jour, la SNCB a annonc\u00e9 un renforcement de l&rsquo;offre de trains depuis Marbehan avec&hellip;\n","protected":false},"author":2,"featured_media":21327,"comment_status":"","ping_status":"","sticky":false,"template":"","format":"standard","meta":{"footnotes":"","_share_on_mastodon":"0"},"categories":[4],"tags":[5,259],"class_list":["post-21326","post","type-post","status-publish","format-standard","has-post-thumbnail","category-luxembourg","tag-luxembourg","tag-mobilite"],"share_on_mastodon":{"url":"https:\/\/pubeurope.com\/@lu_fr\/117169037840408274","error":""},"_links":{"self":[{"href":"https:\/\/www.europesays.com\/lu-fr\/wp-json\/wp\/v2\/posts\/21326","targetHints":{"allow":["GET"]}}],"collection":[{"href":"https:\/\/www.europesays.com\/lu-fr\/wp-json\/wp\/v2\/posts"}],"about":[{"href":"https:\/\/www.europesays.com\/lu-fr\/wp-json\/wp\/v2\/types\/post"}],"author":[{"embeddable":true,"href":"https:\/\/www.europesays.com\/lu-fr\/wp-json\/wp\/v2\/users\/2"}],"replies":[{"embeddable":true,"href":"https:\/\/www.europesays.com\/lu-fr\/wp-json\/wp\/v2\/comments?post=21326"}],"version-history":[{"count":0,"href":"https:\/\/www.europesays.com\/lu-fr\/wp-json\/wp\/v2\/posts\/21326\/revisions"}],"wp:featuredmedia":[{"embeddable":true,"href":"https:\/\/www.europesays.com\/lu-fr\/wp-json\/wp\/v2\/media\/21327"}],"wp:attachment":[{"href":"https:\/\/www.europesays.com\/lu-fr\/wp-json\/wp\/v2\/media?parent=21326"}],"wp:term":[{"taxonomy":"category","embeddable":true,"href":"https:\/\/www.europesays.com\/lu-fr\/wp-json\/wp\/v2\/categories?post=21326"},{"taxonomy":"post_tag","embeddable":true,"href":"https:\/\/www.europesays.com\/lu-fr\/wp-json\/wp\/v2\/tags?post=21326"}],"curies":[{"name":"wp","href":"https:\/\/api.w.org\/{rel}","templated":true}]}}