{"id":21348,"date":"2026-08-28T11:32:14","date_gmt":"2026-08-28T11:32:14","guid":{"rendered":"https:\/\/www.europesays.com\/lu-fr\/21348\/"},"modified":"2026-08-28T11:32:14","modified_gmt":"2026-08-28T11:32:14","slug":"foot-usbco-comment-theo-brusco-sintegre-t-il-dans-son-nouveau-vestiaire","status":"publish","type":"post","link":"https:\/\/www.europesays.com\/lu-fr\/21348\/","title":{"rendered":"Foot, USBCO : comment Th\u00e9o Brusco s\u2019int\u00e8gre-t-il dans son nouveau vestiaire ?"},"content":{"rendered":"<p><img decoding=\"async\" class=\"\" style=\"width:100%;max-width:100%\" src=\"https:\/\/www.europesays.com\/lu-fr\/wp-content\/uploads\/2026\/08\/Bruscooo1787906563978-format16by9.jpg\" alt=\"Th\u00e9o Brusco, fra\u00eechement arriv\u00e9 du Luxembourg, s'est bien adapt\u00e9 au club boulonnais.\"\/><\/p>\n<p>Th\u00e9o Brusco, fra\u00eechement arriv\u00e9 du Luxembourg, s&rsquo;est bien adapt\u00e9 au club boulonnais.<\/p>\n<p>Cr\u00e9dit : USBCO<\/p>\n<p data-syno-attrs=\"{&quot;textMarks&quot;:[{&quot;_&quot;:&quot;font_size&quot;,&quot;value&quot;:14},{&quot;_&quot;:&quot;font_family&quot;,&quot;complexScript&quot;:&quot;Times New Roman&quot;,&quot;eastAsia&quot;:&quot;Times New Roman&quot;,&quot;value&quot;:&quot;Times New Roman&quot;}]}\">Nouveau club, nouveau championnat, nouveau vestiaire\u2026<\/p>\n<p data-syno-attrs=\"{&quot;textMarks&quot;:[{&quot;_&quot;:&quot;font_size&quot;,&quot;value&quot;:14},{&quot;_&quot;:&quot;font_family&quot;,&quot;complexScript&quot;:&quot;Times New Roman&quot;,&quot;eastAsia&quot;:&quot;Times New Roman&quot;,&quot;value&quot;:&quot;Times New Roman&quot;}]}\">Th\u00e9o Brusco a beaucoup de choses \u00e0 d\u00e9couvrir depuis son arriv\u00e9e \u00e0 l\u2019USBCO cet \u00e9t\u00e9.<\/p>\n<p data-syno-attrs=\"{&quot;textMarks&quot;:[{&quot;_&quot;:&quot;font_size&quot;,&quot;value&quot;:14},{&quot;_&quot;:&quot;font_family&quot;,&quot;complexScript&quot;:&quot;Times New Roman&quot;,&quot;eastAsia&quot;:&quot;Times New Roman&quot;,&quot;value&quot;:&quot;Times New Roman&quot;}]}\">Apr\u00e8s six saisons pass\u00e9es au Luxembourg, \u00e0 Differdange, le d\u00e9fenseur central de 26 ans a pos\u00e9 ses valises \u00e0 Boulogne pour y vivre son premier v\u00e9ritable d\u00e9fi professionnel.<\/p>\n<p data-syno-attrs=\"{&quot;textMarks&quot;:[{&quot;_&quot;:&quot;font_size&quot;,&quot;value&quot;:14},{&quot;_&quot;:&quot;font_family&quot;,&quot;complexScript&quot;:&quot;Times New Roman&quot;,&quot;eastAsia&quot;:&quot;Times New Roman&quot;,&quot;value&quot;:&quot;Times New Roman&quot;}]}\">Et au-del\u00e0 du terrain, il faut d\u00e9sormais trouver sa place dans un groupe qu\u2019il ne connaissait pas, prendre ses rep\u00e8res et cr\u00e9er des automatismes avec ses nouveaux co\u00e9quipiers<\/p>\n<p data-syno-attrs=\"{&quot;textMarks&quot;:[{&quot;_&quot;:&quot;font_size&quot;,&quot;value&quot;:14},{&quot;_&quot;:&quot;font_family&quot;,&quot;complexScript&quot;:&quot;Times New Roman&quot;,&quot;eastAsia&quot;:&quot;Times New Roman&quot;,&quot;value&quot;:&quot;Times New Roman&quot;}]}\">Alors, comment se passe son int\u00e9gration chez les Rouge et Noir ? Nous lui avons pos\u00e9 la question..<\/p>\n<p data-syno-attrs=\"{&quot;textMarks&quot;:[{&quot;_&quot;:&quot;font_size&quot;,&quot;value&quot;:14},{&quot;_&quot;:&quot;font_family&quot;,&quot;complexScript&quot;:&quot;Times New Roman&quot;,&quot;eastAsia&quot;:&quot;Times New Roman&quot;,&quot;value&quot;:&quot;Times New Roman&quot;},{&quot;_&quot;:&quot;strong&quot;,&quot;value&quot;:false}]}\">Et pour poursuivre cette int\u00e9gration sous le maillot boulonnais, Th\u00e9o et ses co\u00e9quipiers ont rendez-vous ce soir sur la pelouse de Montpellier.<\/p>\n<p data-syno-attrs=\"{&quot;textMarks&quot;:[{&quot;_&quot;:&quot;font_size&quot;,&quot;value&quot;:14},{&quot;_&quot;:&quot;font_family&quot;,&quot;complexScript&quot;:&quot;Times New Roman&quot;,&quot;eastAsia&quot;:&quot;Times New Roman&quot;,&quot;value&quot;:&quot;Times New Roman&quot;},{&quot;_&quot;:&quot;strong&quot;,&quot;value&quot;:false}]}\">Direction le stade de la Mosson pour y affronter une \u00e9quipe h\u00e9raultaise qui n\u2019a toujours pas connu la d\u00e9faite cette saison, avec d\u00e9j\u00e0 7 points pris sur 9 possibles apr\u00e8s trois journ\u00e9es.<\/p>\n<p data-syno-attrs=\"{&quot;textMarks&quot;:[{&quot;_&quot;:&quot;font_size&quot;,&quot;value&quot;:14},{&quot;_&quot;:&quot;font_family&quot;,&quot;complexScript&quot;:&quot;Times New Roman&quot;,&quot;eastAsia&quot;:&quot;Times New Roman&quot;,&quot;value&quot;:&quot;Times New Roman&quot;},{&quot;_&quot;:&quot;strong&quot;,&quot;value&quot;:false}]}\">Coup d\u2019envoi \u00e0 20h.<\/p>\n","protected":false},"excerpt":{"rendered":"Th\u00e9o Brusco, fra\u00eechement arriv\u00e9 du Luxembourg, s&rsquo;est bien adapt\u00e9 au club boulonnais. Cr\u00e9dit : USBCO Nouveau club, nouveau&hellip;\n","protected":false},"author":2,"featured_media":21349,"comment_status":"","ping_status":"","sticky":false,"template":"","format":"standard","meta":{"footnotes":"","_share_on_mastodon":"0"},"categories":[4],"tags":[4749,4739,4748,4741,4751,4738,4747,4744,4746,4736,5,4750,3766,4737,4740,4742,4745,4743,4735,4734],"class_list":["post-21348","post","type-post","status-publish","format-standard","has-post-thumbnail","category-luxembourg","tag-automatisme-equipe","tag-boulogne","tag-championnat-francais","tag-coequipiers","tag-coup-denvoi","tag-defenseur-central","tag-differdange","tag-equipe-heraultaise","tag-football-luxembourg","tag-integration","tag-luxembourg","tag-match-a-lexterieur","tag-montpellier","tag-nouveau-vestiaire","tag-premier-defi-professionnel","tag-rouge-et-noir","tag-saison-invaincue","tag-stade-de-la-mosson","tag-theo-brusco","tag-usbco"],"share_on_mastodon":{"url":"https:\/\/pubeurope.com\/@lu_fr\/117172918337436025","error":""},"_links":{"self":[{"href":"https:\/\/www.europesays.com\/lu-fr\/wp-json\/wp\/v2\/posts\/21348","targetHints":{"allow":["GET"]}}],"collection":[{"href":"https:\/\/www.europesays.com\/lu-fr\/wp-json\/wp\/v2\/posts"}],"about":[{"href":"https:\/\/www.europesays.com\/lu-fr\/wp-json\/wp\/v2\/types\/post"}],"author":[{"embeddable":true,"href":"https:\/\/www.europesays.com\/lu-fr\/wp-json\/wp\/v2\/users\/2"}],"replies":[{"embeddable":true,"href":"https:\/\/www.europesays.com\/lu-fr\/wp-json\/wp\/v2\/comments?post=21348"}],"version-history":[{"count":0,"href":"https:\/\/www.europesays.com\/lu-fr\/wp-json\/wp\/v2\/posts\/21348\/revisions"}],"wp:featuredmedia":[{"embeddable":true,"href":"https:\/\/www.europesays.com\/lu-fr\/wp-json\/wp\/v2\/media\/21349"}],"wp:attachment":[{"href":"https:\/\/www.europesays.com\/lu-fr\/wp-json\/wp\/v2\/media?parent=21348"}],"wp:term":[{"taxonomy":"category","embeddable":true,"href":"https:\/\/www.europesays.com\/lu-fr\/wp-json\/wp\/v2\/categories?post=21348"},{"taxonomy":"post_tag","embeddable":true,"href":"https:\/\/www.europesays.com\/lu-fr\/wp-json\/wp\/v2\/tags?post=21348"}],"curies":[{"name":"wp","href":"https:\/\/api.w.org\/{rel}","templated":true}]}}