{"id":21436,"date":"2026-08-29T22:56:23","date_gmt":"2026-08-29T22:56:23","guid":{"rendered":"https:\/\/www.europesays.com\/lu-fr\/21436\/"},"modified":"2026-08-29T22:56:23","modified_gmt":"2026-08-29T22:56:23","slug":"neufchateau-elimine-en-coupe-de-belgique","status":"publish","type":"post","link":"https:\/\/www.europesays.com\/lu-fr\/21436\/","title":{"rendered":"Neufch\u00e2teau \u00e9limin\u00e9 en coupe de Belgique\u00a0"},"content":{"rendered":"<p class=\"ap-StoryElement ap-StoryElement--mb ap-StoryText\">Sous l&rsquo;impulsion de Geubel, Sprimont reprend ses distances \u00e0 la reprise (49-60). Le duo Sturam-Schadeck r\u00e9alise toutefois un 10-0 en moins de deux minutes et c&rsquo;est 59-60 \u00e0 la 26&prime;. Geubel r\u00e9pond avec trois missiles et les Li\u00e9geois se d\u00e9tachent \u00e0 nouveau : 60-69, 67-75 (30&prime;).<\/p>\n<p class=\"ap-StoryElement ap-StoryElement--mb ap-StoryText\">Neufch\u00e2teau se rapproche \u00e0 71-75, mais pas davantage. Sprimont g\u00e8re bien le dernier quart-temps, en profitant du laxisme de la d\u00e9fense ardennaise, et s&rsquo;impose logiquement : 82-93, 91-103 score final.<\/p>\n","protected":false},"excerpt":{"rendered":"Sous l&rsquo;impulsion de Geubel, Sprimont reprend ses distances \u00e0 la reprise (49-60). Le duo Sturam-Schadeck r\u00e9alise toutefois un&hellip;\n","protected":false},"author":2,"featured_media":21437,"comment_status":"","ping_status":"","sticky":false,"template":"","format":"standard","meta":{"footnotes":"","_share_on_mastodon":"0"},"categories":[4],"tags":[5,217,1651],"class_list":["post-21436","post","type-post","status-publish","format-standard","has-post-thumbnail","category-luxembourg","tag-luxembourg","tag-neufchateau","tag-sprimont"],"share_on_mastodon":{"url":"https:\/\/pubeurope.com\/@lu_fr\/117181270294784464","error":""},"_links":{"self":[{"href":"https:\/\/www.europesays.com\/lu-fr\/wp-json\/wp\/v2\/posts\/21436","targetHints":{"allow":["GET"]}}],"collection":[{"href":"https:\/\/www.europesays.com\/lu-fr\/wp-json\/wp\/v2\/posts"}],"about":[{"href":"https:\/\/www.europesays.com\/lu-fr\/wp-json\/wp\/v2\/types\/post"}],"author":[{"embeddable":true,"href":"https:\/\/www.europesays.com\/lu-fr\/wp-json\/wp\/v2\/users\/2"}],"replies":[{"embeddable":true,"href":"https:\/\/www.europesays.com\/lu-fr\/wp-json\/wp\/v2\/comments?post=21436"}],"version-history":[{"count":0,"href":"https:\/\/www.europesays.com\/lu-fr\/wp-json\/wp\/v2\/posts\/21436\/revisions"}],"wp:featuredmedia":[{"embeddable":true,"href":"https:\/\/www.europesays.com\/lu-fr\/wp-json\/wp\/v2\/media\/21437"}],"wp:attachment":[{"href":"https:\/\/www.europesays.com\/lu-fr\/wp-json\/wp\/v2\/media?parent=21436"}],"wp:term":[{"taxonomy":"category","embeddable":true,"href":"https:\/\/www.europesays.com\/lu-fr\/wp-json\/wp\/v2\/categories?post=21436"},{"taxonomy":"post_tag","embeddable":true,"href":"https:\/\/www.europesays.com\/lu-fr\/wp-json\/wp\/v2\/tags?post=21436"}],"curies":[{"name":"wp","href":"https:\/\/api.w.org\/{rel}","templated":true}]}}