{"id":21680,"date":"2026-09-02T13:09:10","date_gmt":"2026-09-02T13:09:10","guid":{"rendered":"https:\/\/www.europesays.com\/lu-fr\/21680\/"},"modified":"2026-09-02T13:09:10","modified_gmt":"2026-09-02T13:09:10","slug":"philippe-et-mathilde-de-belgique-stephanie-de-luxembourg-et-alois-et-sophie-de-liechtenstein-gravissent-le-glacier-de-stubai","status":"publish","type":"post","link":"https:\/\/www.europesays.com\/lu-fr\/21680\/","title":{"rendered":"Philippe et Mathilde de Belgique, St\u00e9phanie de Luxembourg et Alois et Sophie de Liechtenstein gravissent le glacier de Stubai"},"content":{"rendered":"<p class=\"mb-4 text-lg md:leading-8 break-words\">Comme chaque ann\u00e9e, les chefs d&rsquo;\u00c9tat des pays germanophones se sont retrouv\u00e9s, les 1er et 2 septembre, pour leur traditionnelle r\u00e9union informelle. Moins protocolaire dans l&rsquo;esprit, cette 22e \u00e9dition leur permet d&rsquo;\u00e9changer plus librement sur divers questions \u00e0 travers des s\u00e9ances de travail. Mais pas que ! Le pr\u00e9sident autrichien Alexander Van der Bellen, qui accueille cette fois-ci ses homologues \u00e0 Innsbruck, leur a r\u00e9serv\u00e9 une activit\u00e9 de plein air. Afin de leur faire d\u00e9couvrir le Tyrol, ils ont gravi le glacier de Stubai perch\u00e9 \u00e0 plus de 3\u202f200\u202fm d&rsquo;altitude.<\/p>\n<p><img alt=\"Sophie de Liechtenstein et Mathilde de Belgique au glacier de Stubai, en Autriche, le 1er septembre 2026.\" loading=\"lazy\" width=\"810\" height=\"540\" decoding=\"async\" data-nimg=\"1\" class=\"rounded-lg\" style=\"color:transparent\" src=\"https:\/\/www.europesays.com\/lu-fr\/wp-content\/uploads\/2026\/09\/https:\/\/media.zenfs.com\/fr\/point_de_vue_articles_436\/c9bf9929eb5ef1bdfaae343b33466e77.jpg\"\/><\/p>\n<p>La princesse h\u00e9r\u00e9ditaire Sophie de Liechtenstein et la reine Mathilde de Belgique. \u00a9 Johann Groder\/APA-Images\/ABACAPRESS.COM<\/p>\n<p><img alt=\"Le roi Philippe de Belgique \u00e0 Innsbruck, en Autriche, le 1er septembre 2026.\" loading=\"lazy\" width=\"810\" height=\"540\" decoding=\"async\" data-nimg=\"1\" class=\"rounded-lg\" style=\"color:transparent\" src=\"https:\/\/www.europesays.com\/lu-fr\/wp-content\/uploads\/2026\/09\/https:\/\/media.zenfs.com\/fr\/point_de_vue_articles_436\/a02a4cbb90db42eb81560fff94b22281.jpg\"\/><\/p>\n<p>Le roi Philippe de Belgique. \u00a9 Johann Groder\/APA-Images\/ABACAPRESS.COM<\/p>\n<p class=\"mb-4 text-lg md:leading-8 break-words\">Aux premi\u00e8res loges, le <a data-ylk=\"slk:roi Philippe;elm:context_link;itc:0;sec:content-canvas;\" data-yga=\"{&quot;yLinkElement&quot;:&quot;link&quot;,&quot;yLinkElementType&quot;:&quot;article_link&quot;}\" href=\"https:\/\/www.pointdevue.fr\/grand-angle\/biographies\/philippe-de-belgique\" rel=\"noopener noreferrer nofollow\" target=\"_blank\">roi Philippe<\/a> et la <a data-ylk=\"slk:reine Mathilde de Belgique;elm:context_link;itc:0;sec:content-canvas;\" data-yga=\"{&quot;yLinkElement&quot;:&quot;link&quot;,&quot;yLinkElementType&quot;:&quot;article_link&quot;}\" href=\"https:\/\/www.pointdevue.fr\/grand-angle\/biographies\/mathilde-de-belgique\" rel=\"noopener noreferrer nofollow\" target=\"_blank\">reine Mathilde de Belgique<\/a>, emmitoufl\u00e9s dans leur doudoune et lunettes de soleil sur le nez, ont pris part \u00e0 la marche avec entrain. \u00c0 leurs c\u00f4t\u00e9s, les pr\u00e9sidents de Suisse, d&rsquo;Allemagne et d&rsquo;Autriche, la <a data-ylk=\"slk:grande-duchesse St\u00e9phanie;elm:context_link;itc:0;sec:content-canvas;\" data-yga=\"{&quot;yLinkElement&quot;:&quot;link&quot;,&quot;yLinkElementType&quot;:&quot;article_link&quot;}\" href=\"https:\/\/www.pointdevue.fr\/grand-angle\/biographies\/stephanie-de-luxembourg\" rel=\"noopener noreferrer nofollow\" target=\"_blank\">grande-duchesse St\u00e9phanie<\/a> \u2013 premi\u00e8re fois qu&rsquo;elle participe \u00e0 cette r\u00e9union \u2013, le prince h\u00e9r\u00e9ditaire Alois et la princesse h\u00e9r\u00e9ditaire Sophie de Liechtenstein. Le <a data-ylk=\"slk:grand-duc de Luxembourg;elm:context_link;itc:0;sec:content-canvas;\" data-yga=\"{&quot;yLinkElement&quot;:&quot;link&quot;,&quot;yLinkElementType&quot;:&quot;article_link&quot;}\" href=\"https:\/\/www.pointdevue.fr\/grand-angle\/biographies\/guillaume-de-luxembourg\" rel=\"noopener noreferrer nofollow\" target=\"_blank\">grand-duc de Luxembourg<\/a> semble \u00eatre le seul du groupe \u00e0 avoir fait l&rsquo;impasse sur la visite&#8230;<\/p>\n<p><img alt=\"La grande-duchesse St\u00e9phanie de Luxembourg au glacier de Stubai, en Autriche, le 1er septembre 2026.\" loading=\"lazy\" width=\"810\" height=\"540\" decoding=\"async\" data-nimg=\"1\" class=\"rounded-lg\" style=\"color:transparent\" src=\"https:\/\/www.europesays.com\/lu-fr\/wp-content\/uploads\/2026\/09\/https:\/\/media.zenfs.com\/fr\/point_de_vue_articles_436\/2cb3642d7352d74b4418bab7002f9136.jpg\"\/><\/p>\n<p>La grande-duchesse St\u00e9phanie de Luxembourg. \u00a9 Johann Groder\/EXPA\/APA-Images\/ABACAPRESS.COM<\/p>\n<p><img alt=\"Alois de Liechtenstein, le pr\u00e9sident f\u00e9d\u00e9ral allemand Frank-Walter Steinmeier et Elke B\u00fcdenbender au glacier de Stubai, en Autriche, le 1er septembre 2026.\" loading=\"lazy\" width=\"810\" height=\"540\" decoding=\"async\" data-nimg=\"1\" class=\"rounded-lg\" style=\"color:transparent\" src=\"https:\/\/www.europesays.com\/lu-fr\/wp-content\/uploads\/2026\/09\/https:\/\/media.zenfs.com\/fr\/point_de_vue_articles_436\/5cc8eb528f05c6ad85d95596eb90ce57.jpg\"\/><\/p>\n<p>Le prince h\u00e9r\u00e9ditaire Alois de Liechtenstein, le pr\u00e9sident f\u00e9d\u00e9ral allemand Frank-Walter Steinmeier et Elke B\u00fcdenbender. \u00a9 Johann Groder\/EXPA\/APA-Images\/ABACAPRESS.COM<\/p>\n<p class=\"mb-4 text-lg md:leading-8 break-words\">Arriv\u00e9 au sommet, la t\u00eate dans les nuages, chacun se munit de son t\u00e9l\u00e9phone pour immortaliser la sc\u00e8ne. Sans oublier, bien s\u00fbr, d&rsquo;admirer le point de vue majestueux et d&rsquo;en apprendre davantage sur l&rsquo;endroit gr\u00e2ce au guide, immanquable dans sa doudoune jaune. L&rsquo;endroit id\u00e9al pour r\u00e9aliser une petite photo de famille avant de reprendre le chemin du travail.<\/p>\n<p><img alt=\"Le sommet des pays germanophones au glacier de Stubai en Autriche, le 1er septembre 2026.\" loading=\"lazy\" width=\"810\" height=\"540\" decoding=\"async\" data-nimg=\"1\" class=\"rounded-lg\" style=\"color:transparent\" src=\"https:\/\/www.europesays.com\/lu-fr\/wp-content\/uploads\/2026\/09\/https:\/\/media.zenfs.com\/fr\/point_de_vue_articles_436\/6c2e0eb7a9921a5729be58d5838714b0.jpg\"\/><\/p>\n<p>La 22e \u00e9dition du Sommet informel des pays germanophones. \u00a9 Johann Groder\/APA-Images\/ABACAPRESS.COM<\/p>\n<p class=\"mb-4 text-lg md:leading-8 break-words\">Lire aussi &gt;&gt; <a data-ylk=\"slk:Le prince Gabriel de Belgique renonce \u00e0 la finale de hockey pour sa formation de parachutiste-commando;elm:context_link;itc:0;sec:content-canvas;\" data-yga=\"{&quot;yLinkElement&quot;:&quot;link&quot;,&quot;yLinkElementType&quot;:&quot;article_link&quot;}\" href=\"https:\/\/www.pointdevue.fr\/royal\/belgique\/le-prince-gabriel-de-belgique-renonce-a-la-finale-de-hockey-pour-sa-formation-de-parachutiste-commando\" rel=\"noopener noreferrer nofollow\" target=\"_blank\">Le prince Gabriel de Belgique renonce \u00e0 la finale de hockey pour sa formation de parachutiste-commando<\/a><\/p>\n","protected":false},"excerpt":{"rendered":"Comme chaque ann\u00e9e, les chefs d&rsquo;\u00c9tat des pays germanophones se sont retrouv\u00e9s, les 1er et 2 septembre, pour&hellip;\n","protected":false},"author":2,"featured_media":21681,"comment_status":"","ping_status":"","sticky":false,"template":"","format":"standard","meta":{"footnotes":"","_share_on_mastodon":"0"},"categories":[4],"tags":[4815,4810,4811,4818,5,4817,2300,4819,4816,4814,4812,4813,338,327],"class_list":["post-21680","post","type-post","status-publish","format-standard","has-post-thumbnail","category-luxembourg","tag-alexander-van","tag-alois-de-liechtenstein","tag-alois-et-la-princesse","tag-bellen","tag-luxembourg","tag-mais-pas-que","tag-mathilde-de-belgique","tag-moins","tag-philippe","tag-philippe-de-belgique","tag-sophie-de-liechtenstein","tag-sophie-de-liechtenstein-et-la","tag-stephanie","tag-stephanie-de-luxembourg"],"share_on_mastodon":{"url":"https:\/\/pubeurope.com\/@lu_fr\/117201611493641893","error":""},"_links":{"self":[{"href":"https:\/\/www.europesays.com\/lu-fr\/wp-json\/wp\/v2\/posts\/21680","targetHints":{"allow":["GET"]}}],"collection":[{"href":"https:\/\/www.europesays.com\/lu-fr\/wp-json\/wp\/v2\/posts"}],"about":[{"href":"https:\/\/www.europesays.com\/lu-fr\/wp-json\/wp\/v2\/types\/post"}],"author":[{"embeddable":true,"href":"https:\/\/www.europesays.com\/lu-fr\/wp-json\/wp\/v2\/users\/2"}],"replies":[{"embeddable":true,"href":"https:\/\/www.europesays.com\/lu-fr\/wp-json\/wp\/v2\/comments?post=21680"}],"version-history":[{"count":0,"href":"https:\/\/www.europesays.com\/lu-fr\/wp-json\/wp\/v2\/posts\/21680\/revisions"}],"wp:featuredmedia":[{"embeddable":true,"href":"https:\/\/www.europesays.com\/lu-fr\/wp-json\/wp\/v2\/media\/21681"}],"wp:attachment":[{"href":"https:\/\/www.europesays.com\/lu-fr\/wp-json\/wp\/v2\/media?parent=21680"}],"wp:term":[{"taxonomy":"category","embeddable":true,"href":"https:\/\/www.europesays.com\/lu-fr\/wp-json\/wp\/v2\/categories?post=21680"},{"taxonomy":"post_tag","embeddable":true,"href":"https:\/\/www.europesays.com\/lu-fr\/wp-json\/wp\/v2\/tags?post=21680"}],"curies":[{"name":"wp","href":"https:\/\/api.w.org\/{rel}","templated":true}]}}