{"id":21808,"date":"2026-09-03T15:30:09","date_gmt":"2026-09-03T15:30:09","guid":{"rendered":"https:\/\/www.europesays.com\/lu-fr\/21808\/"},"modified":"2026-09-03T15:30:09","modified_gmt":"2026-09-03T15:30:09","slug":"les-eglises-arlonaises-visite-guidee-gratuite","status":"publish","type":"post","link":"https:\/\/www.europesays.com\/lu-fr\/21808\/","title":{"rendered":"Les \u00e9glises arlonaises : visite guid\u00e9e gratuite"},"content":{"rendered":"<p class=\"ilx-maj-auto\" style=\"font-size:.9em;color:#3e5a12;margin:0 0 1.1em;\">\ud83d\uddd3\ufe0f Mis \u00e0 jour le 3 septembre 2026<\/p>\n<p class=\"ilx-agenda-lead\">Saint-Donat, Sacr\u00e9-C\u0153ur, Saint-Martin\u00a0: trois \u00e9glises d&rsquo;Arlon en un seul circuit p\u00e9destre guid\u00e9, le samedi 12 septembre, pour les Journ\u00e9es du patrimoine.<\/p>\n<p class=\"ix-toc-title\">Sommaire<\/p>\n<p><a href=\"#infos-pratiques\">Infos pratiques<\/a><a href=\"#comment-se-rendre-a-les-eglises-arlonaises\">Comment se rendre \u00e0 Les \u00e9glises arlonaises<\/a><a href=\"#trois-edifices-un-seul-parcours-a-pied\">Trois \u00e9difices, un seul parcours \u00e0 pied<\/a><a href=\"#le-rendez-vous\">Le rendez-vous<\/a><a href=\"#infos-pratiques-2\">Infos pratiques<\/a><a href=\"#y-aller\">Y aller<\/a><a href=\"#les-autres-visites-des-journees-du-patrimoine-a-arlon\">Les autres visites des Journ\u00e9es du patrimoine \u00e0 Arlon<\/a><a href=\"#questions-frequentes\">Questions fr\u00e9quentes<\/a><a href=\"#ilxResultTitle\">Votre diagnostic<\/a>\ud83d\udccd O\u00f9 \u00e7a se passe<\/p>\n<p class=\"ilx-geo-situ__txt\">Cet \u00e9v\u00e9nement se d\u00e9roule \u00e0 Arlon, dans le secteur touristique Sud Luxembourg, en province de Luxembourg, en Wallonie (Belgique).<\/p>\n<p>Infos pratiques<\/p>\n<p>Quand<\/p>\n<p>samedi 12 septembre 2026 \u00e0 14h30<br \/>samedi 12 septembre de 14 h 30 \u00e0 16 h 30<\/p>\n<p>O\u00f9<\/p>\n<p>D\u00e9part \u00e0 l&rsquo;\u00e9glise du Sacr\u00e9-C\u0153ur<br \/>D\u00e9part \u00e0 l&rsquo;\u00e9glise du Sacr\u00e9-C\u0153ur<br \/>6700 Arlon<\/p>\n<p>Acc\u00e8s train<\/p>\n<p>Arlon est desservie par la ligne 162 (Bruxelles \u2013 Namur \u2013 Libramont \u2013 Arlon)\u00a0: comptez une trentaine de minutes depuis Libramont et environ trois quarts d&rsquo;heure depuis Bertrix via Libramont. Depuis la gare d&rsquo;Arlon, le centre historique se rejoint \u00e0 pied en une dizaine de minutes. En voiture, sortie 31 de l&rsquo;E411\/E25.<\/p>\n<p>Organisateur<\/p>\n<p>Royal Office du Tourisme d&rsquo;Arlon \u2014 rue des Faubourgs 2, 6700 Arlon \u2014 063 21 63 60 \u2014 info@visitarlon.be<\/p>\n<p>En train \/ bus : Arlon est desservie par la ligne 162 (Bruxelles \u2013 Namur \u2013 Libramont \u2013 Arlon)\u00a0: comptez une trentaine de minutes depuis Libramont et environ trois quarts d&rsquo;heure depuis Bertrix via Libramont. Depuis la gare d&rsquo;Arlon, le centre historique se rejoint \u00e0 pied en une dizaine de minutes. En voiture, sortie 31 de l&rsquo;E411\/E25.<\/p>\n<p>Trois \u00e9difices, un seul parcours \u00e0 pied<\/p>\n<p>Le circuit relie les trois \u00e9glises d\u2019Arlon \u2014 chacune avec son \u00e9poque, son style et son r\u00f4le dans la ville.<\/p>\n<p>Saint-Donat, sur la butte qui domine Arlon\u00a0;<br \/>\nle Sacr\u00e9-C\u0153ur, point de d\u00e9part de la visite\u00a0;<br \/>\nSaint-Martin, l\u2019imposante \u00e9glise du Square Albert Ier.<\/p>\n<p>La formule est p\u00e9destre\u00a0: le groupe se d\u00e9place d\u2019un \u00e9difice \u00e0 l\u2019autre en compagnie du guide, ce qui permet aussi de lire la ville entre deux \u00e9tapes.<\/p>\n<p>Le rendez-vous<\/p>\n<p>D\u00e9part \u00e0 l\u2019\u00e9glise du Sacr\u00e9-C\u0153ur, le samedi 12 septembre \u00e0 14 h 30. Comptez deux heures.<\/p>\n<p>Infos pratiques<\/p>\n<p>Quand<br \/>\nsamedi 12 septembre de 14 h 30 \u00e0 16 h 30<\/p>\n<p>Rendez-vous<br \/>\nD\u00e9part \u00e0 l\u2019\u00e9glise du Sacr\u00e9-C\u0153ur, Arlon<\/p>\n<p>Combien<br \/>\nGratuit \u2014 les visites guid\u00e9es des Journ\u00e9es du patrimoine sont gratuites<\/p>\n<p>Infos et inscriptions<br \/>\nRoyal Office du Tourisme d\u2019Arlon \u2014 rue des Faubourgs 2, 6700 Arlon \u2014 063 21 63 60 \u2014 info@visitarlon.be<\/p>\n<p>Y aller<\/p>\n<p>Arlon est desservie par la ligne 162 (Bruxelles \u2013 Namur \u2013 Libramont \u2013 Arlon)\u00a0: comptez une trentaine de minutes depuis Libramont et environ trois quarts d\u2019heure depuis Bertrix via Libramont. Depuis la gare d\u2019Arlon, le centre historique se rejoint \u00e0 pied en une dizaine de minutes. En voiture, sortie 31 de l\u2019E411\/E25.<\/p>\n<p>Les autres visites des Journ\u00e9es du patrimoine \u00e0 Arlon<\/p>\n<p>Le Royal Office du Tourisme d\u2019Arlon propose cinq visites guid\u00e9es les 12 et 13 septembre. Retrouvez-les toutes dans <a href=\"https:\/\/www.info-lux.com\/journees-du-patrimoine-2026-arlon-visites-guidees\/\" rel=\"nofollow noopener\" target=\"_blank\">notre guide des Journ\u00e9es du patrimoine 2026 \u00e0 Arlon<\/a>\u00a0:<\/p>\n<p>Questions fr\u00e9quentes<br \/>\nQuand a lieu la visite \u00ab\u00a0Les \u00e9glises arlonaises\u00a0\u00bb\u00a0?<\/p>\n<p>Samedi 12 septembre de 14 h 30 \u00e0 16 h 30.<\/p>\n<p>O\u00f9 est le rendez-vous\u00a0?<\/p>\n<p>D\u00e9part \u00e0 l\u2019\u00e9glise du Sacr\u00e9-C\u0153ur, \u00e0 Arlon.<\/p>\n<p>La visite est-elle payante\u00a0?<\/p>\n<p>Non. Les visites guid\u00e9es propos\u00e9es par le Royal Office du Tourisme d\u2019Arlon dans le cadre des Journ\u00e9es du patrimoine sont gratuites.<\/p>\n<p>Faut-il r\u00e9server\u00a0?<\/p>\n<p>Les inscriptions et informations passent par le Royal Office du Tourisme d\u2019Arlon (rue des Faubourgs 2, 6700 Arlon \u2014 063 21 63 60 \u2014 info@visitarlon.be).<\/p>\n<p>Sources\u00a0: communiqu\u00e9 de presse du Royal Office du Tourisme d\u2019Arlon (<a href=\"https:\/\/www.visitarlon.be\/\" target=\"_blank\" rel=\"noopener nofollow\">visitarlon.be<\/a>) et <a href=\"https:\/\/journeesdupatrimoine.be\/\" target=\"_blank\" rel=\"noopener nofollow\">Journ\u00e9es du Patrimoine en Wallonie<\/a>, qui se tiennent le deuxi\u00e8me week-end de septembre.<\/p>\n<p>\ud83d\uddfa\ufe0f<\/p>\n<p class=\"ilx-pilmap__k\">Le dossier complet<\/p>\n<p class=\"ilx-pilmap__t\">Toutes les activit\u00e9s de l&rsquo;\u00e9t\u00e9 sur une carte<\/p>\n<p class=\"ilx-pilmap__s\">Festivals, concerts, f\u00eates, march\u00e9s, balades, expos\u2026 Explorez l&rsquo;agenda de tout l&rsquo;\u00e9t\u00e9 2026 en Wallonie et au Luxembourg, filtr\u00e9 par th\u00e8me et par p\u00e9riode, sur notre carte interactive.<\/p>\n<p><a class=\"ilx-pilmap__btn\" href=\"https:\/\/www.info-lux.com\/carte-agenda-activites-ete-wallonie-luxembourg-2026\/themes\/tourisme\/\" rel=\"nofollow noopener\" target=\"_blank\">\ud83d\uddfa\ufe0f Voir la carte interactive de l&rsquo;\u00e9t\u00e9<\/a>\ud83d\udcc5<\/p>\n<p class=\"ilx-addev__t\">Vous organisez un \u00e9v\u00e9nement\u00a0?<\/p>\n<p class=\"ilx-addev__s\">Concert, expo, march\u00e9, brocante, f\u00eate, spectacle, conf\u00e9rence\u2026 Ajoutez-le gratuitement \u00e0 l&rsquo;Agenda d&rsquo;info-lux.com et touchez tout le public de la r\u00e9gion.<\/p>\n<p><a class=\"ilx-addev__btn\" href=\"https:\/\/www.info-lux.com\/encoder-evenement-agenda\/themes\/\" rel=\"nofollow noopener\" target=\"_blank\">\uff0b Ajouter mon \u00e9v\u00e9nement gratuitement<\/a>\ud83d\udccdInfos de la r\u00e9gion de <a href=\"https:\/\/www.info-lux.com\/category\/pays\/belgique\/wallonie\/province-de-luxembourg\/sud-luxembourg\/arlon\/\" rel=\"nofollow noopener\" target=\"_blank\">Arlon<\/a><\/p>\n<p>&#13;<br \/>\n  &#13;<br \/>\n&#13;<\/p>\n<p>    &#13;<br \/>\n&#13;<br \/>\n      &#13;<br \/>\n        Vos coordonn\u00e9es&#13;<\/p>\n<p class=\"ilx-step-desc\">Indispensables pour vous envoyer votre diagnostic personnalis\u00e9.<\/p>\n<p>&#13;<br \/>\n&#13;<br \/>\n        &#13;<br \/>\n&#13;<\/p>\n<p>&#13;<br \/>\n          Adresse email *&#13;<br \/>\n          &#13;\n        <\/p>\n<p>&#13;<br \/>\n&#13;<\/p>\n<p>&#13;<br \/>\n          T\u00e9l\u00e9phone *&#13;<br \/>\n          &#13;\n        <\/p>\n<p>&#13;<br \/>\n&#13;<\/p>\n<p>&#13;<br \/>\n          Nom de l&rsquo;entreprise *&#13;<br \/>\n          &#13;\n        <\/p>\n<p>&#13;<br \/>\n&#13;<\/p>\n<p>&#13;<br \/>\n          Adresse de votre site web&#13;<br \/>\n          &#13;\n        <\/p>\n<p>&#13;<br \/>\n&#13;<br \/>\n        &#13;<br \/>\n      &#13;<br \/>\n&#13;<br \/>\n      &#13;<br \/>\n        Vos connaissances en r\u00e9f\u00e9rencement&#13;<\/p>\n<p class=\"ilx-step-desc\">Aucune mauvaise r\u00e9ponse \u2014 soyez honn\u00eate, le diagnostic n&rsquo;en sera que plus juste.<\/p>\n<p>&#13;<br \/>\n&#13;<br \/>\n        &#13;<br \/>\n&#13;<br \/>\n        &#13;<br \/>\n&#13;<br \/>\n        &#13;<br \/>\n&#13;<br \/>\n        &#13;<br \/>\n      &#13;<br \/>\n&#13;<br \/>\n      &#13;<br \/>\n        Votre visibilit\u00e9 actuelle&#13;<\/p>\n<p class=\"ilx-step-desc\">Comment vos prospects vous trouvent (ou non) aujourd&rsquo;hui.<\/p>\n<p>&#13;<br \/>\n&#13;<br \/>\n        &#13;<br \/>\n&#13;<br \/>\n        &#13;<br \/>\n&#13;<br \/>\n        &#13;<br \/>\n&#13;<br \/>\n        &#13;<br \/>\n&#13;<br \/>\n        &#13;<br \/>\n      &#13;<br \/>\n&#13;<br \/>\n      &#13;<br \/>\n        Vos objectifs&#13;<\/p>\n<p class=\"ilx-step-desc\">Pour orienter au mieux nos recommandations.<\/p>\n<p>&#13;<br \/>\n&#13;<br \/>\n        &#13;<br \/>\n&#13;<br \/>\n        &#13;<br \/>\n&#13;<br \/>\n        &#13;<br \/>\n&#13;<\/p>\n<p>&#13;<br \/>\n          Quelque chose d&rsquo;important \u00e0 nous signaler ?&#13;<br \/>\n          &#13;\n        <\/p>\n<p>&#13;<br \/>\n&#13;<\/p>\n<p>&#13;<br \/>\n          &#13;<br \/>\n            &#13;<br \/>\n            J&rsquo;accepte que mes donn\u00e9es soient utilis\u00e9es par Info-lux uniquement pour r\u00e9pondre \u00e0 ma demande, conform\u00e9ment au RGPD. *&#13;<br \/>\n          &#13;\n        <\/p>\n<p>&#13;<br \/>\n      &#13;<br \/>\n&#13;<br \/>\n      &#13;<\/p>\n<p>          Votre diagnostic<\/p>\n<p>            Recevez votre diagnostic personnalis\u00e9<\/p>\n<p>Vincent Gallez (fondateur Info-lux) vous recontacte sous 24 h ouvr\u00e9es avec un audit complet sur devis de votre visibilit\u00e9.<\/p>\n<p>&#13;<br \/>\n              Envoyer mes r\u00e9ponses&#13;\n            <\/p>\n<p>        &#13;<br \/>\n      &#13;<br \/>\n&#13;<\/p>\n<p>&#13;<br \/>\n        \u2190 Pr\u00e9c\u00e9dent&#13;<br \/>\n        Suivant \u2192&#13;\n      <\/p>\n<p>&#13;<br \/>\n&#13;<\/p>\n<p>  &#13;<\/p>\n<p>      Audit complet Info-lux<br \/>\n      Et vous, quel est votre niveau de visibilit\u00e9 sur Google et les IA ?<\/p>\n<p class=\"ilx-quiz-cta__desc\">Faites le test : 12 questions cibl\u00e9es pour \u00e9valuer votre r\u00e9f\u00e9rencement (SEO, GEO, AEO) et recevoir un plan d&rsquo;action personnalis\u00e9 pour votre entreprise en province de Luxembourg ou en Wallonie.<\/p>\n<p>        Score sur 100<br \/>\n        Audit complet sur devis<br \/>\n        100 % anonyme<\/p>\n","protected":false},"excerpt":{"rendered":"\ud83d\uddd3\ufe0f Mis \u00e0 jour le 3 septembre 2026 Saint-Donat, Sacr\u00e9-C\u0153ur, Saint-Martin\u00a0: trois \u00e9glises d&rsquo;Arlon en un seul circuit&hellip;\n","protected":false},"author":2,"featured_media":21809,"comment_status":"","ping_status":"","sticky":false,"template":"","format":"standard","meta":{"footnotes":"","_share_on_mastodon":"0"},"categories":[4],"tags":[2524,114,4828,5],"class_list":["post-21808","post","type-post","status-publish","format-standard","has-post-thumbnail","category-luxembourg","tag-agenda","tag-arlon","tag-les-eglises-arlonaises","tag-luxembourg"],"share_on_mastodon":{"url":"https:\/\/pubeurope.com\/@lu_fr\/117207828164186848","error":""},"_links":{"self":[{"href":"https:\/\/www.europesays.com\/lu-fr\/wp-json\/wp\/v2\/posts\/21808","targetHints":{"allow":["GET"]}}],"collection":[{"href":"https:\/\/www.europesays.com\/lu-fr\/wp-json\/wp\/v2\/posts"}],"about":[{"href":"https:\/\/www.europesays.com\/lu-fr\/wp-json\/wp\/v2\/types\/post"}],"author":[{"embeddable":true,"href":"https:\/\/www.europesays.com\/lu-fr\/wp-json\/wp\/v2\/users\/2"}],"replies":[{"embeddable":true,"href":"https:\/\/www.europesays.com\/lu-fr\/wp-json\/wp\/v2\/comments?post=21808"}],"version-history":[{"count":0,"href":"https:\/\/www.europesays.com\/lu-fr\/wp-json\/wp\/v2\/posts\/21808\/revisions"}],"wp:featuredmedia":[{"embeddable":true,"href":"https:\/\/www.europesays.com\/lu-fr\/wp-json\/wp\/v2\/media\/21809"}],"wp:attachment":[{"href":"https:\/\/www.europesays.com\/lu-fr\/wp-json\/wp\/v2\/media?parent=21808"}],"wp:term":[{"taxonomy":"category","embeddable":true,"href":"https:\/\/www.europesays.com\/lu-fr\/wp-json\/wp\/v2\/categories?post=21808"},{"taxonomy":"post_tag","embeddable":true,"href":"https:\/\/www.europesays.com\/lu-fr\/wp-json\/wp\/v2\/tags?post=21808"}],"curies":[{"name":"wp","href":"https:\/\/api.w.org\/{rel}","templated":true}]}}