{"id":21826,"date":"2026-09-03T17:19:13","date_gmt":"2026-09-03T17:19:13","guid":{"rendered":"https:\/\/www.europesays.com\/lu-fr\/21826\/"},"modified":"2026-09-03T17:19:13","modified_gmt":"2026-09-03T17:19:13","slug":"redecouvrez-le-warhol-dessinateur-avec-lexposition-la-ligne-et-limage-au-musee-du-luxembourg","status":"publish","type":"post","link":"https:\/\/www.europesays.com\/lu-fr\/21826\/","title":{"rendered":"(Re)d\u00e9couvrez le Warhol dessinateur avec l\u2019exposition \u00ab La ligne et l\u2019image \u00bb au Mus\u00e9e du Luxembourg"},"content":{"rendered":"<p>Du 16 septembre 2026 au 10 janvier 2027, le Mus\u00e9e du Luxembourg accueille l\u2019exposition \u00ab\u00a0La ligne et l\u2019image\u00a0\u00bb qui remet au go\u00fbt du jour le travail de dessinateur d\u2019Andy Warhol.<\/p>\n<p class=\"wp-block-paragraph\">C\u00e9l\u00e9brissime pour ses s\u00e9rigraphies et portraits de c\u00e9l\u00e9brit\u00e9s, l\u2019exposition \u00ab La ligne et l\u2019image \u00bb au Mus\u00e9e du Luxembourg r\u00e9unit une centaine de ses dessins. L\u2019exposition r\u00e9v\u00e8le combien ce m\u00e9dium, loin d\u2019\u00eatre accessoire, accompagna l\u2019ensemble de sa carri\u00e8re.<\/p>\n<p class=\"wp-block-paragraph\">Ses peintures, ses s\u00e9rigraphies sur papier, ses photographies ou encore ses documents d\u2019archives, sont aussi expos\u00e9s pour montrer l\u2019influence du dessin sur ses autres productions artistiques. <\/p>\n<p class=\"wp-block-paragraph\">Allez observer le passage d\u2019Andrew Warhola \u00e0 Andy Warhol au Mus\u00e9e du Luxembourg.<\/p>\n<p><a href=\"https:\/\/www.europesays.com\/lu-fr\/wp-content\/uploads\/2026\/09\/Affiche_expo_Warhol_2026-scaled-t-3414x5120.jpg\" data-barba-prevent=\"\" data-pswp-width=\"3414\" data-pswp-height=\"5120\"><\/p>\n<p><img loading=\"lazy\" decoding=\"async\" width=\"3414\" height=\"5120\" src=\"data:image\/svg+xml,%3Csvg%20xmlns=\" http:=\"\" class=\"attachment-thumbnail size-thumbnail\" alt=\"&#10;&#10;\" data-lazy-src=\"https:\/\/www.europesays.com\/lu-fr\/wp-content\/uploads\/2026\/09\/Affiche_expo_Warhol_2026-scaled-t-3414x5120.jpg\"\/><img loading=\"lazy\" decoding=\"async\" width=\"3414\" height=\"5120\" src=\"https:\/\/www.europesays.com\/lu-fr\/wp-content\/uploads\/2026\/09\/Affiche_expo_Warhol_2026-scaled-t-3414x5120.jpg\" class=\"attachment-thumbnail size-thumbnail\" alt=\"&#10;&#10;\"\/><\/p>\n<p><\/a><\/p>\n<p class=\"wp-block-paragraph\">Plus d\u2019infos sur l\u2019exposition <a href=\"https:\/\/museeduluxembourg.fr\/fr\/agenda\/evenement\/andy-warhol\" data-type=\"link\" data-id=\"https:\/\/museeduluxembourg.fr\/fr\/agenda\/evenement\/andy-warhol\" rel=\"nofollow noopener\" target=\"_blank\">ici<\/a>. <\/p>\n<p class=\"wp-block-paragraph\">Retrouvez le lien de la billetterie juste <a href=\"https:\/\/museeduluxembourg.fr\/fr\/billetterie\" data-type=\"link\" data-id=\"https:\/\/museeduluxembourg.fr\/fr\/billetterie\" rel=\"nofollow noopener\" target=\"_blank\">l\u00e0<\/a>.<\/p>\n","protected":false},"excerpt":{"rendered":"Du 16 septembre 2026 au 10 janvier 2027, le Mus\u00e9e du Luxembourg accueille l\u2019exposition \u00ab\u00a0La ligne et l\u2019image\u00a0\u00bb&hellip;\n","protected":false},"author":2,"featured_media":21827,"comment_status":"","ping_status":"","sticky":false,"template":"","format":"standard","meta":{"footnotes":"","_share_on_mastodon":"0"},"categories":[4],"tags":[4834,5,4835,4836],"class_list":["post-21826","post","type-post","status-publish","format-standard","has-post-thumbnail","category-luxembourg","tag-andy-warhol","tag-luxembourg","tag-musu00e9e-du-luxembourg","tag-nova-aime"],"share_on_mastodon":{"url":"https:\/\/pubeurope.com\/@lu_fr\/117208256897398724","error":""},"_links":{"self":[{"href":"https:\/\/www.europesays.com\/lu-fr\/wp-json\/wp\/v2\/posts\/21826","targetHints":{"allow":["GET"]}}],"collection":[{"href":"https:\/\/www.europesays.com\/lu-fr\/wp-json\/wp\/v2\/posts"}],"about":[{"href":"https:\/\/www.europesays.com\/lu-fr\/wp-json\/wp\/v2\/types\/post"}],"author":[{"embeddable":true,"href":"https:\/\/www.europesays.com\/lu-fr\/wp-json\/wp\/v2\/users\/2"}],"replies":[{"embeddable":true,"href":"https:\/\/www.europesays.com\/lu-fr\/wp-json\/wp\/v2\/comments?post=21826"}],"version-history":[{"count":0,"href":"https:\/\/www.europesays.com\/lu-fr\/wp-json\/wp\/v2\/posts\/21826\/revisions"}],"wp:featuredmedia":[{"embeddable":true,"href":"https:\/\/www.europesays.com\/lu-fr\/wp-json\/wp\/v2\/media\/21827"}],"wp:attachment":[{"href":"https:\/\/www.europesays.com\/lu-fr\/wp-json\/wp\/v2\/media?parent=21826"}],"wp:term":[{"taxonomy":"category","embeddable":true,"href":"https:\/\/www.europesays.com\/lu-fr\/wp-json\/wp\/v2\/categories?post=21826"},{"taxonomy":"post_tag","embeddable":true,"href":"https:\/\/www.europesays.com\/lu-fr\/wp-json\/wp\/v2\/tags?post=21826"}],"curies":[{"name":"wp","href":"https:\/\/api.w.org\/{rel}","templated":true}]}}