{"id":21844,"date":"2026-09-04T03:10:23","date_gmt":"2026-09-04T03:10:23","guid":{"rendered":"https:\/\/www.europesays.com\/lu-fr\/21844\/"},"modified":"2026-09-04T03:10:23","modified_gmt":"2026-09-04T03:10:23","slug":"le-recul-des-colis-face-a-la-taxe-europeenne-confirme-par-la-douane-belge","status":"publish","type":"post","link":"https:\/\/www.europesays.com\/lu-fr\/21844\/","title":{"rendered":"Le recul des colis face \u00e0 la taxe europ\u00e9enne confirm\u00e9 par la douane belge"},"content":{"rendered":"<p>\n                                        Par<br \/>\n                                        <br \/>AFP\n                                    <\/p>\n<p>\n                                    Publi\u00e9 le<br \/>\n                                    <\/p>\n<p>                                        3 septembre 2026<\/p>\n<p class=\"article-content col-md-8 offset-md-1\">\n                                Les arriv\u00e9es de petits colis import\u00e9s \u00e0 l&rsquo;a\u00e9roport de Li\u00e8ge, plaque tournante du commerce en ligne en Europe, ont chut\u00e9 de 53% en juillet par rapport \u00e0 un an plus t\u00f4t, en raison de la taxe mise en place par l&rsquo;UE, selon des chiffres publi\u00e9s jeudi par la douane belge.<\/p>\n<p><img decoding=\"async\" class=\"news-image\" style=\"width:100%;\" src=\"https:\/\/www.europesays.com\/lu-fr\/wp-content\/uploads\/2026\/09\/2554.jpg\" alt=\"\" width=\"2048\" height=\"1365\" fetchpriority=\"high\"\/> Shutterstock<\/p>\n<p>Selon les services douaniers, la taxe a eu l&rsquo;effet escompt\u00e9 avec \u00e9galement un quasi doublement de la valeur moyenne des marchandises import\u00e9es, remont\u00e9e au-dessus de 10 euros. Un signe clair que les plateformes de e-commerce et leurs clients se sont adapt\u00e9s.<\/p>\n<p>\u00ab\u00a0Les premiers r\u00e9sultats d\u00e9montrent que cette mesure produit d\u00e9j\u00e0 des effets concrets. Nous constatons une diminution importante des envois de tr\u00e8s faible valeur, des recettes suppl\u00e9mentaires significatives et un renforcement de notre capacit\u00e9 \u00e0 lutter contre les produits dangereux, non conformes ou contrefaits\u00a0\u00bb, ont comment\u00e9 dans un communiqu\u00e9 les ministres David Clarinval (Economie) et Jan Jambon (Finances).<\/p>\n<p class=\"col-md-8 offset-md-1 article-content--texte\">Depuis le 1er juillet, les petits colis (d&rsquo;une valeur inf\u00e9rieure \u00e0 150 euros) import\u00e9s dans l&rsquo;Union europ\u00e9enne sont soumis \u00e0 une nouvelle taxe europ\u00e9enne, de trois euros par cat\u00e9gorie d&rsquo;article contenue dans chaque paquet.<\/p>\n<p>Une mesure qui vise \u00e0 juguler l&rsquo;afflux en Europe de produits tr\u00e8s majoritairement chinois, achet\u00e9s sur des plateformes asiatiques comme <a class=\"fnwAddLinks\" href=\"https:\/\/lu.fashionnetwork.com\/tags-shein\" title=\"Shein\" rel=\"nofollow noopener\" target=\"_blank\">Shein<\/a>, <a class=\"fnwAddLinks\" href=\"https:\/\/lu.fashionnetwork.com\/tags-temu\" title=\"Temu\" rel=\"nofollow noopener\" target=\"_blank\">Temu<\/a>, ou AliExpress et souvent non conformes aux normes europ\u00e9ennes.<\/p>\n<p>Cette taxe vise \u00e0 la fois \u00e0 prot\u00e9ger les consommateurs contre des produits potentiellement dangereux, et d\u00e9fendre entreprises et commer\u00e7ants europ\u00e9ens qui d\u00e9non\u00e7aient une concurrence jug\u00e9e d\u00e9loyale, les petits colis import\u00e9s dans l&rsquo;UE \u00e9tant auparavant totalement exon\u00e9r\u00e9s de droits de douane.<\/p>\n<p>Si aucun bilan consolid\u00e9 \u00e0 l&rsquo;\u00e9chelle europ\u00e9enne n&rsquo;est encore disponible, les chiffres belges confirment la tendance d\u00e9j\u00e0 observ\u00e9e dans d&rsquo;autres pays europ\u00e9ens. Selon les douanes fran\u00e7aises, les importations de petits colis auraient chut\u00e9 de 30 \u00e0 40% au total dans l&rsquo;UE depuis l&rsquo;entr\u00e9e en vigueur.<\/p>\n<p>Pr\u00e8s de 5,9 milliards de petits colis sont entr\u00e9s sur le march\u00e9 europ\u00e9en en 2025, soit plus de 180 chaque seconde. C&rsquo;est quatre fois plus qu&rsquo;en 2022. Sur ce total, 93% provenaient de Chine.\n                            <\/p>\n<p>\n                                Tous droits de reproduction et de repr\u00e9sentation r\u00e9serv\u00e9s.<br \/>\u00a9 2026 Agence France-Presse<br \/>Toutes les informations reproduites dans cette rubrique (ou sur cette page selon le cas) sont prot\u00e9g\u00e9es par des droits de propri\u00e9t\u00e9 intellectuelle d\u00e9tenus par l&rsquo;AFP. Par cons\u00e9quent, aucune de ces informations ne peut \u00eatre reproduite, modifi\u00e9e, rediffus\u00e9e, traduite, exploit\u00e9e commercialement ou r\u00e9utilis\u00e9e de quelque mani\u00e8re que ce soit sans l&rsquo;accord pr\u00e9alable \u00e9crit de l&rsquo;AFP. L&rsquo;AFP ne pourra \u00eatre tenue pour responsable des d\u00e9lais, erreurs, omissions qui ne peuvent \u00eatre exclus, ni des cons\u00e9quences des actions ou transactions effectu\u00e9es sur la base de ces informations.\n                            <\/p>\n","protected":false},"excerpt":{"rendered":"Par AFP Publi\u00e9 le 3 septembre 2026 Les arriv\u00e9es de petits colis import\u00e9s \u00e0 l&rsquo;a\u00e9roport de Li\u00e8ge, plaque&hellip;\n","protected":false},"author":2,"featured_media":21845,"comment_status":"","ping_status":"","sticky":false,"template":"","format":"standard","meta":{"footnotes":"","_share_on_mastodon":"0"},"categories":[4],"tags":[4681,4840,4843,3875,5,1789,4842,4844,3397,4839,4837,4838,4841],"class_list":["post-21844","post","type-post","status-publish","format-standard","has-post-thumbnail","category-luxembourg","tag-beaute","tag-contact","tag-cosmetiques","tag-luxe","tag-luxembourg","tag-mode","tag-parfum","tag-professionnel","tag-professionnels","tag-reseau","tag-shein","tag-temu","tag-textile"],"share_on_mastodon":{"url":"https:\/\/pubeurope.com\/@lu_fr\/117210580613205840","error":""},"_links":{"self":[{"href":"https:\/\/www.europesays.com\/lu-fr\/wp-json\/wp\/v2\/posts\/21844","targetHints":{"allow":["GET"]}}],"collection":[{"href":"https:\/\/www.europesays.com\/lu-fr\/wp-json\/wp\/v2\/posts"}],"about":[{"href":"https:\/\/www.europesays.com\/lu-fr\/wp-json\/wp\/v2\/types\/post"}],"author":[{"embeddable":true,"href":"https:\/\/www.europesays.com\/lu-fr\/wp-json\/wp\/v2\/users\/2"}],"replies":[{"embeddable":true,"href":"https:\/\/www.europesays.com\/lu-fr\/wp-json\/wp\/v2\/comments?post=21844"}],"version-history":[{"count":0,"href":"https:\/\/www.europesays.com\/lu-fr\/wp-json\/wp\/v2\/posts\/21844\/revisions"}],"wp:featuredmedia":[{"embeddable":true,"href":"https:\/\/www.europesays.com\/lu-fr\/wp-json\/wp\/v2\/media\/21845"}],"wp:attachment":[{"href":"https:\/\/www.europesays.com\/lu-fr\/wp-json\/wp\/v2\/media?parent=21844"}],"wp:term":[{"taxonomy":"category","embeddable":true,"href":"https:\/\/www.europesays.com\/lu-fr\/wp-json\/wp\/v2\/categories?post=21844"},{"taxonomy":"post_tag","embeddable":true,"href":"https:\/\/www.europesays.com\/lu-fr\/wp-json\/wp\/v2\/tags?post=21844"}],"curies":[{"name":"wp","href":"https:\/\/api.w.org\/{rel}","templated":true}]}}