{"id":21870,"date":"2026-09-04T07:57:17","date_gmt":"2026-09-04T07:57:17","guid":{"rendered":"https:\/\/www.europesays.com\/lu-fr\/21870\/"},"modified":"2026-09-04T07:57:17","modified_gmt":"2026-09-04T07:57:17","slug":"bercy-demande-aux-ministeres-de-moins-depenser-dans-lia","status":"publish","type":"post","link":"https:\/\/www.europesays.com\/lu-fr\/21870\/","title":{"rendered":"Bercy demande aux minist\u00e8res de moins d\u00e9penser dans l&rsquo;IA"},"content":{"rendered":"<p>\n                                        Par<br \/>\n                                        <br \/>AFP\n                                    <\/p>\n<p>\n                                    Publi\u00e9 le<br \/>\n                                    <\/p>\n<p>                                        4 septembre 2026<\/p>\n<p class=\"article-content col-md-8 offset-md-1\">\n                                Alors que les secteurs de la cr\u00e9ation et du commerce investissent massivement dans l&rsquo;intelligence artificielle, le ministre de l&rsquo;Action et des Comptes publics demande de son c\u00f4t\u00e9 aux minist\u00e8res de faire baisser les factures de leurs prestataires num\u00e9riques, invoquant notamment le d\u00e9veloppement de l&rsquo;IA, dans un courrier consult\u00e9 par l&rsquo;AFP, confirmant une information des \u00c9chos.<\/p>\n<p><img decoding=\"async\" class=\"news-image\" style=\"width:100%;\" src=\"https:\/\/www.europesays.com\/lu-fr\/wp-content\/uploads\/2026\/09\/5de4.jpg\" alt=\"Le minist\u00e8re de l'Economie et des Finances\" width=\"1000\" height=\"560\" fetchpriority=\"high\"\/>Le minist\u00e8re de l&rsquo;Economie et des Finances &#8211; AFP<\/p>\n<p>Dans ce courrier dat\u00e9 du 31 ao\u00fbt, le ministre David Amiel note que \u00ab\u00a0l&rsquo;irruption des outils d&rsquo;intelligence artificielle (IA) g\u00e9n\u00e9rative dans les pratiques de d\u00e9veloppement logiciel (&#8230;) a permis des gains de productivit\u00e9 substantiels dans le secteur du num\u00e9rique\u00a0\u00bb.<\/p>\n<p>Si \u00ab\u00a0ces gains b\u00e9n\u00e9ficient aujourd&rsquo;hui pleinement aux prestataires de l&rsquo;\u00c9tat\u00a0\u00bb, \u00ab\u00a0il ne serait pas coh\u00e9rent que l&rsquo;\u00c9tat, qui porte une politique ambitieuse de diffusion de l&rsquo;IA dans l&rsquo;ensemble de ses administrations, ne tire pas lui-m\u00eame parti des gains que cette diffusion g\u00e9n\u00e8re chez ses prestataires\u00a0\u00bb.<\/p>\n<p class=\"col-md-8 offset-md-1 article-content--texte\">\u00ab\u00a0Je vous invite donc \u00e0 engager, d\u00e8s la rentr\u00e9e, un dialogue avec vos principaux prestataires num\u00e9riques\u00a0\u00bb, poursuit le ministre, en pr\u00e9cisant qu&rsquo;il leur demande de r\u00e9viser les contrats en cours et d&rsquo;inclure des clauses de r\u00e9visions p\u00e9riodiques dans les nouveaux march\u00e9s.<\/p>\n<p>\u00ab\u00a0Plus d&rsquo;une dizaine de courriers ont \u00e9t\u00e9 transmis \u00e0 l&rsquo;ensemble des minist\u00e8res pour couvrir l&rsquo;ensemble des champs de l&rsquo;\u00c9tat\u00a0\u00bb, a pr\u00e9cis\u00e9 le minist\u00e8re \u00e0 l&rsquo;AFP.<\/p>\n<p>Sont notamment vis\u00e9s les op\u00e9rateurs de tutelle, list\u00e9s dans chaque courrier, comme par exemple la Banque de France pour Bercy, la Direction de la S\u00e9curit\u00e9 sociale pour les minist\u00e8res du Travail et de la Sant\u00e9, le Commissariat \u00e0 l&rsquo;\u00e9nergie atomique (CEA) pour les minist\u00e8res de l&rsquo;Enseignement sup\u00e9rieur et la Recherche et celui des Arm\u00e9es.<\/p>\n<p>Le courrier rappelle \u00e9galement que les d\u00e9penses de l&rsquo;\u00c9tat dans le domaine ont plus que doubl\u00e9 depuis 2019, \u00ab\u00a0passant de 339 millions d&rsquo;euros \u00e0 plus de 720 millions d&rsquo;euros pour les seuls minist\u00e8res, auxquels s&rsquo;ajoutent plus de 2,6 milliards d&rsquo;euros au titre des op\u00e9rateurs\u00a0\u00bb.<\/p>\n<p>\u00ab\u00a0La direction des achats de l&rsquo;\u00c9tat (DAE), en lien avec la direction interminist\u00e9rielle du num\u00e9rique (Dinum) proposera aux minist\u00e8res un cadre de coordination, afin d&rsquo;homog\u00e9n\u00e9iser et de renforcer nos positions de n\u00e9gociation face aux prestataires\u00a0\u00bb, assure David Amiel.<\/p>\n<p>Mi-juin, l&rsquo;\u00c9tat a g\u00e9n\u00e9ralis\u00e9 le recours \u00e0 un assistant conversationnel IA pour environ un million d&rsquo;agents de la fonction publique, en parall\u00e8le de l&rsquo;annonce faite par le Premier ministre S\u00e9bastien Lecornu d&rsquo;un investissement de 655 millions d&rsquo;euros suppl\u00e9mentaires dans le d\u00e9veloppement de l&rsquo;IA.\n                            <\/p>\n<p>\n                                Tous droits de reproduction et de repr\u00e9sentation r\u00e9serv\u00e9s.<br \/>\u00a9 2026 Agence France-Presse<br \/>Toutes les informations reproduites dans cette rubrique (ou sur cette page selon le cas) sont prot\u00e9g\u00e9es par des droits de propri\u00e9t\u00e9 intellectuelle d\u00e9tenus par l&rsquo;AFP. Par cons\u00e9quent, aucune de ces informations ne peut \u00eatre reproduite, modifi\u00e9e, rediffus\u00e9e, traduite, exploit\u00e9e commercialement ou r\u00e9utilis\u00e9e de quelque mani\u00e8re que ce soit sans l&rsquo;accord pr\u00e9alable \u00e9crit de l&rsquo;AFP. L&rsquo;AFP ne pourra \u00eatre tenue pour responsable des d\u00e9lais, erreurs, omissions qui ne peuvent \u00eatre exclus, ni des cons\u00e9quences des actions ou transactions effectu\u00e9es sur la base de ces informations.\n                            <\/p>\n","protected":false},"excerpt":{"rendered":"Par AFP Publi\u00e9 le 4 septembre 2026 Alors que les secteurs de la cr\u00e9ation et du commerce investissent&hellip;\n","protected":false},"author":2,"featured_media":21871,"comment_status":"","ping_status":"","sticky":false,"template":"","format":"standard","meta":{"footnotes":"","_share_on_mastodon":"0"},"categories":[4],"tags":[4681,4840,4843,3875,5,1789,4842,4844,3397,4839,4841],"class_list":["post-21870","post","type-post","status-publish","format-standard","has-post-thumbnail","category-luxembourg","tag-beaute","tag-contact","tag-cosmetiques","tag-luxe","tag-luxembourg","tag-mode","tag-parfum","tag-professionnel","tag-professionnels","tag-reseau","tag-textile"],"share_on_mastodon":{"url":"https:\/\/pubeurope.com\/@lu_fr\/117211709198839041","error":""},"_links":{"self":[{"href":"https:\/\/www.europesays.com\/lu-fr\/wp-json\/wp\/v2\/posts\/21870","targetHints":{"allow":["GET"]}}],"collection":[{"href":"https:\/\/www.europesays.com\/lu-fr\/wp-json\/wp\/v2\/posts"}],"about":[{"href":"https:\/\/www.europesays.com\/lu-fr\/wp-json\/wp\/v2\/types\/post"}],"author":[{"embeddable":true,"href":"https:\/\/www.europesays.com\/lu-fr\/wp-json\/wp\/v2\/users\/2"}],"replies":[{"embeddable":true,"href":"https:\/\/www.europesays.com\/lu-fr\/wp-json\/wp\/v2\/comments?post=21870"}],"version-history":[{"count":0,"href":"https:\/\/www.europesays.com\/lu-fr\/wp-json\/wp\/v2\/posts\/21870\/revisions"}],"wp:featuredmedia":[{"embeddable":true,"href":"https:\/\/www.europesays.com\/lu-fr\/wp-json\/wp\/v2\/media\/21871"}],"wp:attachment":[{"href":"https:\/\/www.europesays.com\/lu-fr\/wp-json\/wp\/v2\/media?parent=21870"}],"wp:term":[{"taxonomy":"category","embeddable":true,"href":"https:\/\/www.europesays.com\/lu-fr\/wp-json\/wp\/v2\/categories?post=21870"},{"taxonomy":"post_tag","embeddable":true,"href":"https:\/\/www.europesays.com\/lu-fr\/wp-json\/wp\/v2\/tags?post=21870"}],"curies":[{"name":"wp","href":"https:\/\/api.w.org\/{rel}","templated":true}]}}