{"id":21878,"date":"2026-09-04T08:47:12","date_gmt":"2026-09-04T08:47:12","guid":{"rendered":"https:\/\/www.europesays.com\/lu-fr\/21878\/"},"modified":"2026-09-04T08:47:12","modified_gmt":"2026-09-04T08:47:12","slug":"trois-nouveaux-magasins-de-sport-a-retenir-de-la-rentree","status":"publish","type":"post","link":"https:\/\/www.europesays.com\/lu-fr\/21878\/","title":{"rendered":"Trois nouveaux magasins de sport \u00e0 retenir de la rentr\u00e9e"},"content":{"rendered":"<p>\n                                    Publi\u00e9 le<br \/>\n                                    <\/p>\n<p>                                        4 septembre 2026<\/p>\n<p class=\"article-content col-md-8 offset-md-1\">\n                                En constante mutation, le paysage fran\u00e7ais du commerce de produits de sport voit \u00e9merger trois nouvelles boutiques en cette fin d\u2019\u00e9t\u00e9. Que ce soit \u00e0 Paris, en plein c\u0153ur du Jura ou sur la fa\u00e7ade atlantique du pays, les marques et enseignes ne manquent pas de poursuivre leur d\u00e9ploiement territorial.<\/p>\n<p><img decoding=\"async\" class=\"news-image\" style=\"width:100%;\" src=\"https:\/\/www.europesays.com\/lu-fr\/wp-content\/uploads\/2026\/09\/e2c0.jpg\" alt=\"Le Decathlon City du Forum des Halles devrait ouvrir dans les prochains jours\" width=\"2048\" height=\"1152\" fetchpriority=\"high\"\/>Le Decathlon City du Forum des Halles devrait ouvrir dans les prochains jours &#8211; Decathlon<\/p>\n<p class=\"col-md-8 offset-md-1 article-content--texte\">Premi\u00e8re enseigne \u00e0 faire l\u2019actualit\u00e9, <a class=\"fnwAddLinks\" href=\"https:\/\/lu.fashionnetwork.com\/tags-decathlon\" title=\"Decathlon\" rel=\"nofollow noopener\" target=\"_blank\">Decathlon<\/a> s\u2019installe dans le centre de Paris quelques mois apr\u00e8s la fermeture de son historique espace de vente de Saint-Denis, le 16 mai dernier. Pour son nouvel \u00e9crin, l\u2019entreprise a port\u00e9 son choix sur le tr\u00e8s anim\u00e9 <a class=\"fnwAddLinks\" href=\"https:\/\/lu.fashionnetwork.com\/tags-forum-des-halles\" title=\"Forum des Halles\" rel=\"nofollow noopener\" target=\"_blank\">Forum des Halles<\/a> pour y loger une boutique au concept baptis\u00e9 \u00ab\u00a0Decathlon City\u00a0\u00bb, intimiste et adapt\u00e9 \u00e0 la vie urbaine.<\/p>\n<p>Si la date d\u2019inauguration ainsi que la surface de cette boutique ne sont pas encore connues, il existe plus d\u2019une dizaine de Decathlon City en France, dont cinq ont \u00e9t\u00e9 inaugur\u00e9s depuis 2024, \u00e0 Nantes, Paris Montparnasse, Montpellier, Rennes et Villeurbanne. \u00c0 titre indicatif, l\u2019espace implant\u00e9 \u00e0 Montparnasse table sur une surface de 700 m\u00e8tres carr\u00e9s et base son offre sur les rayons cycle, running et fitness. Rendez-vous dans quelques jours pour en savoir plus sur cette ouverture parisienne.<\/p>\n<p class=\"col-md-10 exergue\"><a class=\"fnwAddLinks\" href=\"https:\/\/lu.fashionnetwork.com\/tags-millet\" title=\"Millet\" rel=\"nofollow noopener\" target=\"_blank\">Millet<\/a> explore l\u2019Ouest de la France<\/p>\n<p>\u00c0 quelques heures de route de l\u00e0, \u00e0 Nantes, Millet inaugure sa quatorzi\u00e8me boutique fran\u00e7aise. Le bapt\u00eame de l\u2019espace de vente, organis\u00e9 ce 3 septembre, officialise le premier camp de base de Millet en Loire-Atlantique, loin des montagnes. \u00ab\u00a0La ville compte plus de 60.000 licenci\u00e9s sportifs au sein de ses associations\u00a0\u00bb, indique la marque dans un communiqu\u00e9, et \u00ab\u00a0plus d\u2019un Nantais sur deux pratique une activit\u00e9 sportive libre, en dehors des clubs et structures encadr\u00e9es\u00a0\u00bb.<\/p>\n<p><img decoding=\"async\" class=\"news-image\" style=\"width:100%;\" src=\"https:\/\/www.europesays.com\/lu-fr\/wp-content\/uploads\/2026\/09\/58c4.jpg\" alt=\"Millet ambitionne d'ouvrir 3 \u00e0 5 nouvelles boutiques chaque ann\u00e9e\" width=\"1260\" height=\"918\" loading=\"lazy\"\/>Millet ambitionne d&rsquo;ouvrir 3 \u00e0 5 nouvelles boutiques chaque ann\u00e9e &#8211; Millet<\/p>\n<p class=\"col-md-8 offset-md-1 article-content--texte\">Les sports outdoor semblent assez pris\u00e9s dans la r\u00e9gion pour voir Millet s\u2019installer au 21 rue de la Paix, en plein centre-ville de Nantes. La marque ann\u00e9cienne, qui ambitionne d\u2019ouvrir trois \u00e0 cinq boutiques par an, avait d\u00e9j\u00e0 inaugur\u00e9 un premier \u00e9crin \u00e0 Toulouse, en juin dernier, explorant la France loin des zones montagneuses.<\/p>\n<p class=\"col-md-10 exergue\">Le troisi\u00e8me \u201c<a class=\"fnwAddLinks\" href=\"https:\/\/lu.fashionnetwork.com\/tags-intersport\" title=\"Intersport\" rel=\"nofollow noopener\" target=\"_blank\">Intersport<\/a> Montagne\u201d de France s\u2019installe dans le Jura<\/p>\n<p>Enfin, c\u2019est au tour d\u2019Intersport d\u2019ouvrir un nouvel espace commercial, cette fois-ci, dans le Jura. Selon les informations r\u00e9colt\u00e9es par le m\u00e9dia La Voix du Jura, le leader tricolore de la distribution d&rsquo;articles de sport s\u2019est install\u00e9 \u00e0 Morez, chef-lieu de la commune nouvelle de Hauts de Bienne, avec son concept \u00ab\u00a0Intersport Montagne\u00a0\u00bb.<\/p>\n<p><img decoding=\"async\" class=\"news-image\" style=\"width:100%;\" src=\"https:\/\/www.europesays.com\/lu-fr\/wp-content\/uploads\/2026\/09\/33b1.png\" alt=\"L'offre Intersport Morez compl\u00e8te celle du magasin Intersport Les Rousses\" width=\"1464\" height=\"824\" loading=\"lazy\"\/>L&rsquo;offre Intersport Morez compl\u00e8te celle du magasin Intersport Les Rousses &#8211; Intersport Morez<\/p>\n<p class=\"col-md-8 offset-md-1 article-content--texte\">Inaugur\u00e9 le 26 ao\u00fbt dernier, le magasin est situ\u00e9 au 153 rue de la R\u00e9publique, adresse anciennement occup\u00e9e par les enseignes Murer Sport et Pass\u2019 Montagnes. D\u2019une surface de 280 m\u00e8tres carr\u00e9s, l\u2019espace propose par exemple des produits de trail, randonn\u00e9e, camping, sports collectifs et sports de raquettes ainsi que des accessoires de v\u00e9lo. Pour compl\u00e9ter cette offre, Intersport dispose d&rsquo;ores et d\u00e9j\u00e0 d\u2019un espace aux Rousses \u00e0 moins de quinze minutes en voiture. L\u2019enseigne intensifie sa proximit\u00e9 g\u00e9ographique avec sa client\u00e8le, avec pr\u00e8s de 1.000 boutiques r\u00e9parties dans l\u2019Hexagone.\n                            <\/p>\n<p>\n                                Tous droits de reproduction et de repr\u00e9sentation r\u00e9serv\u00e9s.<br \/>\u00a9 2026 FashionNetwork.com\n                            <\/p>\n","protected":false},"excerpt":{"rendered":"Publi\u00e9 le 4 septembre 2026 En constante mutation, le paysage fran\u00e7ais du commerce de produits de sport voit&hellip;\n","protected":false},"author":2,"featured_media":21879,"comment_status":"","ping_status":"","sticky":false,"template":"","format":"standard","meta":{"footnotes":"","_share_on_mastodon":"0"},"categories":[4],"tags":[4681,4840,4843,4863,4865,4864,3875,5,4866,1789,4842,4844,3397,4839,4841],"class_list":["post-21878","post","type-post","status-publish","format-standard","has-post-thumbnail","category-luxembourg","tag-beaute","tag-contact","tag-cosmetiques","tag-decathlon","tag-forum-des-halles","tag-intersport","tag-luxe","tag-luxembourg","tag-millet","tag-mode","tag-parfum","tag-professionnel","tag-professionnels","tag-reseau","tag-textile"],"share_on_mastodon":{"url":"https:\/\/pubeurope.com\/@lu_fr\/117211905616196782","error":""},"_links":{"self":[{"href":"https:\/\/www.europesays.com\/lu-fr\/wp-json\/wp\/v2\/posts\/21878","targetHints":{"allow":["GET"]}}],"collection":[{"href":"https:\/\/www.europesays.com\/lu-fr\/wp-json\/wp\/v2\/posts"}],"about":[{"href":"https:\/\/www.europesays.com\/lu-fr\/wp-json\/wp\/v2\/types\/post"}],"author":[{"embeddable":true,"href":"https:\/\/www.europesays.com\/lu-fr\/wp-json\/wp\/v2\/users\/2"}],"replies":[{"embeddable":true,"href":"https:\/\/www.europesays.com\/lu-fr\/wp-json\/wp\/v2\/comments?post=21878"}],"version-history":[{"count":0,"href":"https:\/\/www.europesays.com\/lu-fr\/wp-json\/wp\/v2\/posts\/21878\/revisions"}],"wp:featuredmedia":[{"embeddable":true,"href":"https:\/\/www.europesays.com\/lu-fr\/wp-json\/wp\/v2\/media\/21879"}],"wp:attachment":[{"href":"https:\/\/www.europesays.com\/lu-fr\/wp-json\/wp\/v2\/media?parent=21878"}],"wp:term":[{"taxonomy":"category","embeddable":true,"href":"https:\/\/www.europesays.com\/lu-fr\/wp-json\/wp\/v2\/categories?post=21878"},{"taxonomy":"post_tag","embeddable":true,"href":"https:\/\/www.europesays.com\/lu-fr\/wp-json\/wp\/v2\/tags?post=21878"}],"curies":[{"name":"wp","href":"https:\/\/api.w.org\/{rel}","templated":true}]}}