{"id":21880,"date":"2026-09-04T09:13:14","date_gmt":"2026-09-04T09:13:14","guid":{"rendered":"https:\/\/www.europesays.com\/lu-fr\/21880\/"},"modified":"2026-09-04T09:13:14","modified_gmt":"2026-09-04T09:13:14","slug":"victorias-secret-releve-ses-previsions-annuelles-apres-une-hausse-de-10-de-ses-ventes","status":"publish","type":"post","link":"https:\/\/www.europesays.com\/lu-fr\/21880\/","title":{"rendered":"Victoria&rsquo;s Secret rel\u00e8ve ses pr\u00e9visions annuelles apr\u00e8s une hausse de 10 % de ses ventes"},"content":{"rendered":"<p>\n                                        Traduit par<br \/>\n                                        <br \/>Anne SCHILLING\n                                    <\/p>\n<p>\n                                    Publi\u00e9 le<br \/>\n                                    <\/p>\n<p>                                        4 septembre 2026<\/p>\n<p class=\"article-content col-md-8 offset-md-1\">\n                                Victoria&rsquo;s Secret (VS&amp;Co.) a annonc\u00e9 jeudi une hausse de 10 % de ses ventes au deuxi\u00e8me trimestre, \u00e0 1,611 milliard de dollars, soit 1,385 milliard d&rsquo;euros, conduisant le g\u00e9ant am\u00e9ricain de la lingerie \u00e0 relever ses pr\u00e9visions de ventes pour l\u2019ensemble de l&rsquo;exercice.<img decoding=\"async\" class=\"news-image\" style=\"width:100%;\" src=\"https:\/\/www.europesays.com\/lu-fr\/wp-content\/uploads\/2026\/09\/1f37.jpg\" alt=\"\" width=\"2048\" height=\"1365\" fetchpriority=\"high\"\/> Victoria&rsquo;s SecretLe groupe, bas\u00e9 \u00e0 Reynoldsburg, dans l&rsquo;Ohio, a \u00e9galement fait \u00e9tat d\u2019une hausse de 9 % de ses ventes \u00e0 p\u00e9rim\u00e8tre comparable sur les trois mois clos le 1er ao\u00fbt, port\u00e9e par une croissance g\u00e9n\u00e9ralis\u00e9e \u00e0 l&rsquo;ensemble de ses activit\u00e9s au cours du trimestre.\n                            <\/p>\n<p>\n                                Tous droits de reproduction et de repr\u00e9sentation r\u00e9serv\u00e9s.<br \/>\u00a9 2026 FashionNetwork.com\n                            <\/p>\n","protected":false},"excerpt":{"rendered":"Traduit par Anne SCHILLING Publi\u00e9 le 4 septembre 2026 Victoria&rsquo;s Secret (VS&amp;Co.) a annonc\u00e9 jeudi une hausse de&hellip;\n","protected":false},"author":2,"featured_media":21881,"comment_status":"","ping_status":"","sticky":false,"template":"","format":"standard","meta":{"footnotes":"","_share_on_mastodon":"0"},"categories":[4],"tags":[4681,4840,4843,3875,5,1789,4842,4844,3397,4839,4841,4867],"class_list":["post-21880","post","type-post","status-publish","format-standard","has-post-thumbnail","category-luxembourg","tag-beaute","tag-contact","tag-cosmetiques","tag-luxe","tag-luxembourg","tag-mode","tag-parfum","tag-professionnel","tag-professionnels","tag-reseau","tag-textile","tag-victorias-secret"],"share_on_mastodon":{"url":"https:\/\/pubeurope.com\/@lu_fr\/117212007847343149","error":""},"_links":{"self":[{"href":"https:\/\/www.europesays.com\/lu-fr\/wp-json\/wp\/v2\/posts\/21880","targetHints":{"allow":["GET"]}}],"collection":[{"href":"https:\/\/www.europesays.com\/lu-fr\/wp-json\/wp\/v2\/posts"}],"about":[{"href":"https:\/\/www.europesays.com\/lu-fr\/wp-json\/wp\/v2\/types\/post"}],"author":[{"embeddable":true,"href":"https:\/\/www.europesays.com\/lu-fr\/wp-json\/wp\/v2\/users\/2"}],"replies":[{"embeddable":true,"href":"https:\/\/www.europesays.com\/lu-fr\/wp-json\/wp\/v2\/comments?post=21880"}],"version-history":[{"count":0,"href":"https:\/\/www.europesays.com\/lu-fr\/wp-json\/wp\/v2\/posts\/21880\/revisions"}],"wp:featuredmedia":[{"embeddable":true,"href":"https:\/\/www.europesays.com\/lu-fr\/wp-json\/wp\/v2\/media\/21881"}],"wp:attachment":[{"href":"https:\/\/www.europesays.com\/lu-fr\/wp-json\/wp\/v2\/media?parent=21880"}],"wp:term":[{"taxonomy":"category","embeddable":true,"href":"https:\/\/www.europesays.com\/lu-fr\/wp-json\/wp\/v2\/categories?post=21880"},{"taxonomy":"post_tag","embeddable":true,"href":"https:\/\/www.europesays.com\/lu-fr\/wp-json\/wp\/v2\/tags?post=21880"}],"curies":[{"name":"wp","href":"https:\/\/api.w.org\/{rel}","templated":true}]}}