{"id":21918,"date":"2026-09-04T15:52:55","date_gmt":"2026-09-04T15:52:55","guid":{"rendered":"https:\/\/www.europesays.com\/lu-fr\/21918\/"},"modified":"2026-09-04T15:52:55","modified_gmt":"2026-09-04T15:52:55","slug":"la-fashion-week-de-new-york-met-en-avant-le-renouveau-des-marques-americaines-historiques","status":"publish","type":"post","link":"https:\/\/www.europesays.com\/lu-fr\/21918\/","title":{"rendered":"La Fashion Week de New York met en avant le renouveau des marques am\u00e9ricaines historiques"},"content":{"rendered":"<p>\n                                        Par<br \/>\n                                        <br \/>Reuters\n                                    <\/p>\n<p>\n                                        Traduit par<br \/>\n                                        <br \/>Cecile Herrero\n                                    <\/p>\n<p>\n                                    Publi\u00e9 le<br \/>\n                                    <\/p>\n<p>                                        4 septembre 2026<\/p>\n<p class=\"article-content col-md-8 offset-md-1\">\n                                La Fashion Week de New York s\u2019ouvrira la semaine prochaine avec une s\u00e9lection de marques am\u00e9ricaines historiques qui ont r\u00e9ussi \u00e0 s\u00e9duire les jeunes consommateurs de la g\u00e9n\u00e9ration Z, et ce malgr\u00e9 les difficult\u00e9s plus larges que traverse le secteur mondial du luxe.<\/p>\n<p><a class=\"button button--primary\" target=\"_blank\" href=\"https:\/\/fr.fashionnetwork.com\/galeries\/photos\/Ralph-Lauren,74340.html\" rel=\"nofollow noopener\">Voir le d\u00e9fil\u00e9<\/a><img decoding=\"async\" class=\"news-image\" style=\"width:100%;max-width:645px;\" src=\"https:\/\/www.europesays.com\/lu-fr\/wp-content\/uploads\/2026\/09\/fce5.jpg\" alt=\"Ralph Lauren - Automne-Hiver 2026-2027 - Mode f\u00e9minine - \u00c9tats-Unis - New York\" width=\"1366\" height=\"2048\" fetchpriority=\"high\"\/>Ralph Lauren &#8211; Automne-Hiver 2026-2027 &#8211; Mode f\u00e9minine &#8211; \u00c9tats-Unis &#8211; New York &#8211; \u00a9Launchmetrics\/spotlight<\/p>\n<p class=\"col-md-8 offset-md-1 article-content--texte\">Cet \u00e9v\u00e9nement tr\u00e8s attendu d\u00e9marrera mercredi \u2014 la veille de l\u2019ouverture officielle \u2014 avec les d\u00e9fil\u00e9s de <a class=\"fnwAddLinks\" href=\"https:\/\/lu.fashionnetwork.com\/tags-ralph-lauren\" title=\"Ralph Lauren\" rel=\"nofollow noopener\" target=\"_blank\">Ralph Lauren<\/a> et <a class=\"fnwAddLinks\" href=\"https:\/\/lu.fashionnetwork.com\/tags-coach\" title=\"Coach\" rel=\"nofollow noopener\" target=\"_blank\">Coach<\/a>, deux maisons qui ont enregistr\u00e9 une forte croissance ces derniers mois.<\/p>\n<p>Les jeunes acheteurs d\u2019Asie et d\u2019Am\u00e9rique du Nord pl\u00e9biscitent autant les pulls torsad\u00e9s et les polos revisit\u00e9s de Ralph Lauren que les sacs Tabby de Coach.<\/p>\n<p class=\"col-md-8 offset-md-1 article-content--texte\"><a class=\"fnwAddLinks\" href=\"https:\/\/lu.fashionnetwork.com\/tags-tommy-hilfiger\" title=\"Tommy Hilfiger\" rel=\"nofollow noopener\" target=\"_blank\">Tommy Hilfiger<\/a>, \u00e9galement associ\u00e9 \u00e0 l\u2019Americana, met fin \u00e0 sa parenth\u00e8se et fait son retour sur les podiums apr\u00e8s avoir lanc\u00e9 une collaboration avec la star de la NFL, Travis Kelce.<\/p>\n<p>\u00ab Le retour de Tommy Hilfiger est un vrai plus pour les marques am\u00e9ricaines historiques pr\u00e9sentes ici et toujours bien vivantes \u00bb, a d\u00e9clar\u00e9 Tori L\u00f3pez, \u00e9ditrice march\u00e9 mode chez W Magazine. \u00ab C\u2019est, en quelque sorte, un retour qui s\u2019inscrit naturellement au sein de cette famille. \u00bb<\/p>\n<p>Pour autant, la demande pour l\u2019habillement haut de gamme am\u00e9ricain reste in\u00e9gale. <a class=\"fnwAddLinks\" href=\"https:\/\/lu.fashionnetwork.com\/tags-michael-kors\" title=\"Michael Kors\" rel=\"nofollow noopener\" target=\"_blank\">Michael Kors<\/a>, qui organise \u00e9galement un d\u00e9fil\u00e9, a d\u00fb composer avec des ventes atones ces derni\u00e8res ann\u00e9es.<\/p>\n<p>La guerre au Moyen-Orient a frein\u00e9 le tourisme en Europe, pesant sur l\u2019ensemble du secteur du luxe. La croissance aux \u00c9tats-Unis, port\u00e9e par les marques locales et les d\u00e9penses des jeunes consommateurs, compense en partie le ralentissement observ\u00e9 au Moyen-Orient et en Europe, a indiqu\u00e9 cet \u00e9t\u00e9 le cabinet de conseil <a class=\"fnwAddLinks\" href=\"https:\/\/lu.fashionnetwork.com\/tags-bain\" title=\"Bain\" rel=\"nofollow noopener\" target=\"_blank\">Bain<\/a> &amp; Company.<\/p>\n<p>Le cr\u00e9ateur Henry Zankov donnera officiellement le coup d\u2019envoi de la Fashion Week de New York jeudi avec sa toute premi\u00e8re collection pour <a class=\"fnwAddLinks\" href=\"https:\/\/lu.fashionnetwork.com\/tags-diane-von-furstenberg\" title=\"Diane von Furstenberg\" rel=\"nofollow noopener\" target=\"_blank\">Diane von Furstenberg<\/a>, tandis que <a class=\"fnwAddLinks\" href=\"https:\/\/lu.fashionnetwork.com\/tags-thom-browne\" title=\"Thom Browne\" rel=\"nofollow noopener\" target=\"_blank\">Thom Browne<\/a> cl\u00f4turera l\u2019\u00e9v\u00e9nement, qui se tient jusqu\u2019au 15 septembre.<\/p>\n<p>Parmi les quelque 70 d\u00e9fil\u00e9s et pr\u00e9sentations de cr\u00e9ateurs figurent \u00e9galement des maisons \u00e9tablies telles que <a class=\"fnwAddLinks\" href=\"https:\/\/lu.fashionnetwork.com\/tags-carolina-herrera\" title=\"Carolina Herrera\" rel=\"nofollow noopener\" target=\"_blank\">Carolina Herrera<\/a>, <a class=\"fnwAddLinks\" href=\"https:\/\/lu.fashionnetwork.com\/tags-christian-siriano\" title=\"Christian Siriano\" rel=\"nofollow noopener\" target=\"_blank\">Christian Siriano<\/a> et <a class=\"fnwAddLinks\" href=\"https:\/\/lu.fashionnetwork.com\/tags-calvin-klein\" title=\"Calvin Klein\" rel=\"nofollow noopener\" target=\"_blank\">Calvin Klein<\/a>. Bas\u00e9 \u00e0 Londres mais originaire de New York, le cr\u00e9ateur Conner Ives, qui a habill\u00e9 des c\u00e9l\u00e9brit\u00e9s pour le Met Gala, fera ses d\u00e9buts \u00e0 la Fashion Week de New York.\n                            <\/p>\n<p>\n                                \u00a9 Thomson Reuters 2026 All rights reserved.\n                            <\/p>\n","protected":false},"excerpt":{"rendered":"Par Reuters Traduit par Cecile Herrero Publi\u00e9 le 4 septembre 2026 La Fashion Week de New York s\u2019ouvrira&hellip;\n","protected":false},"author":2,"featured_media":21919,"comment_status":"","ping_status":"","sticky":false,"template":"","format":"standard","meta":{"footnotes":"","_share_on_mastodon":"0"},"categories":[4],"tags":[4878,4681,4870,4873,4877,4876,4840,4843,4871,3875,5,4872,1789,4842,4844,3397,4875,4839,4841,4874,4869],"class_list":["post-21918","post","type-post","status-publish","format-standard","has-post-thumbnail","category-luxembourg","tag-bain","tag-beaute","tag-calvin-klein","tag-carolina-herrera","tag-christian-siriano","tag-coach","tag-contact","tag-cosmetiques","tag-diane-von-furstenberg","tag-luxe","tag-luxembourg","tag-michael-kors","tag-mode","tag-parfum","tag-professionnel","tag-professionnels","tag-ralph-lauren","tag-reseau","tag-textile","tag-thom-browne","tag-tommy-hilfiger"],"share_on_mastodon":{"url":"https:\/\/pubeurope.com\/@lu_fr\/117213580900314304","error":""},"_links":{"self":[{"href":"https:\/\/www.europesays.com\/lu-fr\/wp-json\/wp\/v2\/posts\/21918","targetHints":{"allow":["GET"]}}],"collection":[{"href":"https:\/\/www.europesays.com\/lu-fr\/wp-json\/wp\/v2\/posts"}],"about":[{"href":"https:\/\/www.europesays.com\/lu-fr\/wp-json\/wp\/v2\/types\/post"}],"author":[{"embeddable":true,"href":"https:\/\/www.europesays.com\/lu-fr\/wp-json\/wp\/v2\/users\/2"}],"replies":[{"embeddable":true,"href":"https:\/\/www.europesays.com\/lu-fr\/wp-json\/wp\/v2\/comments?post=21918"}],"version-history":[{"count":0,"href":"https:\/\/www.europesays.com\/lu-fr\/wp-json\/wp\/v2\/posts\/21918\/revisions"}],"wp:featuredmedia":[{"embeddable":true,"href":"https:\/\/www.europesays.com\/lu-fr\/wp-json\/wp\/v2\/media\/21919"}],"wp:attachment":[{"href":"https:\/\/www.europesays.com\/lu-fr\/wp-json\/wp\/v2\/media?parent=21918"}],"wp:term":[{"taxonomy":"category","embeddable":true,"href":"https:\/\/www.europesays.com\/lu-fr\/wp-json\/wp\/v2\/categories?post=21918"},{"taxonomy":"post_tag","embeddable":true,"href":"https:\/\/www.europesays.com\/lu-fr\/wp-json\/wp\/v2\/tags?post=21918"}],"curies":[{"name":"wp","href":"https:\/\/api.w.org\/{rel}","templated":true}]}}