{"id":21924,"date":"2026-09-04T16:57:15","date_gmt":"2026-09-04T16:57:15","guid":{"rendered":"https:\/\/www.europesays.com\/lu-fr\/21924\/"},"modified":"2026-09-04T16:57:15","modified_gmt":"2026-09-04T16:57:15","slug":"lectra-acquiert-la-majorite-du-capital-de-litalien-caron-technology","status":"publish","type":"post","link":"https:\/\/www.europesays.com\/lu-fr\/21924\/","title":{"rendered":"\u200bLectra acquiert la majorit\u00e9 du capital de l&rsquo;italien Caron Technology"},"content":{"rendered":"<p>\n                                    Publi\u00e9 le<br \/>\n                                    <\/p>\n<p>                                        4 septembre 2026<\/p>\n<p class=\"article-content col-md-8 offset-md-1\">\n                                Le sp\u00e9cialiste fran\u00e7ais des solutions pour les industries de la mode, de l&rsquo;automobile et de l&rsquo;ameublement, Lectra, annonce le renforcement de son alliance avec Caron Technology. L&rsquo;entreprise a en effet pris une participation majoritaire au sein de la soci\u00e9t\u00e9 transalpine Caron Technology, avec laquelle elle collaborait depuis pr\u00e8s de deux d\u00e9cennies. Cette op\u00e9ration vise \u00e0 proposer une offre unifi\u00e9e et compl\u00e8te de syst\u00e8mes de pr\u00e9paration \u00e0 la coupe pour les mat\u00e9riaux souples.<img decoding=\"async\" class=\"news-image\" style=\"width:100%;\" src=\"https:\/\/www.europesays.com\/lu-fr\/wp-content\/uploads\/2026\/09\/00ed.jpg\" alt=\"L'\u00e9tendeur automatique Lion 100 \u2013 200 de Caron\" width=\"1191\" height=\"844\" fetchpriority=\"high\"\/>L&rsquo;\ufffdtendeur automatique Lion 100 ? 200 de Caron &#8211; CaronDans le d\u00e9tail, Lectra a acquis 70 % des parts de Caron Technology lors d&rsquo;une transaction finalis\u00e9e en ao\u00fbt pour un montant de 1,9 million d&rsquo;euros.\n                            <\/p>\n<p>\n                                Tous droits de reproduction et de repr\u00e9sentation r\u00e9serv\u00e9s.<br \/>\u00a9 2026 FashionNetwork.com\n                            <\/p>\n","protected":false},"excerpt":{"rendered":"Publi\u00e9 le 4 septembre 2026 Le sp\u00e9cialiste fran\u00e7ais des solutions pour les industries de la mode, de l&rsquo;automobile&hellip;\n","protected":false},"author":2,"featured_media":21925,"comment_status":"","ping_status":"","sticky":false,"template":"","format":"standard","meta":{"footnotes":"","_share_on_mastodon":"0"},"categories":[4],"tags":[4681,4879,4840,4843,4881,4880,3875,5,1789,4842,4844,3397,4839,4841],"class_list":["post-21924","post","type-post","status-publish","format-standard","has-post-thumbnail","category-luxembourg","tag-beaute","tag-caron","tag-contact","tag-cosmetiques","tag-launchmetrics","tag-lectra","tag-luxe","tag-luxembourg","tag-mode","tag-parfum","tag-professionnel","tag-professionnels","tag-reseau","tag-textile"],"share_on_mastodon":{"url":"https:\/\/pubeurope.com\/@lu_fr\/117213832431639541","error":""},"_links":{"self":[{"href":"https:\/\/www.europesays.com\/lu-fr\/wp-json\/wp\/v2\/posts\/21924","targetHints":{"allow":["GET"]}}],"collection":[{"href":"https:\/\/www.europesays.com\/lu-fr\/wp-json\/wp\/v2\/posts"}],"about":[{"href":"https:\/\/www.europesays.com\/lu-fr\/wp-json\/wp\/v2\/types\/post"}],"author":[{"embeddable":true,"href":"https:\/\/www.europesays.com\/lu-fr\/wp-json\/wp\/v2\/users\/2"}],"replies":[{"embeddable":true,"href":"https:\/\/www.europesays.com\/lu-fr\/wp-json\/wp\/v2\/comments?post=21924"}],"version-history":[{"count":0,"href":"https:\/\/www.europesays.com\/lu-fr\/wp-json\/wp\/v2\/posts\/21924\/revisions"}],"wp:featuredmedia":[{"embeddable":true,"href":"https:\/\/www.europesays.com\/lu-fr\/wp-json\/wp\/v2\/media\/21925"}],"wp:attachment":[{"href":"https:\/\/www.europesays.com\/lu-fr\/wp-json\/wp\/v2\/media?parent=21924"}],"wp:term":[{"taxonomy":"category","embeddable":true,"href":"https:\/\/www.europesays.com\/lu-fr\/wp-json\/wp\/v2\/categories?post=21924"},{"taxonomy":"post_tag","embeddable":true,"href":"https:\/\/www.europesays.com\/lu-fr\/wp-json\/wp\/v2\/tags?post=21924"}],"curies":[{"name":"wp","href":"https:\/\/api.w.org\/{rel}","templated":true}]}}