{"id":21936,"date":"2026-09-05T03:02:20","date_gmt":"2026-09-05T03:02:20","guid":{"rendered":"https:\/\/www.europesays.com\/lu-fr\/21936\/"},"modified":"2026-09-05T03:02:20","modified_gmt":"2026-09-05T03:02:20","slug":"julie-kegels-remporte-le-prix-lvmh","status":"publish","type":"post","link":"https:\/\/www.europesays.com\/lu-fr\/21936\/","title":{"rendered":"Julie Kegels remporte le Prix LVMH"},"content":{"rendered":"<p>\n                                    Publi\u00e9 le<br \/>\n                                    <\/p>\n<p>                                        4 septembre 2026<\/p>\n<p class=\"article-content col-md-8 offset-md-1\">\n                                C\u2019est une annonce qui vient mettre un terme \u00e0 plusieurs mois d\u2019attente. Cet apr\u00e8s-midi, les laur\u00e9ats du <a href=\"https:\/\/fr.fashionnetwork.com\/tags-prix-lvmh\" rel=\"nofollow noopener\" target=\"_blank\">Prix LVMH<\/a>, du Prix <a class=\"fnwAddLinks\" href=\"https:\/\/lu.fashionnetwork.com\/tags-karl-lagerfeld\" title=\"Karl Lagerfeld\" rel=\"nofollow noopener\" target=\"_blank\">Karl Lagerfeld<\/a> et du Prix des Savoir-Faire ont \u00e9t\u00e9 d\u00e9voil\u00e9s devant de nombreux invit\u00e9s et les membres du jury de cette \u00e9dition, parmi lesquels <a href=\"https:\/\/fr.fashionnetwork.com\/tags-jonathan-anderson\" rel=\"nofollow noopener\" target=\"_blank\">Jonathan Anderson<\/a>, <a href=\"https:\/\/fr.fashionnetwork.com\/tags-maria-grazia-chiuri\" rel=\"nofollow noopener\" target=\"_blank\">Maria Grazia Chiuri<\/a>, <a href=\"https:\/\/fr.fashionnetwork.com\/tags-marc-jacobs\" rel=\"nofollow noopener\" target=\"_blank\">Marc Jacobs<\/a>, <a href=\"https:\/\/fr.fashionnetwork.com\/tags-stella-mccartney\" rel=\"nofollow noopener\" target=\"_blank\">Stella McCartney<\/a>, <a href=\"https:\/\/fr.fashionnetwork.com\/tags-nigo\" rel=\"nofollow noopener\" target=\"_blank\">Nigo<\/a>, <a href=\"https:\/\/fr.fashionnetwork.com\/search\/?p0=Michael+Rider\" rel=\"nofollow noopener\" target=\"_blank\">Michael Rider<\/a> ou encore <a href=\"https:\/\/fr.fashionnetwork.com\/tags-delphine-arnault\" rel=\"nofollow noopener\" target=\"_blank\">Delphine Arnault<\/a>. Les trois cr\u00e9ateurs auront su se distinguer parmi neuf finalistes, dont les noms ont \u00e9t\u00e9 d\u00e9voil\u00e9s <a href=\"https:\/\/fr.fashionnetwork.com\/news\/Le-prix-lvmh-devoile-ses-neuf-finalistes,1826873.html\" rel=\"nofollow noopener\" target=\"_blank\">en avril dernier<\/a>.<\/p>\n<p><img decoding=\"async\" class=\"news-image\" style=\"width:100%;max-width:544px;\" src=\"https:\/\/www.europesays.com\/lu-fr\/wp-content\/uploads\/2026\/09\/cf08.jpg\" alt=\"Julie Kegels est notamment pass\u00e9e par l'Acad\u00e9mie Royale des beaux-arts d'Anvers\" width=\"1152\" height=\"2048\" fetchpriority=\"high\"\/>Julie Kegels est notamment pass\u00e9e par l&rsquo;Acad\u00e9mie Royale des beaux-arts d&rsquo;Anvers &#8211; Prix LVMH<\/p>\n<p class=\"col-md-8 offset-md-1 article-content--texte\">Le Prix <a class=\"fnwAddLinks\" href=\"https:\/\/lu.fashionnetwork.com\/tags-lvmh\" title=\"LVMH\" rel=\"nofollow noopener\" target=\"_blank\">LVMH<\/a> 2026 a ainsi \u00e9t\u00e9 remis \u00e0 la cr\u00e9atrice belge <a href=\"https:\/\/fr.fashionnetwork.com\/search\/?p0=Julie+Kegels\" rel=\"nofollow noopener\" target=\"_blank\">Julie Kegels<\/a> pour son travail accompli avec le label du m\u00eame nom, fond\u00e9 en 2024.\u00a0Son terrain de jeu est le vestiaire f\u00e9minin aux multiples facettes repr\u00e9sentant les diff\u00e9rentes identit\u00e9s de chaque femme.<\/p>\n<p>Julie Kegels se distingue avec des silhouettes sculpturales, des techniques artisanales et des mat\u00e9riaux durables, inspir\u00e9s de souvenirs personnels, d\u2019espaces domestiques et de la vie moderne. Form\u00e9e \u00e0 l\u2019Acad\u00e9mie royale des beaux-arts d\u2019Anvers, la designer a notamment appris aux c\u00f4t\u00e9s de <a href=\"https:\/\/fr.fashionnetwork.com\/search\/?p0=Pieter+Mulier\" rel=\"nofollow noopener\" target=\"_blank\">Pieter Mulier<\/a> et Meryll Rogue. La jeune cr\u00e9atrice remporte ainsi la somme de 400.000 euros ainsi qu\u2019un mentorat personnalis\u00e9 d&rsquo;un an par les \u00e9quipes internes de LVMH.<\/p>\n<p><img decoding=\"async\" class=\"news-image\" style=\"width:100%;max-width:544px;\" src=\"https:\/\/www.europesays.com\/lu-fr\/wp-content\/uploads\/2026\/09\/d5af.jpg\" alt=\"Zane Li d\u00e9croche le Prix Karl Lagerfeld avec son label LII\" width=\"1152\" height=\"2048\" loading=\"lazy\"\/>Zane Li d\u00e9croche le Prix Karl Lagerfeld avec son label LII &#8211; Prix LVMH<\/p>\n<p class=\"col-md-8 offset-md-1 article-content--texte\">Cet apr\u00e8s-midi, la <a href=\"https:\/\/fr.fashionnetwork.com\/search\/?p0=Fondation+LVMH\" rel=\"nofollow noopener\" target=\"_blank\">Fondation LVMH<\/a> a \u00e9galement vu le sacre de Zane Li et son label LII, qui remporte le Prix Karl Lagerfeld. Dipl\u00f4m\u00e9 du <a class=\"fnwAddLinks\" href=\"https:\/\/lu.fashionnetwork.com\/tags-fashion-institute-of-technology\" title=\"Fashion Institute of Technology\" rel=\"nofollow noopener\" target=\"_blank\">Fashion Institute of Technology<\/a> (New York) en 2023, le jeune cr\u00e9ateur chinois a fond\u00e9 sa marque peu apr\u00e8s avoir termin\u00e9 ses \u00e9tudes et a d\u00e9voil\u00e9 sa premi\u00e8re collection pour la saison automne-hiver 2024.<\/p>\n<p>Bas\u00e9 \u00e0 New York, il \u00ab\u00a0explore \u00e0 travers son travail la rencontre entre le sport et la haute couture, en r\u00e9interpr\u00e9tant des formes et des silhouettes audacieuses gr\u00e2ce \u00e0 des mati\u00e8res aux textures riches et \u00e0 un jeu de couleurs moderne\u00a0\u00bb, explique le <a class=\"fnwAddLinks\" href=\"https:\/\/lu.fashionnetwork.com\/tags-prix-lvmh\" title=\"Prix LVMH\" rel=\"nofollow noopener\" target=\"_blank\">Prix LVMH<\/a>. Zane Li remporte une dotation de 200.000 euros et un mentorat d&rsquo;un an d\u00e9livr\u00e9 par le groupe pour soutenir la croissance de sa marque.<\/p>\n<p><img decoding=\"async\" class=\"news-image\" style=\"width:100%;max-width:544px;\" src=\"https:\/\/www.europesays.com\/lu-fr\/wp-content\/uploads\/2026\/09\/7b91.jpg\" alt=\"Anil Padia voit son artisanat r\u00e9compens\u00e9 par le Prix des Savoir-Faire\" width=\"1152\" height=\"2048\" loading=\"lazy\"\/>Anil Padia voit son artisanat r\u00e9compens\u00e9 par le Prix des Savoir-Faire &#8211; Prix LVMH<\/p>\n<p class=\"col-md-8 offset-md-1 article-content--texte\">Enfin, le designer indo-kenyan Anil Padia d\u00e9croche le Prix des Savoir-Faire gr\u00e2ce \u00e0 son label <a href=\"https:\/\/fr.fashionnetwork.com\/search\/?p0=Yoshita+1967\" rel=\"nofollow noopener\" target=\"_blank\">Yoshita 1967<\/a>, porte-\u00e9tendard artisanal du crochet, un hobby f\u00e9minin omnipr\u00e9sent au Kenya. Avec ses pi\u00e8ces, le cr\u00e9ateur \u00ab\u00a0explore les th\u00e8mes de l&rsquo;identit\u00e9, de la m\u00e9moire et du tabou\u00a0\u00bb, en utilisant le travail manuel comme \u00ab\u00a0un langage pour relier le pass\u00e9 au pr\u00e9sent, tout en soutenant les communaut\u00e9s \u00e0 l&rsquo;origine de ces cr\u00e9ations\u00a0\u00bb.<\/p>\n<p>Avec ce prix, Anil Padia remporte une bourse de 200.000 euros ainsi qu\u2019une ann\u00e9e de mentorat ax\u00e9e sur la transmission, la pr\u00e9servation des comp\u00e9tences techniques et le d\u00e9veloppement \u00e9co-responsable des collections.\n                            <\/p>\n<p>\n                                Tous droits de reproduction et de repr\u00e9sentation r\u00e9serv\u00e9s.<br \/>\u00a9 2026 FashionNetwork.com\n                            <\/p>\n","protected":false},"excerpt":{"rendered":"Publi\u00e9 le 4 septembre 2026 C\u2019est une annonce qui vient mettre un terme \u00e0 plusieurs mois d\u2019attente. Cet&hellip;\n","protected":false},"author":2,"featured_media":21937,"comment_status":"","ping_status":"","sticky":false,"template":"","format":"standard","meta":{"footnotes":"","_share_on_mastodon":"0"},"categories":[4],"tags":[4681,4840,4843,4886,4888,4884,3875,5,4885,4882,4887,1789,4842,4889,4844,3397,4839,4883,4841],"class_list":["post-21936","post","type-post","status-publish","format-standard","has-post-thumbnail","category-luxembourg","tag-beaute","tag-contact","tag-cosmetiques","tag-delphine-arnault","tag-fashion-institute-of-technology","tag-karl-lagerfeld","tag-luxe","tag-luxembourg","tag-lvmh","tag-marc-jacobs","tag-maria-grazia-chiuri","tag-mode","tag-parfum","tag-prix-lvmh","tag-professionnel","tag-professionnels","tag-reseau","tag-stella-mccartney","tag-textile"],"share_on_mastodon":{"url":"https:\/\/pubeurope.com\/@lu_fr\/117216211574761956","error":""},"_links":{"self":[{"href":"https:\/\/www.europesays.com\/lu-fr\/wp-json\/wp\/v2\/posts\/21936","targetHints":{"allow":["GET"]}}],"collection":[{"href":"https:\/\/www.europesays.com\/lu-fr\/wp-json\/wp\/v2\/posts"}],"about":[{"href":"https:\/\/www.europesays.com\/lu-fr\/wp-json\/wp\/v2\/types\/post"}],"author":[{"embeddable":true,"href":"https:\/\/www.europesays.com\/lu-fr\/wp-json\/wp\/v2\/users\/2"}],"replies":[{"embeddable":true,"href":"https:\/\/www.europesays.com\/lu-fr\/wp-json\/wp\/v2\/comments?post=21936"}],"version-history":[{"count":0,"href":"https:\/\/www.europesays.com\/lu-fr\/wp-json\/wp\/v2\/posts\/21936\/revisions"}],"wp:featuredmedia":[{"embeddable":true,"href":"https:\/\/www.europesays.com\/lu-fr\/wp-json\/wp\/v2\/media\/21937"}],"wp:attachment":[{"href":"https:\/\/www.europesays.com\/lu-fr\/wp-json\/wp\/v2\/media?parent=21936"}],"wp:term":[{"taxonomy":"category","embeddable":true,"href":"https:\/\/www.europesays.com\/lu-fr\/wp-json\/wp\/v2\/categories?post=21936"},{"taxonomy":"post_tag","embeddable":true,"href":"https:\/\/www.europesays.com\/lu-fr\/wp-json\/wp\/v2\/tags?post=21936"}],"curies":[{"name":"wp","href":"https:\/\/api.w.org\/{rel}","templated":true}]}}