{"id":21992,"date":"2026-09-05T22:15:11","date_gmt":"2026-09-05T22:15:11","guid":{"rendered":"https:\/\/www.europesays.com\/lu-fr\/21992\/"},"modified":"2026-09-05T22:15:11","modified_gmt":"2026-09-05T22:15:11","slug":"messancy-a-complete-son-noyau-sur-le-fil","status":"publish","type":"post","link":"https:\/\/www.europesays.com\/lu-fr\/21992\/","title":{"rendered":"Messancy a compl\u00e9t\u00e9 son noyau sur le fil"},"content":{"rendered":"<p class=\"ap-StoryElement ap-StoryElement--mb ap-StoryText\">C&rsquo;est avec P\u00e9tange qu&rsquo;il d\u00e9couvre tr\u00e8s jeune la BGL Ligue, avant de passer par Canach et Mertert-Wasserbillig. Apr\u00e8s une exp\u00e9rience en Italie, \u00e0 l&rsquo;US Arce, il revient au Luxembourg et en BGL Ligue \u00e0 P\u00e9tange, puis Mondercange.<\/p>\n<p class=\"ap-StoryElement ap-StoryElement--mb ap-StoryText\">Ces deux derni\u00e8res saisons, Pitisci \u00e9voluait en Promotion d&rsquo;Honneur, d&rsquo;abord sous les couleurs de Luxembourg City, puis de Schifflange. Alors qu&rsquo;un retour \u00e0 Arce \u00e9tait initialement pr\u00e9vu, le milieu de terrain est finalement revenu dans la r\u00e9gion, faute d&rsquo;accord avec le club italien.<\/p>\n<p class=\"ap-StoryElement ap-StoryElement--mb ap-StoryText\">Autre recrue dans l&rsquo;entrejeu, Kamau Henry arrive avec un profil de sentinelle cens\u00e9 pallier le d\u00e9part d&rsquo;Yvan Bakop. \u00c2g\u00e9 de 21 ans, ce joueur issu de la r\u00e9gion parisienne poss\u00e8de lui aussi un parcours atypique. Le Fran\u00e7ais a notamment connu une exp\u00e9rience en Angleterre, dans le football universitaire avec Arden University, mais aussi en Su\u00e8de, avec un passage par l&rsquo;AFC Eskilstuna.<\/p>\n<p class=\"ap-StoryElement ap-StoryElement--mb ap-StoryText\">Suite \u00e0 la blessure d&rsquo;Anthyme Repan, victime d&rsquo;une rupture des ligaments crois\u00e9s, le club lorrain a \u00e9galement enregistr\u00e9 la signature de Bilal Benmouna. \u00c2g\u00e9 de 23 ans, ce portier fran\u00e7ais \u00e9voluait ces derni\u00e8res saisons \u00e0 Saint-Renan, en Bretagne.<\/p>\n<p class=\"ap-StoryElement ap-StoryElement--mb ap-StoryText\">En toute fin de mercato, les Z\u00e8bres ont aussi jet\u00e9 leur d\u00e9volu sur un profil nettement plus exp\u00e9riment\u00e9 avec Glady Mpia. \u00c2g\u00e9 de 32 ans, ce d\u00e9fenseur central poss\u00e8de derri\u00e8re lui un parcours bien rempli.<\/p>\n<p class=\"ap-StoryElement ap-StoryElement--mb ap-StoryText\">C&rsquo;est d&rsquo;abord au Portugal que le Franco-Congolais s&rsquo;est fait les dents. Pass\u00e9 par Alcanenense, Nogueirense puis Ma\u00e7\u00e3o, il y a accumul\u00e9 plus de 80 apparitions dans les divisions nationales portugaises avant de prendre, en 2019, la direction du Grand-Duch\u00e9.<\/p>\n<p class=\"ap-StoryElement ap-StoryElement--mb ap-StoryText\">Un championnat luxembourgeois qu&rsquo;il conna\u00eet particuli\u00e8rement bien puisqu&rsquo;il y a notamment port\u00e9 les couleurs de Canach, Berbourg, Medernach et Ettelbruck. Il devait d&rsquo;ailleurs, dans un premier temps, s&rsquo;engager dans un autre club grand-ducal, ce qui n&rsquo;a finalement pas \u00e9t\u00e9 possible en raison de certaines sp\u00e9cificit\u00e9s administratives li\u00e9es aux mutations entre clubs nationaux.<\/p>\n<p class=\"ap-StoryElement ap-StoryElement--mb ap-StoryText\">Tout b\u00e9n\u00e9fice pour Romain Oll\u00e9-Nicolle, qui a d\u00e9j\u00e0 pu compter sur ce solide gabarit d&rsquo;1,88 m samedi, face \u00e0 Mormont. Avec son arriv\u00e9e, Messancy ajoute de l&rsquo;exp\u00e9rience \u00e0 un secteur d\u00e9fensif que la direction souhaitait renforcer apr\u00e8s ses premi\u00e8res sorties en Croky Cup et en amicaux.<\/p>\n<p class=\"ap-StoryElement ap-StoryElement--mb ap-StoryText\">Et pour cl\u00f4turer un mercato estival des plus prolifiques, les Z\u00e8bres ont peut-\u00eatre aussi trouv\u00e9 celui qui viendra faire oublier l&rsquo;activit\u00e9 de Romain Lefort sur le flanc droit.<\/p>\n<p class=\"ap-StoryElement ap-StoryElement--mb ap-StoryText\">Il se nomme Stancy Youbi. Originaire du Gabon, le lat\u00e9ral de 22 ans a effectu\u00e9 la majeure partie de sa formation en France avant d&rsquo;int\u00e9grer les \u00e9quipes de jeunes de la Jeunesse d&rsquo;Esch. Il a ensuite pris la direction de l&rsquo;Allemagne et, plus pr\u00e9cis\u00e9ment, de Sarrebruck, o\u00f9 il \u00e9voluait ces deux derni\u00e8res saisons.<\/p>\n<p class=\"ap-StoryElement ap-StoryElement--mb ap-StoryText\">Avec ces cinq derni\u00e8res recrues, le noyau messanc\u00e9en est d\u00e9sormais complet. Cela m\u00e9ritait bien une petite mise \u00e0 jour.<\/p>\n<p>Le noyau du RFC Messancy<\/p>\n<p class=\"ap-StoryElement ap-StoryElement--mb ap-StoryText\">Gardiens : Bruno Lott, Anthyme Repan, Bilal Benmouna<\/p>\n<p class=\"ap-StoryElement ap-StoryElement--mb ap-StoryText\">D\u00e9fenseurs : Romain Monhonval, Yanis Kassi, Brandon Ikwa, Mohammed Guenoun, Tim\u00e9o Rosi\u00e8re, Eric Kaba, Christian Muaka, Glady Mpia, Stancy Youbi<\/p>\n<p class=\"ap-StoryElement ap-StoryElement--mb ap-StoryText\">Milieux : Victor Couvreur, Th\u00e9lio Zanier, Zakaria Chikhi, Tr\u00e9sor Var, Gianluigi Pitisci, Kamau Henry<\/p>\n<p class=\"ap-StoryElement ap-StoryElement--mb ap-StoryText\">Attaquants : Rayane Zorkot, Bruno Fonseca, Adam Tourche, Mohamed Kaba, Bigen Yala Lusala, Mouhammed Rassoul Ndiaye, Erwan Hoarau, Ricky Bea<\/p>\n","protected":false},"excerpt":{"rendered":"C&rsquo;est avec P\u00e9tange qu&rsquo;il d\u00e9couvre tr\u00e8s jeune la BGL Ligue, avant de passer par Canach et Mertert-Wasserbillig. Apr\u00e8s&hellip;\n","protected":false},"author":2,"featured_media":21993,"comment_status":"","ping_status":"","sticky":false,"template":"","format":"standard","meta":{"footnotes":"","_share_on_mastodon":"0"},"categories":[4],"tags":[2166,402,4891,4892,1966,994,832,4893,28,21,4894,1186,29,30,4895,31,1946,550,2054,5,721,4178,4896,4897,2057,4898,2058,824,2059,1010,4899,2060,42,43,565,2061,46,1197],"class_list":["post-21992","post","type-post","status-publish","format-standard","has-post-thumbnail","category-luxembourg","tag-david-hagemann","tag-402","tag-antwerp","tag-antwerp-fc","tag-antwerpen","tag-anvers","tag-club","tag-de-ploeg-van-t-stad","tag-foot","tag-football","tag-great","tag-jpl","tag-jupiler","tag-jupiler-pro-league","tag-lantwerp","tag-league","tag-les","tag-liege","tag-luik","tag-luxembourg","tag-match","tag-old","tag-rafc","tag-reds","tag-rodjes","tag-roodwit","tag-rouches","tag-rouges","tag-rouges-et-blancs","tag-royal","tag-royal-antwerp-football","tag-rscl","tag-soccer","tag-sport","tag-standard","tag-standardmen","tag-voetbal","tag-wedstrijd"],"share_on_mastodon":{"url":"https:\/\/pubeurope.com\/@lu_fr\/117220745416521982","error":""},"_links":{"self":[{"href":"https:\/\/www.europesays.com\/lu-fr\/wp-json\/wp\/v2\/posts\/21992","targetHints":{"allow":["GET"]}}],"collection":[{"href":"https:\/\/www.europesays.com\/lu-fr\/wp-json\/wp\/v2\/posts"}],"about":[{"href":"https:\/\/www.europesays.com\/lu-fr\/wp-json\/wp\/v2\/types\/post"}],"author":[{"embeddable":true,"href":"https:\/\/www.europesays.com\/lu-fr\/wp-json\/wp\/v2\/users\/2"}],"replies":[{"embeddable":true,"href":"https:\/\/www.europesays.com\/lu-fr\/wp-json\/wp\/v2\/comments?post=21992"}],"version-history":[{"count":0,"href":"https:\/\/www.europesays.com\/lu-fr\/wp-json\/wp\/v2\/posts\/21992\/revisions"}],"wp:featuredmedia":[{"embeddable":true,"href":"https:\/\/www.europesays.com\/lu-fr\/wp-json\/wp\/v2\/media\/21993"}],"wp:attachment":[{"href":"https:\/\/www.europesays.com\/lu-fr\/wp-json\/wp\/v2\/media?parent=21992"}],"wp:term":[{"taxonomy":"category","embeddable":true,"href":"https:\/\/www.europesays.com\/lu-fr\/wp-json\/wp\/v2\/categories?post=21992"},{"taxonomy":"post_tag","embeddable":true,"href":"https:\/\/www.europesays.com\/lu-fr\/wp-json\/wp\/v2\/tags?post=21992"}],"curies":[{"name":"wp","href":"https:\/\/api.w.org\/{rel}","templated":true}]}}