{"id":22010,"date":"2026-09-06T08:47:16","date_gmt":"2026-09-06T08:47:16","guid":{"rendered":"https:\/\/www.europesays.com\/lu-fr\/22010\/"},"modified":"2026-09-06T08:47:16","modified_gmt":"2026-09-06T08:47:16","slug":"aubervilliers-petition-pour-louverture-de-2-classes-au-college-rosa-luxembourg","status":"publish","type":"post","link":"https:\/\/www.europesays.com\/lu-fr\/22010\/","title":{"rendered":"Aubervilliers P\u00e9tition pour l&rsquo;ouverture de 2 classes au coll\u00e8ge Rosa Luxembourg"},"content":{"rendered":"<p>Coll\u00e8ge Rosa Luxembourg : il faut agir vite pour cette rentr\u00e9e 2026 !<\/p>\n<p>Le coll\u00e8ge est presque plein\u00a0: les 6e et 5e sont compl\u00e8tes et il reste peu de places dans les autres niveaux. Avec l\u2019arriv\u00e9e de nouveaux \u00e9l\u00e8ves, notamment au sein du dispositif UPE2A, et la construction de nouveaux logements dans le quartier, la situation risque de devenir encore plus difficile.<\/p>\n<p>Les parents, les personnels et la FCPE d\u2019Aubervilliers demandent l\u2019ouverture d\u2019une classe de 6e et d\u2019une classe de 5e, ainsi que des moyens suppl\u00e9mentaires pour accueillir tous les \u00e9l\u00e8ves dans de bonnes conditions.<\/p>\n<p>Signez la p\u00e9tition et \u00e9crivez \u00e0 la DSDEN (message type sous la p\u00e9tition) pour demander une r\u00e9ponse et des moyens pour le coll\u00e8ge Rosa Luxemburg !<\/p>\n<p>Chaque signature compte. Faites circuler !<br \/><a class=\"moz-txt-link-freetext\" href=\"https:\/\/framapetitions.org\/petition\/org\/college-rosa-luxemburg\/ouvrons-plus-de-classes-au-college-rosa-luxemburg-a-la-rentree-2026\" rel=\"nofollow noopener\" target=\"_blank\">https:\/\/framapetitions.org\/petition\/org\/college-rosa-luxemburg\/ouvrons-plus-de-classes-au-college-rosa-luxemburg-a-la-rentree-2026<\/a><\/p>\n","protected":false},"excerpt":{"rendered":"Coll\u00e8ge Rosa Luxembourg : il faut agir vite pour cette rentr\u00e9e 2026 ! Le coll\u00e8ge est presque plein\u00a0:&hellip;\n","protected":false},"author":2,"featured_media":22011,"comment_status":"","ping_status":"","sticky":false,"template":"","format":"standard","meta":{"footnotes":"","_share_on_mastodon":"0"},"categories":[4],"tags":[4902,4907,4901,5,4904,4910,4908,4905,4906,4900,4909,4903],"class_list":["post-22010","post","type-post","status-publish","format-standard","has-post-thumbnail","category-luxembourg","tag-colleges","tag-contractuels","tag-fonction-publique","tag-luxembourg","tag-lycees","tag-ministere-de-l","tag-organisations-syndicales","tag-professeurs","tag-syndical","tag-syndicales","tag-syndicalisme","tag-syndicat-national"],"share_on_mastodon":{"url":"https:\/\/pubeurope.com\/@lu_fr\/117223230308181423","error":""},"_links":{"self":[{"href":"https:\/\/www.europesays.com\/lu-fr\/wp-json\/wp\/v2\/posts\/22010","targetHints":{"allow":["GET"]}}],"collection":[{"href":"https:\/\/www.europesays.com\/lu-fr\/wp-json\/wp\/v2\/posts"}],"about":[{"href":"https:\/\/www.europesays.com\/lu-fr\/wp-json\/wp\/v2\/types\/post"}],"author":[{"embeddable":true,"href":"https:\/\/www.europesays.com\/lu-fr\/wp-json\/wp\/v2\/users\/2"}],"replies":[{"embeddable":true,"href":"https:\/\/www.europesays.com\/lu-fr\/wp-json\/wp\/v2\/comments?post=22010"}],"version-history":[{"count":0,"href":"https:\/\/www.europesays.com\/lu-fr\/wp-json\/wp\/v2\/posts\/22010\/revisions"}],"wp:featuredmedia":[{"embeddable":true,"href":"https:\/\/www.europesays.com\/lu-fr\/wp-json\/wp\/v2\/media\/22011"}],"wp:attachment":[{"href":"https:\/\/www.europesays.com\/lu-fr\/wp-json\/wp\/v2\/media?parent=22010"}],"wp:term":[{"taxonomy":"category","embeddable":true,"href":"https:\/\/www.europesays.com\/lu-fr\/wp-json\/wp\/v2\/categories?post=22010"},{"taxonomy":"post_tag","embeddable":true,"href":"https:\/\/www.europesays.com\/lu-fr\/wp-json\/wp\/v2\/tags?post=22010"}],"curies":[{"name":"wp","href":"https:\/\/api.w.org\/{rel}","templated":true}]}}