{"id":10004,"date":"2025-10-01T20:30:17","date_gmt":"2025-10-01T20:30:17","guid":{"rendered":"https:\/\/www.europesays.com\/lv\/10004\/"},"modified":"2025-10-01T20:30:17","modified_gmt":"2025-10-01T20:30:17","slug":"cehija-klust-par-pirmo-es-valsti-kas-ierobezo-krievijas-diplomatu-iebrauksanu-valsti","status":"publish","type":"post","link":"https:\/\/www.europesays.com\/lv\/10004\/","title":{"rendered":"\u010cehija k\u013c\u016bst par pirmo ES valsti, kas ierobe\u017eo Krievijas diplom\u0101tu iebrauk\u0161anu valst\u012b"},"content":{"rendered":"<p>ES apsver iesp\u0113ju ierobe\u017eot Krievijas diplom\u0101tu p\u0101rvieto\u0161anos \u0160engenas zon\u0101.<\/p>\n<p>&#8220;M\u0113s esam noteiku\u0161i iebrauk\u0161anas aizliegumu Krievijas diplom\u0101tisko un dienesta pasu tur\u0113t\u0101jiem starptautiskaj\u0101s lidost\u0101s,&#8221; \u017eurn\u0101listiem pav\u0113st\u012bja \u010cehijas \u0101rlietu ministrs Jans Lipavskis. Vi\u0146\u0161 piebilda, ka iece\u013cot dr\u012bkst\u0113s Krievijas pilso\u0146i ar Pr\u0101g\u0101 izsniegtu akredit\u0101ciju un ka \u0161ie ierobe\u017eojumi neattiecas uz Maskavas v\u0113stniec\u012bb\u0101 Pr\u0101g\u0101 str\u0101d\u0101jo\u0161ajiem diplom\u0101tiem.<\/p>\n<p>\u010cehijas \u0100rlietu ministrijas preses p\u0101rst\u0101vis zi\u0146u a\u0123ent\u016brai AFP atkl\u0101ja, ka ierobe\u017eojumi st\u0101jas sp\u0113k\u0101 nekav\u0113joties un ka Pr\u0101ga ir pirm\u0101 ES valsts, kas pie\u0146\u0113musi \u0161\u0101du l\u0113mumu.<\/p>\n<p>Lipavskis \u017eurn\u0101listiem nor\u0101d\u012bja, ka <a href=\"https:\/\/www.apollo.lv\/term\/556919\/cehija\" class=\"topicLink\" target=\"_blank\" rel=\"nofollow noopener\">\u010cehija<\/a> &#8220;turpin\u0101s virz\u012bt priek\u0161likumu par \u0161\u0101du ierobe\u017eojumu ievie\u0161anu Eiropas m\u0113rog\u0101 un \u0160engenas zon\u0101. Vi\u0146\u0161 piebilda, ka tas \u013cautu atrisin\u0101t dro\u0161\u012bbas probl\u0113mas, jo Krievijas diplom\u0101tisk\u0101 dienesta aizseg\u0101 darbojas krievu spiegu t\u012bkli.<\/p>\n","protected":false},"excerpt":{"rendered":"ES apsver iesp\u0113ju ierobe\u017eot Krievijas diplom\u0101tu p\u0101rvieto\u0161anos \u0160engenas zon\u0101. &#8220;M\u0113s esam noteiku\u0161i iebrauk\u0161anas aizliegumu Krievijas diplom\u0101tisko un dienesta&hellip;\n","protected":false},"author":2,"featured_media":10005,"comment_status":"","ping_status":"","sticky":false,"template":"","format":"standard","meta":{"footnotes":""},"categories":[14],"tags":[23,57,28,29,2561,32,33,22,234,30,31,35,39,38,36,37,34,40,20,26,27,24,25,54,55,56,21,58],"class_list":{"0":"post-10004","1":"post","2":"type-post","3":"status-publish","4":"format-standard","5":"has-post-thumbnail","7":"category-zinas-no-arvalstim","8":"tag-aktualitates","9":"tag-arvalstim","10":"tag-breaking-news","11":"tag-breakingnews","12":"tag-cehija","13":"tag-featured-news","14":"tag-featurednews","15":"tag-headlines","16":"tag-krievija","17":"tag-latest-news","18":"tag-latestnews","19":"tag-latvia","20":"tag-latvian","21":"tag-latviesu","22":"tag-latviesu-valoda","23":"tag-latviesuvaloda","24":"tag-latvija","25":"tag-lv","26":"tag-news","27":"tag-popularakas-zinas","28":"tag-popularakaszinas","29":"tag-top-stories","30":"tag-topstories","31":"tag-world","32":"tag-world-news","33":"tag-worldnews","34":"tag-zinas","35":"tag-zinas-no-arvalstim"},"share_on_mastodon":{"url":"","error":""},"_links":{"self":[{"href":"https:\/\/www.europesays.com\/lv\/wp-json\/wp\/v2\/posts\/10004","targetHints":{"allow":["GET"]}}],"collection":[{"href":"https:\/\/www.europesays.com\/lv\/wp-json\/wp\/v2\/posts"}],"about":[{"href":"https:\/\/www.europesays.com\/lv\/wp-json\/wp\/v2\/types\/post"}],"author":[{"embeddable":true,"href":"https:\/\/www.europesays.com\/lv\/wp-json\/wp\/v2\/users\/2"}],"replies":[{"embeddable":true,"href":"https:\/\/www.europesays.com\/lv\/wp-json\/wp\/v2\/comments?post=10004"}],"version-history":[{"count":0,"href":"https:\/\/www.europesays.com\/lv\/wp-json\/wp\/v2\/posts\/10004\/revisions"}],"wp:featuredmedia":[{"embeddable":true,"href":"https:\/\/www.europesays.com\/lv\/wp-json\/wp\/v2\/media\/10005"}],"wp:attachment":[{"href":"https:\/\/www.europesays.com\/lv\/wp-json\/wp\/v2\/media?parent=10004"}],"wp:term":[{"taxonomy":"category","embeddable":true,"href":"https:\/\/www.europesays.com\/lv\/wp-json\/wp\/v2\/categories?post=10004"},{"taxonomy":"post_tag","embeddable":true,"href":"https:\/\/www.europesays.com\/lv\/wp-json\/wp\/v2\/tags?post=10004"}],"curies":[{"name":"wp","href":"https:\/\/api.w.org\/{rel}","templated":true}]}}