{"id":100067,"date":"2026-01-10T10:24:08","date_gmt":"2026-01-10T10:24:08","guid":{"rendered":"https:\/\/www.europesays.com\/lv\/100067\/"},"modified":"2026-01-10T10:24:08","modified_gmt":"2026-01-10T10:24:08","slug":"latvija-plano-veidot-60-jaunus-padeltenisa-kortus-1188-lv-2","status":"publish","type":"post","link":"https:\/\/www.europesays.com\/lv\/100067\/","title":{"rendered":"Latvij\u0101 pl\u0101no veidot 60 jaunus padeltenisa kortus &#8211; 1188.lv"},"content":{"rendered":"<ol>\n<li><a href=\"https:\/\/news.google.com\/rss\/articles\/CBMiiwFBVV95cUxPQUw5bk5iVnoxZS10cGNvVzQ3b3ZCMlN1RE1tamQzekFPekVVVGppWE5tSFdxcUlIUThlbnBPaE1iaEt5Xy13ejRwbnpGWmxtamtOeUJWQ1lJT3kyV0dzRHVhUnZaekVNTko2SWJKZmM3ajRwVHQwWXpwQlVSM3hPaHA4MEFyQkZOajcw?oc=5\" target=\"_blank\" rel=\"nofollow noopener\">Latvij\u0101 pl\u0101no veidot 60 jaunus padeltenisa kortus<\/a>&nbsp;&nbsp;1188.lv<\/li>\n<li><a href=\"https:\/\/news.google.com\/rss\/articles\/CBMi4wFBVV95cUxNM1lVSmhQVGlJXy1TdmFLdnVfb1Z6U3dYTEhORDZzWGhLbHBOY0EweGZzMkxBQUQtWmF1dldYeHY4dmQ3MnA4Rk9fWThhY1BSM0pyQW1hSC0tZXJZb3lja3dHRXcwOGN4WXpER1hhZGhSTmVENUl1d1lZTEhaUG1aSC1OMU5qNFB1NGdJU21JUk4tazk4bDlhbUtwTVM2OUtYdDl1dVJBUS1ZYWF2bzBJa29RMGRfa3g1dDVLTFJYcXFEc2hnWnhNbnpMSUJkRVhEd2l3ekoyWVhuYXhId3l5T1JHMA?oc=5\" target=\"_blank\" rel=\"nofollow noopener\">Padeltenisa bums sasniedz Latviju. Ieguld\u012bs 25 miljonus &#8220;Epic Padel&#8221; kortu att\u012bst\u012bb\u0101<\/a>&nbsp;&nbsp;Delfi<\/li>\n<li><a href=\"https:\/\/news.google.com\/rss\/articles\/CBMivgFBVV95cUxQQjJIQ1lJc2N2Q21qdVg3UkxGdXJSVjhtU0EyWTdrdlpzRC1iQkRta1lvVkl2cWhUR1FHcFRJZUpZVzF0X0Q0UF9BMlpqRGhSWVpGQnVodW5Tc1VWaFdYdFM5MVF3MWhqVG9xcWpvSEljOFhSN1FSa1lyc0dYdTRwUlY0T3I3MHJQcFZoRU5hcVdYVWhUMWt4SkxYUmh6S3JiVk1IbVRFSEFBUElERndRM1FxTWQ5YTV1MHBuZUNR?oc=5\" target=\"_blank\" rel=\"nofollow noopener\">\u201cPiche\u201d pl\u0101no ieguld\u012bt 25 miljonus eiro 60 padeltenisa kortu izveid\u0113<\/a>&nbsp;&nbsp;liepajniekiem.lv<\/li>\n<li><a href=\"https:\/\/news.google.com\/rss\/articles\/CBMiogFBVV95cUxQZmFlZmt5cmZud0h3LUdLOTJhc0dNNlc0ak9adjJIZllkQkhZXzV3aTlWQjVPR0F6TTllTEJuQ0NsSDJyRnVJdnJuSXNVVDM3eUR4U0UtMEt6OGkwd245Q25vNVBycTVDTFEzTVRlNHYtMFI1M0R6aFBCWTVmdkhTNFdUVmFxNHVrM21RUzdnUDJjTTc4UGhRM1VyaHVYMWZZN2c?oc=5\" target=\"_blank\" rel=\"nofollow noopener\">Sp\u0101nij\u0101 iem\u012b\u013cotais padel ce\u013co p\u0101ri robe\u017e\u0101m un k\u013c\u016bst par glob\u0101lu fenomenu<\/a>&nbsp;&nbsp;tv3.lv<\/li>\n<li><a href=\"https:\/\/news.google.com\/rss\/articles\/CBMixAFBVV95cUxQSjBLYVZ0RnFyc3R0R2syTHdZWGdkUlFzMU9yMTcxazJPRnpCTzdVTlFTdklrRUFKTEdhSF9naElQM1BNajlPRGRxV3FjOWpTZmRMSzloekZzNzc1V1VGbC1DeEpzTFd2YVh3MmVYUEF4RWg2MUlNQ2ZUOTVLME14bjFrWDhsVXJVNUtLcVUwZVFRNTZfWkFqVXpXdUc0NHM2MlJtdEpVTVhOQkd0TEZPeHhpTTRKSDFzek8wRUVLSm9VRWlo?oc=5\" target=\"_blank\" rel=\"nofollow noopener\">K\u0101p\u0113c 2026. gad\u0101 izm\u0113\u0123in\u0101t vienu no pasaul\u0113 strauj\u0101k augo\u0161ajiem sporta veidiem \u2013 Padelu<\/a>&nbsp;&nbsp;Lente.lv<\/li>\n<\/ol>\n","protected":false},"excerpt":{"rendered":"Latvij\u0101 pl\u0101no veidot 60 jaunus padeltenisa kortus&nbsp;&nbsp;1188.lv Padeltenisa bums sasniedz Latviju. Ieguld\u012bs 25 miljonus &#8220;Epic Padel&#8221; kortu att\u012bst\u012bb\u0101&nbsp;&nbsp;Delfi&hellip;\n","protected":false},"author":2,"featured_media":99893,"comment_status":"","ping_status":"","sticky":false,"template":"","format":"standard","meta":{"footnotes":""},"categories":[17],"tags":[129,126,853,35,39,38,36,37,34,40,854,127,67,855,128],"class_list":{"0":"post-100067","1":"post","2":"type-post","3":"status-publish","4":"format-standard","5":"has-post-thumbnail","7":"category-sports","8":"tag-__typenameadvicekeyword","9":"tag-id770","10":"tag-id955","11":"tag-latvia","12":"tag-latvian","13":"tag-latviesu","14":"tag-latviesu-valoda","15":"tag-latviesuvaloda","16":"tag-latvija","17":"tag-lv","18":"tag-slugbizness","19":"tag-slugsports","20":"tag-sports","21":"tag-titlebizness","22":"tag-titlesports"},"share_on_mastodon":{"url":"https:\/\/pubeurope.com\/@lv\/115870319433843647","error":""},"_links":{"self":[{"href":"https:\/\/www.europesays.com\/lv\/wp-json\/wp\/v2\/posts\/100067","targetHints":{"allow":["GET"]}}],"collection":[{"href":"https:\/\/www.europesays.com\/lv\/wp-json\/wp\/v2\/posts"}],"about":[{"href":"https:\/\/www.europesays.com\/lv\/wp-json\/wp\/v2\/types\/post"}],"author":[{"embeddable":true,"href":"https:\/\/www.europesays.com\/lv\/wp-json\/wp\/v2\/users\/2"}],"replies":[{"embeddable":true,"href":"https:\/\/www.europesays.com\/lv\/wp-json\/wp\/v2\/comments?post=100067"}],"version-history":[{"count":0,"href":"https:\/\/www.europesays.com\/lv\/wp-json\/wp\/v2\/posts\/100067\/revisions"}],"wp:featuredmedia":[{"embeddable":true,"href":"https:\/\/www.europesays.com\/lv\/wp-json\/wp\/v2\/media\/99893"}],"wp:attachment":[{"href":"https:\/\/www.europesays.com\/lv\/wp-json\/wp\/v2\/media?parent=100067"}],"wp:term":[{"taxonomy":"category","embeddable":true,"href":"https:\/\/www.europesays.com\/lv\/wp-json\/wp\/v2\/categories?post=100067"},{"taxonomy":"post_tag","embeddable":true,"href":"https:\/\/www.europesays.com\/lv\/wp-json\/wp\/v2\/tags?post=100067"}],"curies":[{"name":"wp","href":"https:\/\/api.w.org\/{rel}","templated":true}]}}