{"id":100077,"date":"2026-01-10T10:45:06","date_gmt":"2026-01-10T10:45:06","guid":{"rendered":"https:\/\/www.europesays.com\/lv\/100077\/"},"modified":"2026-01-10T10:45:06","modified_gmt":"2026-01-10T10:45:06","slug":"piektdien-valmieras-puse-izcelies-ugunsgreks-vienstava-razosanas-eka","status":"publish","type":"post","link":"https:\/\/www.europesays.com\/lv\/100077\/","title":{"rendered":"Piektdien Valmieras pus\u0113 izc\u0113lies ugunsgr\u0113ks vienst\u0101va ra\u017eo\u0161anas \u0113k\u0101"},"content":{"rendered":"<p>Piektdien, 9. janv\u0101r\u012b, plkst. 12.10 sa\u0146emts izsaukums uz Valmieras novada Valmiermui\u017eu, kur <a href=\"https:\/\/www.tvnet.lv\/term\/555502\/ugunsgreks\" class=\"topicLink\" target=\"_blank\" rel=\"nofollow noopener\">ugunsgr\u0113ks<\/a> izc\u0113lies vienst\u0101va ra\u017eo\u0161anas \u0113k\u0101. Ierodoties notikuma viet\u0101, <a href=\"https:\/\/www.tvnet.lv\/term\/555464\/vugd\" class=\"topicLink\" target=\"_blank\" rel=\"nofollow noopener\">VUGD<\/a> konstat\u0113ja, ka deg \u0113ka un taj\u0101 eso\u0161\u0101s iek\u0101rtas 204 kvadr\u0101tmetru plat\u012bb\u0101. \u0112k\u0101 bija izveidojies sp\u0113c\u012bgs pied\u016bmojums.<\/p>\n<p>Ugunsgr\u0113k\u0101 cietis cilv\u0113ks, kur\u0161 pirms VUGD iera\u0161an\u0101s kop\u0101 ar kol\u0113\u0123iem bija s\u0101cis dz\u0113\u0161anas darbus ar ugunsdz\u0113s\u012bbas apar\u0101tiem.<\/p>\n<p>Pirms VUGD iera\u0161an\u0101s no \u0113kas evaku\u0113j\u0101s divi cilv\u0113ki. Notikuma viet\u0101 str\u0101d\u0101ja ar\u012b \u010detri Renc\u0113nu br\u012bvpr\u0101t\u012bgie ugunsdz\u0113s\u0113ji, un plkst. 14.26 paaugstin\u0101tas b\u012bstam\u012bbas ugunsgr\u0113ks tika likvid\u0113ts.<\/p>\n<p>Savuk\u0101rt plkst. 21.14 sa\u0146emts izsaukums uz Hel\u0113nas ielu Al\u016bksn\u0113, kur tr\u012bsst\u0101vu dz\u012bvojam\u0101s m\u0101jas tre\u0161\u0101 st\u0101va dz\u012bvokl\u012b uz pl\u012bts 0,1 kvadr\u0101tmetra plat\u012bb\u0101 dega bez uzraudz\u012bbas atst\u0101ts gatavoties \u0113diens. Deg\u0161ana likvid\u0113ta pirms ugunsdz\u0113s\u0113ju gl\u0101b\u0113ju iera\u0161an\u0101s. Notikum\u0101 cieta cilv\u0113ks, kur\u0161 tika nodots Neatliekam\u0101s medic\u012bnisk\u0101s pal\u012bdz\u012bbas dienesta medi\u0137iem.<\/p>\n<p>Darbi notikuma viet\u0101 nosl\u0113gti plkst. 22.01.<\/p>\n<p>Aizvad\u012btaj\u0101 diennakt\u012b VUGD sa\u0146\u0113ma desmit izsaukumus par dego\u0161iem sodr\u0113jiem dz\u012bvojamo m\u0101ju d\u016bmvados un divus izsaukumus uz notikumiem, kur telp\u0101s bija izveidojies pied\u016bmojums, jo nepareizi tika ekspluat\u0113tas apkures iek\u0101rtas. VUGD aicina iedz\u012bvot\u0101jus r\u016bp\u0113ties par savu m\u0101jokli, regul\u0101ri p\u0101rbaud\u012bt apkures ier\u012bces un elektroinstal\u0101ciju, t\u012br\u012bt d\u016bmvadus, k\u0101 ar\u012b uzst\u0101d\u012bt un uztur\u0113t darba k\u0101rt\u012bb\u0101 d\u016bmu detektorus.<\/p>\n<p>VUGD pag\u0101ju\u0161aj\u0101 diennakt\u012b kopum\u0101 sa\u0146\u0113ma 64 izsaukumus, tostarp devi\u0146us izsaukumus uz ugunsgr\u0113ku dz\u0113\u0161anu, 39 uz gl\u0101b\u0161anas darbiem, bet v\u0113l 16 izsaukumi bija maldin\u0101jumi.<\/p>\n","protected":false},"excerpt":{"rendered":"Piektdien, 9. janv\u0101r\u012b, plkst. 12.10 sa\u0146emts izsaukums uz Valmieras novada Valmiermui\u017eu, kur ugunsgr\u0113ks izc\u0113lies vienst\u0101va ra\u017eo\u0161anas \u0113k\u0101. Ierodoties&hellip;\n","protected":false},"author":2,"featured_media":50220,"comment_status":"","ping_status":"","sticky":false,"template":"","format":"standard","meta":{"footnotes":""},"categories":[12],"tags":[23,28,29,32,33,22,30,31,35,39,38,36,37,34,40,20,26,27,24,25,377,4909,4908,21],"class_list":{"0":"post-100077","1":"post","2":"type-post","3":"status-publish","4":"format-standard","5":"has-post-thumbnail","7":"category-latvija","8":"tag-aktualitates","9":"tag-breaking-news","10":"tag-breakingnews","11":"tag-featured-news","12":"tag-featurednews","13":"tag-headlines","14":"tag-latest-news","15":"tag-latestnews","16":"tag-latvia","17":"tag-latvian","18":"tag-latviesu","19":"tag-latviesu-valoda","20":"tag-latviesuvaloda","21":"tag-latvija","22":"tag-lv","23":"tag-news","24":"tag-popularakas-zinas","25":"tag-popularakaszinas","26":"tag-top-stories","27":"tag-topstories","28":"tag-ugunsgreks","29":"tag-valsts-ugunsdzesibas-un-glabsanas-dienests-vugd","30":"tag-vugd","31":"tag-zinas"},"share_on_mastodon":{"url":"https:\/\/pubeurope.com\/@lv\/115870401970776273","error":""},"_links":{"self":[{"href":"https:\/\/www.europesays.com\/lv\/wp-json\/wp\/v2\/posts\/100077","targetHints":{"allow":["GET"]}}],"collection":[{"href":"https:\/\/www.europesays.com\/lv\/wp-json\/wp\/v2\/posts"}],"about":[{"href":"https:\/\/www.europesays.com\/lv\/wp-json\/wp\/v2\/types\/post"}],"author":[{"embeddable":true,"href":"https:\/\/www.europesays.com\/lv\/wp-json\/wp\/v2\/users\/2"}],"replies":[{"embeddable":true,"href":"https:\/\/www.europesays.com\/lv\/wp-json\/wp\/v2\/comments?post=100077"}],"version-history":[{"count":0,"href":"https:\/\/www.europesays.com\/lv\/wp-json\/wp\/v2\/posts\/100077\/revisions"}],"wp:featuredmedia":[{"embeddable":true,"href":"https:\/\/www.europesays.com\/lv\/wp-json\/wp\/v2\/media\/50220"}],"wp:attachment":[{"href":"https:\/\/www.europesays.com\/lv\/wp-json\/wp\/v2\/media?parent=100077"}],"wp:term":[{"taxonomy":"category","embeddable":true,"href":"https:\/\/www.europesays.com\/lv\/wp-json\/wp\/v2\/categories?post=100077"},{"taxonomy":"post_tag","embeddable":true,"href":"https:\/\/www.europesays.com\/lv\/wp-json\/wp\/v2\/tags?post=100077"}],"curies":[{"name":"wp","href":"https:\/\/api.w.org\/{rel}","templated":true}]}}