{"id":10008,"date":"2025-10-01T20:36:16","date_gmt":"2025-10-01T20:36:16","guid":{"rendered":"https:\/\/www.europesays.com\/lv\/10008\/"},"modified":"2025-10-01T20:36:16","modified_gmt":"2025-10-01T20:36:16","slug":"krievijas-lidmasinu-provokacijas-gaisa-gataviba-karam-nato-atbilde-bus-stingra-lente-lv","status":"publish","type":"post","link":"https:\/\/www.europesays.com\/lv\/10008\/","title":{"rendered":"Krievijas lidma\u0161\u012bnu provok\u0101cijas gais\u0101 \u2013 gatav\u012bba karam, NATO atbilde b\u016bs stingra\u00a0\u2014\u00a0Lente.lv"},"content":{"rendered":"<p>Krievijas lidma\u0161\u012bnas sl\u012bpais lidojums \u2013 drauds vai demonstr\u0101cija?<\/p>\n<p>\u0100rpolitikas p\u0113tnieks Sandis \u0160r\u0101ders uzsver, ka Krievijas milit\u0101ro lidapar\u0101tu darb\u012bbas, piem\u0113ram, lidojot sl\u012bpi un demonstrat\u012bvi atkl\u0101jot ra\u0137etes, ir skaidrs sign\u0101ls par gatav\u012bbu karadarb\u012bbai. Vi\u0146\u0161 nor\u0101da, ka \u0161\u0101di incidenti nav uzskat\u0101mi par k\u013c\u016bd\u0101m, bet gan par apzin\u0101t\u0101m provok\u0101cij\u0101m, kuru m\u0113r\u0137is ir p\u0101rbaud\u012bt NATO vienot\u012bbu un rea\u0123\u0113tsp\u0113ju. \u0160r\u0101dera ieskat\u0101, Krievijas lidma\u0161\u012bnu demonstrat\u012bv\u0101 uzved\u012bba ir drauds, kas liecina par gatav\u012bbu iesaist\u012bties milit\u0101r\u0101s oper\u0101cij\u0101s.<\/p>\n<p>NATO misija \u2013 stingra aizsardz\u012bba<\/p>\n<p>\u0160r\u0101ders pau\u017e stingru p\u0101rliec\u012bbu, ka NATO galven\u0101 misija Baltijas re\u0123ion\u0101 ir aizsardz\u012bbas rakstura. Vi\u0146\u0161 uzsver, ka jebkuram Krievijas izn\u012bcin\u0101t\u0101jam, kas \u0161\u0137\u0113rso NATO gaisa telpu, vajadz\u0113tu tikt notriektam. Tas, ka sabiedr\u012bba par Krievijas lidapar\u0101tu vair\u0101kk\u0101rt\u0113jiem gaisa telpas p\u0101rk\u0101pumiem uzzina no medijiem, liecina par nopietnu apdraud\u0113jumu, ko Baltijas valstis pa vienu nesp\u0113j aizsarg\u0101t. K\u0101 piem\u0113ru vi\u0146\u0161 min Igauniju, kuras aizsardz\u012bbas bud\u017eets nesp\u0113tu segt pat viena vai divu F-35 izn\u012bcin\u0101t\u0101ju ieg\u0101di, degvielu un pilotu algas gada garum\u0101. T\u0101d\u0113\u013c gaisa telpas aizsardz\u012bba bez NATO patrul\u0113\u0161anas misij\u0101m nav iedom\u0101jama.<\/p>\n<p>V\u0113st\u012bjums Maskavai: Nenov\u0113r\u0161ama atbilde uz provok\u0101cij\u0101m<\/p>\n<p>NATO ir nos\u016bt\u012bjusi skaidru v\u0113st\u012bjumu Krievijai, br\u012bdinot, ka t\u0101 p\u0101rtrauc neapdom\u012bgos gaisa telpas p\u0101rk\u0101pumus, kas rada nopietnas briesmas un draud ar nep\u0101rdom\u0101tu eskal\u0101ciju. Alianse uzsver, ka ir gatava izmantot visus nepiecie\u0161amos milit\u0101ros un nemilit\u0101ros l\u012bdzek\u013cus, lai aizst\u0101v\u0113tos un attur\u0113tu jebk\u0101dus draudus. NATO Zieme\u013catlantijas padome nosod\u012bjusi Krievijas r\u012bc\u012bbu, un organiz\u0101cija turpin\u0101s rea\u0123\u0113t sav\u0101 izv\u0113l\u0113taj\u0101 veid\u0101, laik\u0101 un darb\u012bbas jom\u0101. Ap\u0146em\u0161an\u0101s iev\u0113rot 5. pantu \u2013 kolekt\u012bv\u0101s aizsardz\u012bbas principu \u2013 paliek nelok\u0101ma. \u0160\u012bs un citas Krievijas bezatbild\u012bg\u0101s darb\u012bbas neatv\u0113r\u012bs sabiedrotos no vi\u0146u saist\u012bb\u0101m atbalst\u012bt Ukrainu, kuras dro\u0161\u012bba veicina kop\u0113jo dro\u0161\u012bbu.<\/p>\n<p>No incidents l\u012bdz uzbrukumam: NATO doktr\u012bnas un reakcijas<\/p>\n<p>Situ\u0101cija, kur\u0101 Krievijas milit\u0101r\u0101s lidma\u0161\u012bnas p\u0101rk\u0101pj NATO dal\u012bbvalstu suver\u0113no gaisa telpu, tiek uzskat\u012bta par \u201cpel\u0113ko zonu\u201d, jo tie\u0161s uzbrukums autom\u0101tiski neiedarbina NATO 5. pantu \u2013 kolekt\u012bv\u0101s aizsardz\u012bbas klauzulu. Tas prasa r\u016bp\u012bgu katras valsts individu\u0101lu izv\u0113rt\u0113jumu par nodomu, bru\u0146ojumu un eskal\u0101cijas risku. L\u0113mumi par iesp\u0113jamu sp\u0113ka pielieto\u0161anu pret gaisa ku\u0123iem, kas p\u0101rk\u0101pj alianses gaisa telpu, tiek pie\u0146emti re\u0101laj\u0101 laik\u0101, balstoties uz pieejamo izl\u016bkdatu anal\u012bzi par lidapar\u0101ta rad\u012bto draudu l\u012bmeni. NATO sp\u0113ki ir gatavi p\u0101rtvert un, ja nepiecie\u0161ams, notriekt Krievijas lidma\u0161\u012bnas, lai nov\u0113rstu draudus. Neskatoties uz frontes l\u012bnijas valstu piepras\u012bjumu p\u0113c stingr\u0101kiem attur\u0113\u0161anas pas\u0101kumiem, da\u017eas dal\u012bbvalstis saglab\u0101 piesardz\u012bgu nost\u0101ju, ba\u017e\u012bjoties par iesp\u0113jamu pla\u0161\u0101ka konflikta izcel\u0161anos. Tom\u0113r alianse turpina mekl\u0113t vienotu nost\u0101ju, lai efekt\u012bvi rea\u0123\u0113tu uz arvien bie\u017e\u0101kajiem Krievijas provok\u0101ciju gad\u012bjumiem.<\/p>\n","protected":false},"excerpt":{"rendered":"Krievijas lidma\u0161\u012bnas sl\u012bpais lidojums \u2013 drauds vai demonstr\u0101cija? \u0100rpolitikas p\u0113tnieks Sandis \u0160r\u0101ders uzsver, ka Krievijas milit\u0101ro lidapar\u0101tu darb\u012bbas,&hellip;\n","protected":false},"author":2,"featured_media":10009,"comment_status":"","ping_status":"","sticky":false,"template":"","format":"standard","meta":{"footnotes":""},"categories":[14],"tags":[23,57,28,29,2760,32,33,2759,22,2758,30,31,35,39,38,36,37,34,40,3841,20,26,27,3840,24,25,54,55,56,21,58],"class_list":{"0":"post-10008","1":"post","2":"type-post","3":"status-publish","4":"format-standard","5":"has-post-thumbnail","7":"category-zinas-no-arvalstim","8":"tag-aktualitates","9":"tag-arvalstim","10":"tag-breaking-news","11":"tag-breakingnews","12":"tag-drosibas-politika","13":"tag-featured-news","14":"tag-featurednews","15":"tag-gaisa-telpas-parkapumi","16":"tag-headlines","17":"tag-krievijas-lidmasinas","18":"tag-latest-news","19":"tag-latestnews","20":"tag-latvia","21":"tag-latvian","22":"tag-latviesu","23":"tag-latviesu-valoda","24":"tag-latviesuvaloda","25":"tag-latvija","26":"tag-lv","27":"tag-nato-aizsardziba","28":"tag-news","29":"tag-popularakas-zinas","30":"tag-popularakaszinas","31":"tag-sandis-sraders","32":"tag-top-stories","33":"tag-topstories","34":"tag-world","35":"tag-world-news","36":"tag-worldnews","37":"tag-zinas","38":"tag-zinas-no-arvalstim"},"share_on_mastodon":{"url":"","error":""},"_links":{"self":[{"href":"https:\/\/www.europesays.com\/lv\/wp-json\/wp\/v2\/posts\/10008","targetHints":{"allow":["GET"]}}],"collection":[{"href":"https:\/\/www.europesays.com\/lv\/wp-json\/wp\/v2\/posts"}],"about":[{"href":"https:\/\/www.europesays.com\/lv\/wp-json\/wp\/v2\/types\/post"}],"author":[{"embeddable":true,"href":"https:\/\/www.europesays.com\/lv\/wp-json\/wp\/v2\/users\/2"}],"replies":[{"embeddable":true,"href":"https:\/\/www.europesays.com\/lv\/wp-json\/wp\/v2\/comments?post=10008"}],"version-history":[{"count":0,"href":"https:\/\/www.europesays.com\/lv\/wp-json\/wp\/v2\/posts\/10008\/revisions"}],"wp:featuredmedia":[{"embeddable":true,"href":"https:\/\/www.europesays.com\/lv\/wp-json\/wp\/v2\/media\/10009"}],"wp:attachment":[{"href":"https:\/\/www.europesays.com\/lv\/wp-json\/wp\/v2\/media?parent=10008"}],"wp:term":[{"taxonomy":"category","embeddable":true,"href":"https:\/\/www.europesays.com\/lv\/wp-json\/wp\/v2\/categories?post=10008"},{"taxonomy":"post_tag","embeddable":true,"href":"https:\/\/www.europesays.com\/lv\/wp-json\/wp\/v2\/tags?post=10008"}],"curies":[{"name":"wp","href":"https:\/\/api.w.org\/{rel}","templated":true}]}}