{"id":100082,"date":"2026-01-10T10:53:25","date_gmt":"2026-01-10T10:53:25","guid":{"rendered":"https:\/\/www.europesays.com\/lv\/100082\/"},"modified":"2026-01-10T10:53:25","modified_gmt":"2026-01-10T10:53:25","slug":"latvija-atvadas-no-legendara-komponista-borisa-reznika-lente-lv","status":"publish","type":"post","link":"https:\/\/www.europesays.com\/lv\/100082\/","title":{"rendered":"Latvija atvad\u0101s no le\u0123end\u0101r\u0101 komponista Borisa Rez\u0146ika\u00a0\u2014\u00a0Lente.lv"},"content":{"rendered":"<p>P\u0113d\u0113j\u0101 atvad\u012b\u0161an\u0101s R\u012bgas krematorij\u0101<\/p>\n<p>\u0160odien, 8. janv\u0101r\u012b, R\u012bgas krematorijas Lielaj\u0101 z\u0101l\u0113 notika atvad\u012b\u0161an\u0101s no talant\u012bg\u0101 latvie\u0161u komponista Borisa Rez\u0146ika, kur\u0161 m\u016b\u017e\u012bb\u0101 dev\u0101s 31. decembr\u012b, 78 gadu vecum\u0101, p\u0113c ilgsto\u0161as un smagas slim\u012bbas. K\u0101 inform\u0113 port\u0101ls jauns.lv, z\u0101l\u0113 pulc\u0113j\u0101s \u0123imene, draugi, kol\u0113\u0123i un talanta cien\u012bt\u0101ji, lai piemin\u0113tu un godin\u0101tu izcil\u0101 m\u016bzi\u0137a piemi\u0146u. Tuvinieki iepriek\u0161 bija l\u016bgu\u0161i nevest vainagus un pu\u0137u pu\u0161\u0137us, dodot priek\u0161roku klusai un sirsn\u012bgai piemi\u0146ai. Rez\u0146iks tika krem\u0113ts, piepildot vi\u0146a pa\u0161a v\u0113lmi, un ir izteikta v\u0113lme uz pieminek\u013ca iek\u013caut k\u0101das vi\u0146a kompon\u0113t\u0101s dziesmas rindas.<\/p>\n<p>M\u016b\u017ea darbs Latvijas m\u016bzikas zelta fond\u0101<\/p>\n<p>Boriss Rez\u0146iks (dzimis 1947. gada 3. maij\u0101 R\u012bg\u0101) bija viens no atpaz\u012bstam\u0101kajiem un m\u012bl\u0113t\u0101kajiem Latvijas komponistiem, kura dai\u013crade sniedzas t\u0101lu aiz popul\u0101r\u0101s m\u016bzikas robe\u017e\u0101m. Vi\u0146a v\u0101rds ir neat\u0146emami saist\u012bts ar le\u0123end\u0101ro m\u016bzikas grupu \u201cEolika\u201d, kuru vi\u0146\u0161 dibin\u0101ja 1966. gad\u0101 kop\u0101 ar citiem Em\u012bla D\u0101rzi\u0146a m\u016bzikas vidusskolas audz\u0113k\u0146iem (s\u0101kotn\u0113ji ar nosaukumu \u201cVarav\u012bksne\u201d). No 1972. l\u012bdz 1992. gadam Rez\u0146iks vad\u012bja \u201cEoliku\u201d, k\u013c\u016bstot par t\u0101s galveno rado\u0161o sp\u0113ku un tausti\u0146instrument\u0101listu. Vi\u0146a rad\u012bt\u0101s melodijas, piem\u0113ram, \u201cPasaule, pasaul\u012bt\u201d, \u201cTu sm\u0113jies sapn\u012b\u201d, \u201cEs neesmu D\u017eeina Fonda\u201d, \u201cTava atn\u0101k\u0161ana\u201d, \u201cDaugava\u201d un \u201cKarav\u0101na\u201d, ir k\u013cuvu\u0161as par neat\u0146emamu Latvijas estr\u0101des m\u016bzikas zelta fondu, ko joproj\u0101m m\u012bl un klaus\u0101s da\u017e\u0101das paaudzes. Kopum\u0101 Rez\u0146iks sacer\u0113jis vair\u0101k nek\u0101 100 dziesmu, k\u0101 ar\u012b rad\u012bjis m\u016bziku te\u0101tra izr\u0101d\u0113m un b\u0113rnu popgrup\u0101m. Vi\u0146a ieguld\u012bjums patriotisk\u0101s dziesmas \u201cAtmostas Baltija\u201d tap\u0161an\u0101 kop\u0101 ar Valdi Pavlovski ir \u012bpa\u0161i noz\u012bm\u012bgs, jo dziesma k\u013cuva par vienu no Atmodas laika simboliem un tika dzied\u0101ta latvie\u0161u, lietuvie\u0161u un igau\u0146u valod\u0101s, padarot komponistu slavenu vis\u0101 Baltij\u0101.<\/p>\n<p>Pla\u0161a rado\u0161\u0101 darb\u012bba un atzin\u012bba<\/p>\n<p>Rez\u0146ika talants neaprobe\u017eoj\u0101s tikai ar dziesmu rakst\u012b\u0161anu grupai \u201cEolika\u201d. Vi\u0146\u0161 kop\u0101 ar komponistu Ivaru V\u012bgneru 1993. gad\u0101 dibin\u0101ja ska\u0146u ierakstu studiju \u201cStudio 55\u201d, kur darboj\u0101s k\u0101 \u012bpa\u0161nieks, producents un ska\u0146u re\u017eisors, radot m\u016bziku rekl\u0101m\u0101m, film\u0101m un te\u0101tra izr\u0101d\u0113m. Par savu noz\u012bm\u012bgo ieguld\u012bjumu Latvijas m\u016bzik\u0101 Boriss Rez\u0146iks sa\u0146\u0113mis vair\u0101kus apbalvojumus, tostarp Latvijas M\u016bzikas ierakstu gada balvu 1997. gad\u0101 un IV \u0161\u0137iras Triju Zvaig\u017e\u0146u ordeni 2010. gad\u0101. Vi\u0146\u0161 sa\u0146\u0113mis ar\u012b Cildin\u0101juma rakstu no Latvijas Valsts prezidenta 2021. gad\u0101. Vi\u0146a jubilejas koncerti, piem\u0113ram, 70. gadadienas pas\u0101kums \u201cMana m\u016b\u017ea melodijas\u201d, apliecin\u0101ja vi\u0146a dai\u013crades ilgtsp\u0113ju un sp\u0113ju savi\u013c\u0146ot da\u017e\u0101das paaudzes.<\/p>\n<p>Atvad\u0101s kol\u0113\u0123i un m\u016bzikas industrijas p\u0101rst\u0101vji<\/p>\n<p>Atvad\u012bties no Borisa Rez\u0146ika ierad\u0101s daudz m\u016bzi\u0137u un rado\u0161o profesiju p\u0101rst\u0101vju, ar kuriem vi\u0146\u0161 sadarbojies savas karjeras laik\u0101. Kl\u0101teso\u0161o vid\u016b bija visi grupas \u201cEolika\u201d dal\u012bbnieki \u2013 Olga Rajecka, Ilona Stepanova, Viktors Zemgals un Dainis Dobelnieks. T\u0101pat bija ieradu\u0161ies komponisti Zigmars Liepi\u0146\u0161, Uldis Marhilevi\u010ds un citi kol\u0113\u0123i, kuriem Rez\u0146ika m\u016bzika bijusi svar\u012bga da\u013ca no vi\u0146u rado\u0161\u0101s dz\u012bves un Latvijas m\u016bzikas v\u0113stures.<\/p>\n<p>C\u012b\u0146a ar slim\u012bbu un m\u016b\u017ea nosl\u0113gums<\/p>\n<p>Par Borisa Rez\u0146ika n\u0101vi 31. decembr\u012b pazi\u0146oja vi\u0146a dz\u012bvesbiedre Aleksandra Solovjova. Vi\u0146a atkl\u0101ja, ka komponista vesel\u012bba bija sa\u0161\u0137ob\u012bjusies jau k\u0101du laiku, vi\u0146am biju\u0161as da\u017e\u0101das saslim\u0161anas, ta\u010du n\u0101ves c\u0113lonis bija onkolo\u0123ija. P\u0113d\u0113jo sava m\u016b\u017ea m\u0113nesi Boriss Rez\u0146iks pavad\u012bja slimn\u012bc\u0101, p\u0113c tam tika p\u0101rvests uz paliat\u012bv\u0101s apr\u016bpes noda\u013cu. Aleksandra Solovjova atzina, ka bija \u0101rk\u0101rt\u012bgi s\u0101p\u012bgi un briesm\u012bgi noraudz\u012bties, k\u0101 v\u012brs vi\u0146as acu priek\u0161\u0101 burtiski izdziest, ta\u010du vi\u0146i c\u012bn\u012bj\u0101s, k\u0101 sp\u0113ja, tom\u0113r slim\u012bba uzvar\u0113ja. Neskatoties uz smago slim\u012bbu, Rez\u0146iks grib\u0113ja v\u0113l kaut ko sakompon\u0113t un vi\u0146am bija idejas un iestr\u0101des, ta\u010du darbs vi\u0146a ierakstu studij\u0101 pa\u0146\u0113ma visu br\u012bvo laiku. Vi\u0146a sieva raksturoja Borisu k\u0101 \u013coti uz\u0146\u0113m\u012bgu un atbild\u012bgu cilv\u0113ku, absol\u016btu perfekcionistu, kur\u0161 nevar\u0113ja ciest halt\u016bru.<\/p>\n","protected":false},"excerpt":{"rendered":"P\u0113d\u0113j\u0101 atvad\u012b\u0161an\u0101s R\u012bgas krematorij\u0101 \u0160odien, 8. janv\u0101r\u012b, R\u012bgas krematorijas Lielaj\u0101 z\u0101l\u0113 notika atvad\u012b\u0161an\u0101s no talant\u012bg\u0101 latvie\u0161u komponista Borisa&hellip;\n","protected":false},"author":2,"featured_media":100083,"comment_status":"","ping_status":"","sticky":false,"template":"","format":"standard","meta":{"footnotes":""},"categories":[19],"tags":[14062,23832,89,8480,90,2752,35,39,38,194,36,37,34,40],"class_list":{"0":"post-100082","1":"post","2":"type-post","3":"status-publish","4":"format-standard","5":"has-post-thumbnail","7":"category-izklaide","8":"tag-atvadisanas","9":"tag-boriss-rezniks","10":"tag-entertainment","11":"tag-eolika","12":"tag-izklaide","13":"tag-komponists","14":"tag-latvia","15":"tag-latvian","16":"tag-latviesu","17":"tag-latviesu-muzika","18":"tag-latviesu-valoda","19":"tag-latviesuvaloda","20":"tag-latvija","21":"tag-lv"},"share_on_mastodon":{"url":"https:\/\/pubeurope.com\/@lv\/115870433499307392","error":""},"_links":{"self":[{"href":"https:\/\/www.europesays.com\/lv\/wp-json\/wp\/v2\/posts\/100082","targetHints":{"allow":["GET"]}}],"collection":[{"href":"https:\/\/www.europesays.com\/lv\/wp-json\/wp\/v2\/posts"}],"about":[{"href":"https:\/\/www.europesays.com\/lv\/wp-json\/wp\/v2\/types\/post"}],"author":[{"embeddable":true,"href":"https:\/\/www.europesays.com\/lv\/wp-json\/wp\/v2\/users\/2"}],"replies":[{"embeddable":true,"href":"https:\/\/www.europesays.com\/lv\/wp-json\/wp\/v2\/comments?post=100082"}],"version-history":[{"count":0,"href":"https:\/\/www.europesays.com\/lv\/wp-json\/wp\/v2\/posts\/100082\/revisions"}],"wp:featuredmedia":[{"embeddable":true,"href":"https:\/\/www.europesays.com\/lv\/wp-json\/wp\/v2\/media\/100083"}],"wp:attachment":[{"href":"https:\/\/www.europesays.com\/lv\/wp-json\/wp\/v2\/media?parent=100082"}],"wp:term":[{"taxonomy":"category","embeddable":true,"href":"https:\/\/www.europesays.com\/lv\/wp-json\/wp\/v2\/categories?post=100082"},{"taxonomy":"post_tag","embeddable":true,"href":"https:\/\/www.europesays.com\/lv\/wp-json\/wp\/v2\/tags?post=100082"}],"curies":[{"name":"wp","href":"https:\/\/api.w.org\/{rel}","templated":true}]}}