{"id":100106,"date":"2026-01-10T11:14:07","date_gmt":"2026-01-10T11:14:07","guid":{"rendered":"https:\/\/www.europesays.com\/lv\/100106\/"},"modified":"2026-01-10T11:14:07","modified_gmt":"2026-01-10T11:14:07","slug":"iranas-lielakajas-pilsetas-turpinas-plasi-protesti-pret-islamisko-rezimu","status":"publish","type":"post","link":"https:\/\/www.europesays.com\/lv\/100106\/","title":{"rendered":"Ir\u0101nas liel\u0101kaj\u0101s pils\u0113t\u0101s turpin\u0101s pla\u0161i protesti pret isl\u0101misko re\u017e\u012bmu"},"content":{"rendered":"<p>Pahlavi, kura t\u0113vs Mohammads Reza Pahlavi tika g\u0101zts 1979. gada revol\u016bcij\u0101 un mira 1980. gad\u0101, piebilda, ka vi\u0146\u0161 ar\u012b &#8220;gatavojas atgriezties dzimten\u0113&#8221;, un vi\u0146apr\u0101t, tas b\u016bs iesp\u0113jams jau &#8220;\u013coti dr\u012bz&#8221;.<\/p>\n<p>Akt\u012bvisti ir paudu\u0161i ba\u017eas, ka interneta atsl\u0113g\u0161ana var\u0113tu sl\u0113pt varas represijas, un Norv\u0113\u0123ij\u0101 b\u0101z\u0113t\u0101 organiz\u0101cija &#8220;Iran Human Rights&#8221; ir pazi\u0146ojusi, ka l\u012bdz \u0161im represij\u0101s ir nogalin\u0101ts vismaz 51 cilv\u0113ks.<\/p>\n<p>Ir\u0101nas Nobela Miera pr\u0113mijas laure\u0101te \u0160irina Ebadi piektdien br\u012bdin\u0101ja, ka dro\u0161\u012bbas sp\u0113ki var\u0113tu gatavot &#8220;masu slakti\u0146u, izmantojot pla\u0161u sakaru p\u0101rtraukumu&#8221;.<\/p>\n<p>Vald\u012bbas iest\u0101des zi\u0146o, ka ir nogalin\u0101ti vair\u0101ki dro\u0161\u012bbas sp\u0113ku darbinieki, un ajatolla piektdien izaicino\u0161\u0101 run\u0101 asi kritiz\u0113ja &#8220;vand\u0101\u013cus&#8221; un sol\u012bja, ka <a href=\"https:\/\/www.tvnet.lv\/term\/555447\/irana\" class=\"topicLink\" target=\"_blank\" rel=\"nofollow noopener\">Ir\u0101na<\/a> neatk\u0101psies. Vi\u0146\u0161 vainoja ASV nemieru kurin\u0101\u0161an\u0101, un \u0161o viedokli atk\u0101rtoju\u0161as ar\u012b vair\u0101kas citas Ir\u0101nas amatpersonas.<\/p>\n<p>ASV prezidents Donalds Tramps piektdien atkal atteic\u0101s izsl\u0113gt jaunas milit\u0101ras darb\u012bbas pret Ir\u0101nu, p\u0113c tam, kad Va\u0161ingtona atbalst\u012bja un pievienoj\u0101s Izra\u0113las 12 dienu karam pret Ir\u0101nu j\u016bnij\u0101.<\/p>\n<p>&#8220;Ir\u0101na ir liel\u0101s nepatik\u0161an\u0101s. Man \u0161\u0137iet, ka cilv\u0113ki p\u0101r\u0146em noteiktas pils\u0113tas, par kur\u0101m neviens v\u0113l pirms da\u017e\u0101m ned\u0113\u013c\u0101m neuzskat\u012bja, ka tas ir iesp\u0113jams,&#8221; sac\u012bja Tramps.<\/p>\n<p>Jaut\u0101ts par savu v\u0113st\u012bjumu Ir\u0101nas vad\u012bt\u0101jiem, Tramps br\u012bdin\u0101ja, vi\u0146iem &#8220;lab\u0101k nes\u0101kt \u0161aut, jo m\u0113s ar\u012b s\u0101ksim \u0161aut&#8221;.<\/p>\n<p>Jaun\u0101ko protestu vilni izrais\u012bjusi dzi\u013c\u0101 ekonomisk\u0101 kr\u012bze un valsts val\u016btas &#8211; Ir\u0101nas ri\u0101la &#8211; straujais kursa kritums. S\u0101kotn\u0113ji Teher\u0101n\u0101 iel\u0101s izg\u0101ja tirgot\u0101ji, bet p\u0113c tam demonstr\u0101cijas izplat\u012bj\u0101s liel\u0101 valsts da\u013c\u0101.<\/p>\n","protected":false},"excerpt":{"rendered":"Pahlavi, kura t\u0113vs Mohammads Reza Pahlavi tika g\u0101zts 1979. gada revol\u016bcij\u0101 un mira 1980. gad\u0101, piebilda, ka vi\u0146\u0161&hellip;\n","protected":false},"author":2,"featured_media":100107,"comment_status":"","ping_status":"","sticky":false,"template":"","format":"standard","meta":{"footnotes":""},"categories":[14],"tags":[23,57,28,29,32,33,22,2562,30,31,35,39,38,36,37,34,40,20,26,27,4204,24,25,54,55,56,21,58],"class_list":{"0":"post-100106","1":"post","2":"type-post","3":"status-publish","4":"format-standard","5":"has-post-thumbnail","7":"category-zinas-no-arvalstim","8":"tag-aktualitates","9":"tag-arvalstim","10":"tag-breaking-news","11":"tag-breakingnews","12":"tag-featured-news","13":"tag-featurednews","14":"tag-headlines","15":"tag-irana","16":"tag-latest-news","17":"tag-latestnews","18":"tag-latvia","19":"tag-latvian","20":"tag-latviesu","21":"tag-latviesu-valoda","22":"tag-latviesuvaloda","23":"tag-latvija","24":"tag-lv","25":"tag-news","26":"tag-popularakas-zinas","27":"tag-popularakaszinas","28":"tag-protesti","29":"tag-top-stories","30":"tag-topstories","31":"tag-world","32":"tag-world-news","33":"tag-worldnews","34":"tag-zinas","35":"tag-zinas-no-arvalstim"},"share_on_mastodon":{"url":"https:\/\/pubeurope.com\/@lv\/115870516097505394","error":""},"_links":{"self":[{"href":"https:\/\/www.europesays.com\/lv\/wp-json\/wp\/v2\/posts\/100106","targetHints":{"allow":["GET"]}}],"collection":[{"href":"https:\/\/www.europesays.com\/lv\/wp-json\/wp\/v2\/posts"}],"about":[{"href":"https:\/\/www.europesays.com\/lv\/wp-json\/wp\/v2\/types\/post"}],"author":[{"embeddable":true,"href":"https:\/\/www.europesays.com\/lv\/wp-json\/wp\/v2\/users\/2"}],"replies":[{"embeddable":true,"href":"https:\/\/www.europesays.com\/lv\/wp-json\/wp\/v2\/comments?post=100106"}],"version-history":[{"count":0,"href":"https:\/\/www.europesays.com\/lv\/wp-json\/wp\/v2\/posts\/100106\/revisions"}],"wp:featuredmedia":[{"embeddable":true,"href":"https:\/\/www.europesays.com\/lv\/wp-json\/wp\/v2\/media\/100107"}],"wp:attachment":[{"href":"https:\/\/www.europesays.com\/lv\/wp-json\/wp\/v2\/media?parent=100106"}],"wp:term":[{"taxonomy":"category","embeddable":true,"href":"https:\/\/www.europesays.com\/lv\/wp-json\/wp\/v2\/categories?post=100106"},{"taxonomy":"post_tag","embeddable":true,"href":"https:\/\/www.europesays.com\/lv\/wp-json\/wp\/v2\/tags?post=100106"}],"curies":[{"name":"wp","href":"https:\/\/api.w.org\/{rel}","templated":true}]}}