{"id":100127,"date":"2026-01-10T11:36:06","date_gmt":"2026-01-10T11:36:06","guid":{"rendered":"https:\/\/www.europesays.com\/lv\/100127\/"},"modified":"2026-01-10T11:36:06","modified_gmt":"2026-01-10T11:36:06","slug":"rigas-zelliem-pievienojas-ukrainu-basketbolists","status":"publish","type":"post","link":"https:\/\/www.europesays.com\/lv\/100127\/","title":{"rendered":"&#8220;R\u012bgas ze\u013c\u013ciem&#8221; pievienojas ukrai\u0146u basketbolists"},"content":{"rendered":"<p>36 gadus vecais basketbolists divas sezonas jau sp\u0113l\u0113jis R\u012bg\u0101, p\u0101rst\u0101vot Slobo\u017eanskas &#8220;Prometey&#8221;, kas tobr\u012bd kara d\u0113\u013c b\u0101z\u0113j\u0101s R\u012bg\u0101. Vi\u0146\u0161 kop\u0101 ar &#8220;Prometey&#8221; divas reizes izc\u012bn\u012bja Latvijas-Igaunijas Basketbola l\u012bgas \u010dempiontitulu, k\u0101 ar\u012b sasniedza ULEB Eirokausa pusfin\u0101lu.<\/p>\n<p>P\u0113c div\u0101m sezon\u0101m &#8220;Prometey&#8221; rind\u0101s Luka\u0161ovs pag\u0101ju\u0161aj\u0101 sezon\u0101 p\u0101rst\u0101v\u0113ja Kosovas vien\u012bbu &#8220;Peja&#8221;, kuras rind\u0101s 14 sp\u0113l\u0113s vid\u0113ji izc\u0113l\u0101s ar 6,4 punktiem un 2,7 atl\u0113ku\u0161aj\u0101m bumb\u0101m.<\/p>\n<p>Karjeras liel\u0101ko da\u013cu Luka\u0161ovs pavad\u012bjis Ukrain\u0101, ta\u010du p\u0101rst\u0101v\u0113jis ar\u012b Lietuvas klubu Vi\u013c\u0146as &#8220;Rytas&#8221; un &#8220;Vytautas&#8221;. 2015. gad\u0101 vi\u0146\u0161 tika atz\u012bts par Ukrainas superl\u012bgas v\u0113rt\u012bg\u0101ko sp\u0113l\u0113t\u0101ju.<\/p>\n<p>&#8220;L\u012bdz ar Jura Vitola gaid\u0101mo do\u0161anos Valsts aizsardz\u012bbas dienest\u0101, paliekam faktiski bez sasp\u0113les vad\u012bt\u0101jiem. Izv\u0113l\u0113j\u0101mies piesaist\u012bt pieredz\u0113ju\u0161o Luka\u0161ovu, kur\u0161 mums ir labi zin\u0101ms, jo ir sp\u0113l\u0113jis \u0161eit gan &#8220;Prometey&#8221;, gan Ukrainas izlases rind\u0101s. Ceram, ka vi\u0146\u0161 sp\u0113s \u0101tri iejusties komand\u0101 un pal\u012bdz\u0113s izc\u012bn\u012bt pan\u0101kumus,&#8221; nor\u0101d\u012bja &#8220;R\u012bgas Ze\u013c\u013ci&#8221; prezidents Edgars Bu\u013cs.<\/p>\n<p>Paredz\u0113ts, ka ukrainis &#8220;R\u012bgas ze\u013c\u013cu&#8221; rind\u0101s debit\u0113s \u0161odien, kad &#8220;U\u017eavas&#8221; Latvijas basketbola kausa ceturtda\u013cfin\u0101la pirmaj\u0101 sp\u0113l\u0113 r\u012bdzinieki m\u0113rosies sp\u0113kiem ar Liep\u0101jas basketbolistiem.<\/p>\n","protected":false},"excerpt":{"rendered":"36 gadus vecais basketbolists divas sezonas jau sp\u0113l\u0113jis R\u012bg\u0101, p\u0101rst\u0101vot Slobo\u017eanskas &#8220;Prometey&#8221;, kas tobr\u012bd kara d\u0113\u013c b\u0101z\u0113j\u0101s R\u012bg\u0101.&hellip;\n","protected":false},"author":2,"featured_media":100128,"comment_status":"","ping_status":"","sticky":false,"template":"","format":"standard","meta":{"footnotes":""},"categories":[17],"tags":[145,24439,35,39,38,36,37,34,40,146,67],"class_list":{"0":"post-100127","1":"post","2":"type-post","3":"status-publish","4":"format-standard","5":"has-post-thumbnail","7":"category-sports","8":"tag-basketbols","9":"tag-komanda","10":"tag-latvia","11":"tag-latvian","12":"tag-latviesu","13":"tag-latviesu-valoda","14":"tag-latviesuvaloda","15":"tag-latvija","16":"tag-lv","17":"tag-rigas-zelli","18":"tag-sports"},"share_on_mastodon":{"url":"https:\/\/pubeurope.com\/@lv\/115870602543008644","error":""},"_links":{"self":[{"href":"https:\/\/www.europesays.com\/lv\/wp-json\/wp\/v2\/posts\/100127","targetHints":{"allow":["GET"]}}],"collection":[{"href":"https:\/\/www.europesays.com\/lv\/wp-json\/wp\/v2\/posts"}],"about":[{"href":"https:\/\/www.europesays.com\/lv\/wp-json\/wp\/v2\/types\/post"}],"author":[{"embeddable":true,"href":"https:\/\/www.europesays.com\/lv\/wp-json\/wp\/v2\/users\/2"}],"replies":[{"embeddable":true,"href":"https:\/\/www.europesays.com\/lv\/wp-json\/wp\/v2\/comments?post=100127"}],"version-history":[{"count":0,"href":"https:\/\/www.europesays.com\/lv\/wp-json\/wp\/v2\/posts\/100127\/revisions"}],"wp:featuredmedia":[{"embeddable":true,"href":"https:\/\/www.europesays.com\/lv\/wp-json\/wp\/v2\/media\/100128"}],"wp:attachment":[{"href":"https:\/\/www.europesays.com\/lv\/wp-json\/wp\/v2\/media?parent=100127"}],"wp:term":[{"taxonomy":"category","embeddable":true,"href":"https:\/\/www.europesays.com\/lv\/wp-json\/wp\/v2\/categories?post=100127"},{"taxonomy":"post_tag","embeddable":true,"href":"https:\/\/www.europesays.com\/lv\/wp-json\/wp\/v2\/tags?post=100127"}],"curies":[{"name":"wp","href":"https:\/\/api.w.org\/{rel}","templated":true}]}}