{"id":10014,"date":"2025-10-01T20:55:07","date_gmt":"2025-10-01T20:55:07","guid":{"rendered":"https:\/\/www.europesays.com\/lv\/10014\/"},"modified":"2025-10-01T20:55:07","modified_gmt":"2025-10-01T20:55:07","slug":"nbs-partikas-noliktavas-prieksniecei-par-krapsanos-ar-precu-piegadem-piespriez-cietumsodu","status":"publish","type":"post","link":"https:\/\/www.europesays.com\/lv\/10014\/","title":{"rendered":"NBS p\u0101rtikas noliktavas priek\u0161niecei par kr\u0101p\u0161anos ar pre\u010du pieg\u0101d\u0113m piesprie\u017e cietumsodu"},"content":{"rendered":"<p>T\u0101pat nolemts Kaminskai konfisc\u0113t automa\u0161\u012bnu &#8220;Hyundai Santa Fe&#8221;.<\/p>\n<p>Publiski pieejam\u0101 inform\u0101cija liecina, ka Kaminska bija <a href=\"https:\/\/www.apollo.lv\/term\/556133\/nbs\" class=\"topicLink\" target=\"_blank\" rel=\"nofollow noopener\">NBS<\/a> Nodro\u0161in\u0101juma pav\u0113lniec\u012bbas tre\u0161\u0101 re\u0123ion\u0101l\u0101 nodro\u0161in\u0101juma centra apg\u0101des rotas p\u0101rtikas nodro\u0161in\u0101juma grupas p\u0101rtikas noliktavas priek\u0161niece.<\/p>\n<p>Neminot personas v\u0101rdu, prokurat\u016bra iepriek\u0161 izplat\u012btaj\u0101 pazi\u0146ojum\u0101 medijiem nor\u0101d\u012bja, ka amatpersona, mantk\u0101r\u012bgu mot\u012bvu vad\u012bta, laik\u0101 no 2022.gada 15.marta l\u012bdz 2023.gada 1.martam, veicot p\u0101rtikas pre\u010du pas\u016bt\u012bjumus no k\u0101da uz\u0146\u0113muma, t\u0101 p\u0101rst\u0101vjiem nor\u0101d\u012bja NBS re\u0101li pieg\u0101d\u0101jamas p\u0101rtikas preces un to daudzumu un deva nor\u0101des par to, kuras preces un k\u0101d\u0101 daudzum\u0101 faktiski nepieg\u0101d\u0101t, bet fikt\u012bvi iek\u013caut uz\u0146\u0113muma pavadz\u012bm\u0113s k\u0101 pieg\u0101d\u0101tas.<\/p>\n<p>\u0160is uz\u0146\u0113mums ir ilggad\u0113js armijas p\u0101rtikas pieg\u0101d\u0101t\u0101js SIA &#8220;Lanekss&#8221;, kas jau sod\u012bts atsevi\u0161\u0137\u0101 proces\u0101.<\/p>\n<p>Kaminska un divas priv\u0101tpersonas, pret kur\u0101m krimin\u0101lprocess izdal\u012bts atsevi\u0161\u0137\u0101 lietved\u012bb\u0101, aps\u016bdz\u0113ta ar\u012b par to, ka mantk\u0101r\u012bgu mot\u012bvu vad\u012btas, personu grup\u0101 p\u0113c iepriek\u0161\u0113jas vieno\u0161an\u0101s viltoja dokumentus &#8211; 169 pavadz\u012bmes, kuras Kaminska iesniedza NBS gr\u0101matved\u012bb\u0101 apmaksai.<\/p>\n<p>T\u0101d\u0113j\u0101di personas izkr\u0101pa 113 519 eiro, kas tika p\u0101rskait\u012bti uz min\u0113t\u0101 uz\u0146\u0113muma bankas kontu.<\/p>\n<p>No pamatlietas izdal\u012btaj\u0101 krimin\u0101lproces\u0101 ar div\u0101m priv\u0101tperson\u0101m, k\u0101 ar\u012b ar min\u0113t\u0101 uz\u0146\u0113muma p\u0101rst\u0101vi 2024.gada nogal\u0113 ir nosl\u0113gtas vieno\u0161an\u0101s par vainas atz\u012b\u0161anu un sodu. Abi uz\u0146\u0113muma darbinieki sod\u012bti ar tr\u012bs gadu br\u012bv\u012bbas at\u0146em\u0161anu nosac\u012bti un naudas sodu 49 000 eiro.<\/p>\n<p>Savuk\u0101rt &#8220;Lanekss&#8221; piem\u0113rots 101 500 eiro liels piespiedu ietekm\u0113\u0161anas l\u012bdzeklis. Savuk\u0101rt par labu NBS abas personas ar\u012b nomaks\u0101ju\u0161as materi\u0101l\u0101 kait\u0113juma kompens\u0101ciju &#8211; 100 658 eiro.<\/p>\n<p>Saska\u0146\u0101 ar port\u0101l\u0101 &#8220;Firmas.lv&#8221; pieejamo inform\u0101ciju uz\u0146\u0113mums &#8220;Lanekss&#8221; dibin\u0101ts 2001.gad\u0101 un t\u0101 pamatkapit\u0101ls ir 2840 eiro. Uz\u0146\u0113mums pieder \u0145inai Sili\u0146ai. Tas 2024.gad\u0101 apgroz\u012bja 5,62 miljonus eiro, gadu nosl\u0113dzot ar 0,89 miljonu eiro pe\u013c\u0146u.<\/p>\n","protected":false},"excerpt":{"rendered":"T\u0101pat nolemts Kaminskai konfisc\u0113t automa\u0161\u012bnu &#8220;Hyundai Santa Fe&#8221;. Publiski pieejam\u0101 inform\u0101cija liecina, ka Kaminska bija NBS Nodro\u0161in\u0101juma pav\u0113lniec\u012bbas&hellip;\n","protected":false},"author":2,"featured_media":10015,"comment_status":"","ping_status":"","sticky":false,"template":"","format":"standard","meta":{"footnotes":""},"categories":[12],"tags":[23,28,29,3368,3842,32,33,22,3844,30,31,35,39,38,36,37,34,40,2837,20,3843,26,27,24,25,21],"class_list":{"0":"post-10014","1":"post","2":"type-post","3":"status-publish","4":"format-standard","5":"has-post-thumbnail","7":"category-latvija","8":"tag-aktualitates","9":"tag-breaking-news","10":"tag-breakingnews","11":"tag-cietumsods","12":"tag-ediena-piegade","13":"tag-featured-news","14":"tag-featurednews","15":"tag-headlines","16":"tag-krapsanas","17":"tag-latest-news","18":"tag-latestnews","19":"tag-latvia","20":"tag-latvian","21":"tag-latviesu","22":"tag-latviesu-valoda","23":"tag-latviesuvaloda","24":"tag-latvija","25":"tag-lv","26":"tag-nbs","27":"tag-news","28":"tag-partika","29":"tag-popularakas-zinas","30":"tag-popularakaszinas","31":"tag-top-stories","32":"tag-topstories","33":"tag-zinas"},"share_on_mastodon":{"url":"","error":""},"_links":{"self":[{"href":"https:\/\/www.europesays.com\/lv\/wp-json\/wp\/v2\/posts\/10014","targetHints":{"allow":["GET"]}}],"collection":[{"href":"https:\/\/www.europesays.com\/lv\/wp-json\/wp\/v2\/posts"}],"about":[{"href":"https:\/\/www.europesays.com\/lv\/wp-json\/wp\/v2\/types\/post"}],"author":[{"embeddable":true,"href":"https:\/\/www.europesays.com\/lv\/wp-json\/wp\/v2\/users\/2"}],"replies":[{"embeddable":true,"href":"https:\/\/www.europesays.com\/lv\/wp-json\/wp\/v2\/comments?post=10014"}],"version-history":[{"count":0,"href":"https:\/\/www.europesays.com\/lv\/wp-json\/wp\/v2\/posts\/10014\/revisions"}],"wp:featuredmedia":[{"embeddable":true,"href":"https:\/\/www.europesays.com\/lv\/wp-json\/wp\/v2\/media\/10015"}],"wp:attachment":[{"href":"https:\/\/www.europesays.com\/lv\/wp-json\/wp\/v2\/media?parent=10014"}],"wp:term":[{"taxonomy":"category","embeddable":true,"href":"https:\/\/www.europesays.com\/lv\/wp-json\/wp\/v2\/categories?post=10014"},{"taxonomy":"post_tag","embeddable":true,"href":"https:\/\/www.europesays.com\/lv\/wp-json\/wp\/v2\/tags?post=10014"}],"curies":[{"name":"wp","href":"https:\/\/api.w.org\/{rel}","templated":true}]}}