{"id":100165,"date":"2026-01-10T12:16:08","date_gmt":"2026-01-10T12:16:08","guid":{"rendered":"https:\/\/www.europesays.com\/lv\/100165\/"},"modified":"2026-01-10T12:16:08","modified_gmt":"2026-01-10T12:16:08","slug":"sestdienas-rita-daudzviet-valsti-ir-apgrutinati-brauksanas-apstakli","status":"publish","type":"post","link":"https:\/\/www.europesays.com\/lv\/100165\/","title":{"rendered":"Sestdienas r\u012bt\u0101 daudzviet valst\u012b ir apgr\u016btin\u0101ti brauk\u0161anas apst\u0101k\u013ci"},"content":{"rendered":"<p>Sestdienas r\u012bt\u0101 \u012bpa\u0161i apgr\u016btin\u0101ti brauk\u0161anas apst\u0101k\u013ci sniegpute\u0146a un sniega aizputin\u0101jumu d\u0113\u013c uz valsts re\u0123ion\u0101lajiem autoce\u013ciem ir Tukuma, Saldus, Dobeles un Jelgavas apk\u0101rtn\u0113, bet uz viet\u0113jiem ce\u013ciem Tukuma, Saldus, Dobeles, Jelgavas, C\u0113su, Gulbenes, Prei\u013cu, R\u0113zeknes, Ludzas un Daugavpils apk\u0101rtn\u0113s.<\/p>\n<p>Slidenos un sniegotos ce\u013ca posmus t\u012bra un kaisa ar pretsl\u012bdes materi\u0101liem. Lai uzlabotu brauk\u0161anas apst\u0101k\u013cus, ce\u013cu uztur\u0113\u0161anas darbos iesaist\u012btas 86 ziemas dienesta tehnikas vien\u012bbas, nor\u0101da LVC.<\/p>\n<p>Uz re\u0123ion\u0101lajiem autoce\u013ciem \u012bpa\u0161i apgr\u016btin\u0101ta brauk\u0161ana ir valsts re\u0123ion\u0101l\u0101 autoce\u013ca Jelgava (Tu\u0161\u0137i)-Tukums (P98) posm\u0101 Tukums-L\u012bvb\u0113rze un uz re\u0123ion\u0101lajiem ce\u013ciem Jelgavas, Dobeles, Saldus un Tukuma apk\u0101rtn\u0113s, bet apgr\u016btin\u0101ti apst\u0101k\u013ci ir uz \u0161iem ce\u013ciem ar\u012b vis\u0101 valst\u012b.<\/p>\n<p>Uztur\u0113\u0161anas darbi tiek veikti priorit\u0101r\u0101 sec\u012bb\u0101, liel\u0101ko uzman\u012bbu piev\u0113r\u0161ot autoce\u013ciem kurus lieto liel\u0101kais lietot\u0101ju skaits.<\/p>\n<p>LVC aicina autovad\u012bt\u0101jus r\u0113\u0137in\u0101ties ar laikapst\u0101k\u013ciem, pl\u0101nojot braucienus, atv\u0113l\u0113t papildu laiku ce\u013cam, izv\u0113l\u0113ties brauk\u0161anas \u0101trumu, kas atbilst ce\u013cu seguma st\u0101voklim, k\u0101 ar\u012b dro\u0161u distanci.<\/p>\n","protected":false},"excerpt":{"rendered":"Sestdienas r\u012bt\u0101 \u012bpa\u0161i apgr\u016btin\u0101ti brauk\u0161anas apst\u0101k\u013ci sniegpute\u0146a un sniega aizputin\u0101jumu d\u0113\u013c uz valsts re\u0123ion\u0101lajiem autoce\u013ciem ir Tukuma, Saldus,&hellip;\n","protected":false},"author":2,"featured_media":94386,"comment_status":"","ping_status":"","sticky":false,"template":"","format":"standard","meta":{"footnotes":""},"categories":[5],"tags":[23,1399,28,29,32,33,22,30,31,35,39,38,36,37,34,2857,40,20,26,27,23099,24,25,21],"class_list":{"0":"post-100165","1":"post","2":"type-post","3":"status-publish","4":"format-standard","5":"has-post-thumbnail","7":"category-aktualitates","8":"tag-aktualitates","9":"tag-autoceli","10":"tag-breaking-news","11":"tag-breakingnews","12":"tag-featured-news","13":"tag-featurednews","14":"tag-headlines","15":"tag-latest-news","16":"tag-latestnews","17":"tag-latvia","18":"tag-latvian","19":"tag-latviesu","20":"tag-latviesu-valoda","21":"tag-latviesuvaloda","22":"tag-latvija","23":"tag-latvijas-valsts-celi","24":"tag-lv","25":"tag-news","26":"tag-popularakas-zinas","27":"tag-popularakaszinas","28":"tag-sniegputenis","29":"tag-top-stories","30":"tag-topstories","31":"tag-zinas"},"share_on_mastodon":{"url":"https:\/\/pubeurope.com\/@lv\/115870759880752718","error":""},"_links":{"self":[{"href":"https:\/\/www.europesays.com\/lv\/wp-json\/wp\/v2\/posts\/100165","targetHints":{"allow":["GET"]}}],"collection":[{"href":"https:\/\/www.europesays.com\/lv\/wp-json\/wp\/v2\/posts"}],"about":[{"href":"https:\/\/www.europesays.com\/lv\/wp-json\/wp\/v2\/types\/post"}],"author":[{"embeddable":true,"href":"https:\/\/www.europesays.com\/lv\/wp-json\/wp\/v2\/users\/2"}],"replies":[{"embeddable":true,"href":"https:\/\/www.europesays.com\/lv\/wp-json\/wp\/v2\/comments?post=100165"}],"version-history":[{"count":0,"href":"https:\/\/www.europesays.com\/lv\/wp-json\/wp\/v2\/posts\/100165\/revisions"}],"wp:featuredmedia":[{"embeddable":true,"href":"https:\/\/www.europesays.com\/lv\/wp-json\/wp\/v2\/media\/94386"}],"wp:attachment":[{"href":"https:\/\/www.europesays.com\/lv\/wp-json\/wp\/v2\/media?parent=100165"}],"wp:term":[{"taxonomy":"category","embeddable":true,"href":"https:\/\/www.europesays.com\/lv\/wp-json\/wp\/v2\/categories?post=100165"},{"taxonomy":"post_tag","embeddable":true,"href":"https:\/\/www.europesays.com\/lv\/wp-json\/wp\/v2\/tags?post=100165"}],"curies":[{"name":"wp","href":"https:\/\/api.w.org\/{rel}","templated":true}]}}