{"id":100193,"date":"2026-01-10T12:39:12","date_gmt":"2026-01-10T12:39:12","guid":{"rendered":"https:\/\/www.europesays.com\/lv\/100193\/"},"modified":"2026-01-10T12:39:12","modified_gmt":"2026-01-10T12:39:12","slug":"nekartiba-atkritumu-joma-un-ielu-stavoklis-jekabpiliesi-aicina-vietvaru-risinat-problemas-jekabpils-laiks-jekabpils-zinas","status":"publish","type":"post","link":"https:\/\/www.europesays.com\/lv\/100193\/","title":{"rendered":"Nek\u0101rt\u012bba atkritumu jom\u0101 un ielu st\u0101voklis \u2013 j\u0113kabpilie\u0161i aicina vietvaru risin\u0101t probl\u0113mas \/ J\u0113kabpils Laiks: J\u0113kabpils zi\u0146as"},"content":{"rendered":"<p>Ietves uz tilta p\u0101r Daugavu ir tikai viens no tematiem, par ko J\u0113kabpils novada iedz\u012bvot\u0101ji run\u0101ja, tiekoties ar domes p\u0101rst\u0101vjiem. Visvair\u0101k jaut\u0101jumu bija par nesak\u0101rtotiem infrastrukt\u016bras objektiem, piem\u0113ram, daudzdz\u012bvok\u013cu m\u0101ju iek\u0161pagalmu slikto st\u0101vokli.<\/p>\n<blockquote><p>&#13;<\/p>\n<p>\u201cMa\u0161\u012bnu k\u013c\u016bst arvien vair\u0101k, bedres k\u013c\u016bst arvien dzi\u013c\u0101kas, vecie celi\u0146i, kas ir no padomju laikiem saglab\u0101ju\u0161ies, visp\u0101r j\u016bk \u0101r\u0101,\u201d t\u0101 situ\u0101ciju raksturo Viestura ielas iedz\u012bvot\u0101js.<\/p>\n<p>&#13;\n<\/p><\/blockquote>\n<p>Pa\u0161vald\u012bb\u0101 nor\u0101da, ka teritorijas, kas ir piesaist\u012btas daudzdz\u012bvok\u013cu m\u0101j\u0101m, ir j\u0101remont\u0113, iedz\u012bvot\u0101jiem kopsapulc\u0113 lemjot par \u0161iem darbiem un piedaloties ar savu l\u012bdzfinans\u0113jumu \u2013 20 procentu apm\u0113r\u0101, bet vietvara simtprocent\u012bgi var finans\u0113t tikai to ce\u013cu posmu remontu, kas ir pa\u0161vald\u012bbas \u012bpa\u0161um\u0101.<\/p>\n<blockquote><p>&#13;<\/p>\n<p>\u201cVarb\u016bt t\u0101 ir padomju dom\u0101\u0161ana v\u0113l palikusi, kad liekas \u2013 ja es dz\u012bvoju daudzdz\u012bvok\u013cu \u0113k\u0101, tad tas nepieder man, bet tas ir pa\u0161vald\u012bbas&#8230; N\u0113, t\u0101 nav,\u201d uzsver J\u0113kabpils novada domes priek\u0161s\u0113d\u0113t\u0101js Raivis Ragainis. \u201cJebkura \u0113ka ir saist\u012bta ar to cilv\u0113ku, kas tur dz\u012bvo. Pa\u0161vald\u012bba nedr\u012bkst ar publiskajiem l\u012bdzek\u013ciem iet priv\u0101t\u012bpa\u0161um\u0101. Diem\u017e\u0113l t\u0101 tas ir.\u201d<\/p>\n<p>&#13;\n<\/p><\/blockquote>\n<p>Daudzas ielas J\u0113kabpil\u012b v\u0113l nav atjaunotas, un viena no t\u0101m ir Zvan\u012bt\u0101ju iela. Iedz\u012bvot\u0101ji vaic\u0101ja, kad var\u0113s sagaid\u012bt \u0161\u012bs un citu mikrorajona ielu remontu. Domes vad\u012bba skaidro, ka \u0161obr\u012bd proces\u0101 ir citi projekti.<\/p>\n<blockquote><p>&#13;<\/p>\n<p>\u201c\u0160obr\u012bd Celtnieku ielas un Zvan\u012bt\u0101ju ielas seguma atjauno\u0161ana nav pl\u0101nota,\u201d skaidro J\u0113kabpils novada domes priek\u0161s\u0113d\u0113t\u0101ja vietnieks att\u012bst\u012bbas jaut\u0101jumos K\u0101rlis Stars. \u201cMums ir iepriek\u0161\u0113jos gados izstr\u0101d\u0101ti b\u016bvprojekti daudz\u0101m cit\u0101m iel\u0101m J\u0113kabpils pils\u0113t\u0101. Noteikti, ka m\u0113s \u0137ersimies kl\u0101t pie t\u0101d\u0101m iel\u0101m, kas jau ir saprojekt\u0113tas.\u201d<\/p>\n<p>&#13;\n<\/p><\/blockquote>\n<p>\u0160ogad v\u0113rien\u012bg\u0101kie atjauno\u0161anas darbi notiks Ventas, Varo\u0146u un Daugavpils ielu posmos, bet ir ar\u012b <a href=\"https:\/\/www.jekabpilslaiks.lv\/lv\/zinas\/verienigakie-parbuves-darbi-jekabpils-novada-sogad-planoti-ventas-varonu-un-daugavpils-iela\/\" target=\"_blank\" rel=\"nofollow noopener\">citi objekti, kur paredz\u0113ts remonts.<\/a> Iedz\u012bvot\u0101jus uztrauc ar\u012b nek\u0101rt\u012bba atkritumu apsaimnieko\u0161anas jom\u0101. Atkritumu me\u0161ana cit\u0101m m\u0101j\u0101m piedero\u0161ajos konteineros ietekm\u0113 r\u0113\u0137inus, savuk\u0101rt piegru\u017eo\u0161ana \u2013 apk\u0101rt\u0113jo vidi.<\/p>\n<blockquote><p>&#13;<\/p>\n<p>\u201c\u0160obr\u012bd m\u0113s kop\u0101 ar namu apsaimniekot\u0101ju SIA \u201cJK Namu p\u0101rvalde\u201d un pa\u0161vald\u012bbu str\u0101d\u0101jam pie groz\u012bjumiem saisto\u0161ajos noteikumos, k\u0101 sak\u0101rtot \u0161os konteineru laukumus,\u201d st\u0101sta SIA \u201cJ\u0113kabpils pakalpojumi\u201d valdes loceklis M\u0101rti\u0146\u0161 Gluhs. \u201cViens no variantiem ir veidot norobe\u017eotus konteineru laukumus, kur var\u0113tu piek\u013c\u016bt tikai ierobe\u017eots personu loks. \u0160ie b\u016btu sl\u0113dzami konteineru laukumi.\u201d<\/p>\n<p>&#13;\n<\/p><\/blockquote>\n<p>Atkritumu apsaimniekot\u0101js nor\u0101da, ka tas gan b\u016btu j\u0101finans\u0113 dz\u012bvok\u013cu \u012bpa\u0161niekiem, kuri var\u0113tu pilnvarot m\u0101jas apsaimniekot\u0101ju ier\u012bkot \u0161\u0101dus sl\u0113dzamus laukumus.<\/p>\n<p>Tik\u0161an\u0101s laik\u0101 iedz\u012bvot\u0101ji pauda neapmierin\u0101t\u012bbu ar\u012b par pasa\u017eieru p\u0101rvad\u0101jumiem, ielu apgaismojumu, vides pieejam\u012bbu un citiem jaut\u0101jumiem.<\/p>\n<blockquote><p>&#13;<\/p>\n<p>K\u0101da kundze s\u016bdz\u0113j\u0101s par cigare\u0161u smaku un net\u012br\u012bbu, ko rada J\u0113kabpils Tehnolo\u0123iju tehnikuma audz\u0113k\u0146u sm\u0113\u0137\u0113\u0161ana: \u201cTrotu\u0101rs dom\u0101ts g\u0101j\u0113jiem, nevis sm\u0113\u0137\u0113t\u0101ju bariem. Piesp\u013caud\u012bts trutu\u0101rs, ar ko\u0161\u013cen\u0113m un izsm\u0113\u0137iem piem\u0113t\u0101ts.\u201d<\/p>\n<p>&#13;\n<\/p><\/blockquote>\n<p>Vietvar\u0101 sol\u012bja par \u0161o probl\u0113mu run\u0101t ar izgl\u012bt\u012bbas iest\u0101des vad\u012bbu.<\/p>\n<p>Sandra Paeg\u013ckalne<\/p>\n<p><a rel=\"group\" class=\"lightbox content-image content-img-auto-gen\" title=\"\" href=\"https:\/\/www.europesays.com\/lv\/wp-content\/uploads\/2026\/01\/maf-logo.jpg\"><img decoding=\"async\" alt=\"\" src=\"https:\/\/www.europesays.com\/lv\/wp-content\/uploads\/2026\/01\/maf-logo.jpg\" style=\"width: 250px; height: 250px;\" class=\"img-fluid\"\/><\/a><\/p>\n<p>Mediju atbalsta fonda ieguld\u012bjums no Latvijas valsts bud\u017eeta l\u012bdzek\u013ciem. Par zi\u0146u si\u017eeta \u201cNek\u0101rt\u012bba atkritumu jom\u0101 un ielu st\u0101voklis \u2013 j\u0113kabpilie\u0161i aicina vietvaru risin\u0101t probl\u0113mas\u201d saturu atbild SIA \u201cVidusdaugavas telev\u012bzija\u201d.<\/p>\n<p>#SIF_MAF2025<\/p>\n","protected":false},"excerpt":{"rendered":"Ietves uz tilta p\u0101r Daugavu ir tikai viens no tematiem, par ko J\u0113kabpils novada iedz\u012bvot\u0101ji run\u0101ja, tiekoties ar&hellip;\n","protected":false},"author":2,"featured_media":100194,"comment_status":"","ping_status":"","sticky":false,"template":"","format":"standard","meta":{"footnotes":""},"categories":[12],"tags":[23,28,29,32,33,22,987,986,30,31,35,39,38,36,37,34,40,20,26,27,24,25,21],"class_list":{"0":"post-100193","1":"post","2":"type-post","3":"status-publish","4":"format-standard","5":"has-post-thumbnail","7":"category-latvija","8":"tag-aktualitates","9":"tag-breaking-news","10":"tag-breakingnews","11":"tag-featured-news","12":"tag-featurednews","13":"tag-headlines","14":"tag-jekabpils-zinas","15":"tag-jekabpilslaiks","16":"tag-latest-news","17":"tag-latestnews","18":"tag-latvia","19":"tag-latvian","20":"tag-latviesu","21":"tag-latviesu-valoda","22":"tag-latviesuvaloda","23":"tag-latvija","24":"tag-lv","25":"tag-news","26":"tag-popularakas-zinas","27":"tag-popularakaszinas","28":"tag-top-stories","29":"tag-topstories","30":"tag-zinas"},"share_on_mastodon":{"url":"https:\/\/pubeurope.com\/@lv\/115870850321587032","error":""},"_links":{"self":[{"href":"https:\/\/www.europesays.com\/lv\/wp-json\/wp\/v2\/posts\/100193","targetHints":{"allow":["GET"]}}],"collection":[{"href":"https:\/\/www.europesays.com\/lv\/wp-json\/wp\/v2\/posts"}],"about":[{"href":"https:\/\/www.europesays.com\/lv\/wp-json\/wp\/v2\/types\/post"}],"author":[{"embeddable":true,"href":"https:\/\/www.europesays.com\/lv\/wp-json\/wp\/v2\/users\/2"}],"replies":[{"embeddable":true,"href":"https:\/\/www.europesays.com\/lv\/wp-json\/wp\/v2\/comments?post=100193"}],"version-history":[{"count":0,"href":"https:\/\/www.europesays.com\/lv\/wp-json\/wp\/v2\/posts\/100193\/revisions"}],"wp:featuredmedia":[{"embeddable":true,"href":"https:\/\/www.europesays.com\/lv\/wp-json\/wp\/v2\/media\/100194"}],"wp:attachment":[{"href":"https:\/\/www.europesays.com\/lv\/wp-json\/wp\/v2\/media?parent=100193"}],"wp:term":[{"taxonomy":"category","embeddable":true,"href":"https:\/\/www.europesays.com\/lv\/wp-json\/wp\/v2\/categories?post=100193"},{"taxonomy":"post_tag","embeddable":true,"href":"https:\/\/www.europesays.com\/lv\/wp-json\/wp\/v2\/tags?post=100193"}],"curies":[{"name":"wp","href":"https:\/\/api.w.org\/{rel}","templated":true}]}}