{"id":100195,"date":"2026-01-10T12:41:18","date_gmt":"2026-01-10T12:41:18","guid":{"rendered":"https:\/\/www.europesays.com\/lv\/100195\/"},"modified":"2026-01-10T12:41:18","modified_gmt":"2026-01-10T12:41:18","slug":"tepat-aiz-horizonta-ka-inita-abolina-savieno-muziku-profesionalo-dzivi-un-iedvesmu-jekabpils-laiks-jekabpils-zinas","status":"publish","type":"post","link":"https:\/\/www.europesays.com\/lv\/100195\/","title":{"rendered":"Tepat aiz horizonta: k\u0101 Inita \u0100boli\u0146a savieno m\u016bziku, profesion\u0101lo dz\u012bvi un iedvesmu \/ J\u0113kabpils Laiks: J\u0113kabpils zi\u0146as"},"content":{"rendered":"<p>\u0160aj\u0101 \u201cTepat aiz horizonta\u201d raid\u012bjum\u0101 studij\u0101 viesojas Inita \u0100boli\u0146a \u2013 akordeoniste, diplom\u0113ta v\u0101cu valodas tulkot\u0101ja un iev\u0113rojam\u0101 sporta skolot\u0101ja un trenera J\u0101\u0146a \u0100boli\u0146a meita. Sarunas laik\u0101 tiek atkl\u0101ts, k\u0101 Inita izv\u0113l\u0113jusies tie\u0161i akordeonu, k\u0101di ir liel\u0101kie izaicin\u0101jumi profesion\u0101la m\u016bzi\u0137a karjer\u0101 un k\u0101da ir ikdiena Latvijas Nacion\u0101laj\u0101 oper\u0101 un balet\u0101.<\/p>\n<p>Raid\u012bjums pied\u0101v\u0101 ieskatu ne tikai profesion\u0101laj\u0101 dz\u012bv\u0113, bet ar\u012b iedvesmo sekot saviem talantiem un sap\u0146iem.<\/p>\n<p>Mediju atbalsta fonda ieguld\u012bjums no Latvijas valsts bud\u017eeta l\u012bdzek\u013ciem. Par saturu atbild SIA &#8220;Vidusdaugavas telev\u012bzija&#8221; #SIF_MAF2025<\/p>\n","protected":false},"excerpt":{"rendered":"\u0160aj\u0101 \u201cTepat aiz horizonta\u201d raid\u012bjum\u0101 studij\u0101 viesojas Inita \u0100boli\u0146a \u2013 akordeoniste, diplom\u0113ta v\u0101cu valodas tulkot\u0101ja un iev\u0113rojam\u0101 sporta&hellip;\n","protected":false},"author":2,"featured_media":100196,"comment_status":"","ping_status":"","sticky":false,"template":"","format":"standard","meta":{"footnotes":""},"categories":[19],"tags":[89,90,987,986,35,39,38,36,37,34,40],"class_list":{"0":"post-100195","1":"post","2":"type-post","3":"status-publish","4":"format-standard","5":"has-post-thumbnail","7":"category-izklaide","8":"tag-entertainment","9":"tag-izklaide","10":"tag-jekabpils-zinas","11":"tag-jekabpilslaiks","12":"tag-latvia","13":"tag-latvian","14":"tag-latviesu","15":"tag-latviesu-valoda","16":"tag-latviesuvaloda","17":"tag-latvija","18":"tag-lv"},"share_on_mastodon":{"url":"https:\/\/pubeurope.com\/@lv\/115870858093284968","error":""},"_links":{"self":[{"href":"https:\/\/www.europesays.com\/lv\/wp-json\/wp\/v2\/posts\/100195","targetHints":{"allow":["GET"]}}],"collection":[{"href":"https:\/\/www.europesays.com\/lv\/wp-json\/wp\/v2\/posts"}],"about":[{"href":"https:\/\/www.europesays.com\/lv\/wp-json\/wp\/v2\/types\/post"}],"author":[{"embeddable":true,"href":"https:\/\/www.europesays.com\/lv\/wp-json\/wp\/v2\/users\/2"}],"replies":[{"embeddable":true,"href":"https:\/\/www.europesays.com\/lv\/wp-json\/wp\/v2\/comments?post=100195"}],"version-history":[{"count":0,"href":"https:\/\/www.europesays.com\/lv\/wp-json\/wp\/v2\/posts\/100195\/revisions"}],"wp:featuredmedia":[{"embeddable":true,"href":"https:\/\/www.europesays.com\/lv\/wp-json\/wp\/v2\/media\/100196"}],"wp:attachment":[{"href":"https:\/\/www.europesays.com\/lv\/wp-json\/wp\/v2\/media?parent=100195"}],"wp:term":[{"taxonomy":"category","embeddable":true,"href":"https:\/\/www.europesays.com\/lv\/wp-json\/wp\/v2\/categories?post=100195"},{"taxonomy":"post_tag","embeddable":true,"href":"https:\/\/www.europesays.com\/lv\/wp-json\/wp\/v2\/tags?post=100195"}],"curies":[{"name":"wp","href":"https:\/\/api.w.org\/{rel}","templated":true}]}}