{"id":100197,"date":"2026-01-10T12:44:07","date_gmt":"2026-01-10T12:44:07","guid":{"rendered":"https:\/\/www.europesays.com\/lv\/100197\/"},"modified":"2026-01-10T12:44:07","modified_gmt":"2026-01-10T12:44:07","slug":"iranas-gazta-saha-dels-aicina-demonstrantus-ienemt-pilsetu-centrus","status":"publish","type":"post","link":"https:\/\/www.europesays.com\/lv\/100197\/","title":{"rendered":"Ir\u0101nas g\u0101zt\u0101 \u0161aha d\u0113ls aicina demonstrantus ie\u0146emt pils\u0113tu centrus"},"content":{"rendered":"<p>Demonstr\u0101cijas piektdien turpin\u0101j\u0101s, neskatoties uz varasiest\u0101\u017eu l\u0113mumu atsl\u0113gt valst\u012b internetu. Kiberuzraudz\u012bbas organiz\u0101cijas \u201cNetblocks\u201d dati liecina, ka sestdienas r\u012bt\u0101 interneta atsl\u0113gums Ir\u0101n\u0101 turpin\u0101s jau vair\u0101k nek\u0101 36 stundas.<\/p>\n<p>Soci\u0101lajos t\u012bklos izplat\u012bti video liecina, ka protesti notiku\u0161i daudzviet Teher\u0101n\u0101, Me\u0161hed\u0101 valsts austrumos, Tabriz\u0101 valsts zieme\u013cos un sv\u0113taj\u0101 pils\u0113t\u0101 Kum\u0101.<\/p>\n<p>Video no Hamad\u0101nas redzams v\u012brietis ar \u0161aha laika Ir\u0101nas karogu un dejojo\u0161iem cilv\u0113kiem.<\/p>\n<p>L\u012bdz\u012bgi protesti notiku\u0161i ar\u012b citviet valst\u012b.<\/p>\n<p>1979. gad\u0101 g\u0101zt\u0101 Ir\u0101nas \u0161aha d\u0113ls, ASV dz\u012bvojo\u0161ais Reza Pahlavi, uzteica Ir\u0101nas demonstrantus un aicin\u0101ja ar\u012b sestdien un sv\u0113tdien iziet m\u0113r\u0137tiec\u012bgos protestos.<\/p>\n<p>\u201cM\u016bsu m\u0113r\u0137is vairs nav tikai iziet iel\u0101s. M\u0113r\u0137is ir sagatavoties pils\u0113tu centru ie\u0146em\u0161anai un notur\u0113\u0161anai,\u201d Pahlavi teica video zi\u0146ojum\u0101 soci\u0101lajos t\u012bklos.<\/p>\n<p>Pahlavi, kura t\u0113vs Mohammads Reza Pahlavi tika g\u0101zts 1979. gada revol\u016bcij\u0101 un mira 1980. gad\u0101, piebilda, ka vi\u0146\u0161 ar\u012b \u201cgatavojas atgriezties dzimten\u0113\u201d, un vi\u0146apr\u0101t, tas b\u016bs iesp\u0113jams jau \u201c\u013coti dr\u012bz\u201d.<\/p>\n<p class=\"ad-desc ad-desc-main\">Saturs turpin\u0101s p\u0113c rekl\u0101mas<\/p>\n<p class=\"ad-desc ad-desc-sec\">Rekl\u0101ma<\/p>\n<p>Akt\u012bvisti ir paudu\u0161i ba\u017eas, ka interneta atsl\u0113g\u0161ana var\u0113tu sl\u0113pt varas represijas, un Norv\u0113\u0123ij\u0101 b\u0101z\u0113t\u0101 organiz\u0101cija \u201cIran Human Rights\u201d ir pazi\u0146ojusi, ka l\u012bdz \u0161im represij\u0101s ir nogalin\u0101ts vismaz 51 cilv\u0113ks.<\/p>\n<p>Ir\u0101nas Nobela Miera pr\u0113mijas laure\u0101te \u0160irina Ebadi piektdien br\u012bdin\u0101ja, ka dro\u0161\u012bbas sp\u0113ki var\u0113tu gatavot \u201cmasu slakti\u0146u, izmantojot pla\u0161u sakaru p\u0101rtraukumu\u201d.<\/p>\n<p>Vald\u012bbas iest\u0101des zi\u0146o, ka ir nogalin\u0101ti vair\u0101ki dro\u0161\u012bbas sp\u0113ku darbinieki, un ajatolla piektdien izaicino\u0161\u0101 run\u0101 asi kritiz\u0113ja \u201cvand\u0101\u013cus\u201d un sol\u012bja, ka Ir\u0101na neatk\u0101psies. Vi\u0146\u0161 vainoja ASV nemieru kurin\u0101\u0161an\u0101, un \u0161o viedokli atk\u0101rtoju\u0161as ar\u012b vair\u0101kas citas Ir\u0101nas amatpersonas.<\/p>\n<p>ASV prezidents Donalds Tramps piektdien atkal atteic\u0101s izsl\u0113gt jaunas milit\u0101ras darb\u012bbas pret Ir\u0101nu, p\u0113c tam, kad Va\u0161ingtona atbalst\u012bja un pievienoj\u0101s Izra\u0113las 12 dienu karam pret Ir\u0101nu j\u016bnij\u0101.<\/p>\n<p>\u201cIr\u0101na ir liel\u0101s nepatik\u0161an\u0101s. Man \u0161\u0137iet, ka cilv\u0113ki p\u0101r\u0146em noteiktas pils\u0113tas, par kur\u0101m neviens v\u0113l pirms da\u017e\u0101m ned\u0113\u013c\u0101m neuzskat\u012bja, ka tas ir iesp\u0113jams,\u201d sac\u012bja Tramps.<\/p>\n","protected":false},"excerpt":{"rendered":"Demonstr\u0101cijas piektdien turpin\u0101j\u0101s, neskatoties uz varasiest\u0101\u017eu l\u0113mumu atsl\u0113gt valst\u012b internetu. Kiberuzraudz\u012bbas organiz\u0101cijas \u201cNetblocks\u201d dati liecina, ka sestdienas r\u012bt\u0101&hellip;\n","protected":false},"author":2,"featured_media":100198,"comment_status":"","ping_status":"","sticky":false,"template":"","format":"standard","meta":{"footnotes":""},"categories":[14],"tags":[23,57,28,29,32,33,22,24453,30,31,35,39,38,36,37,34,40,20,26,27,24,25,54,55,56,21,58],"class_list":{"0":"post-100197","1":"post","2":"type-post","3":"status-publish","4":"format-standard","5":"has-post-thumbnail","7":"category-zinas-no-arvalstim","8":"tag-aktualitates","9":"tag-arvalstim","10":"tag-breaking-news","11":"tag-breakingnews","12":"tag-featured-news","13":"tag-featurednews","14":"tag-headlines","15":"tag-iranaprotesti","16":"tag-latest-news","17":"tag-latestnews","18":"tag-latvia","19":"tag-latvian","20":"tag-latviesu","21":"tag-latviesu-valoda","22":"tag-latviesuvaloda","23":"tag-latvija","24":"tag-lv","25":"tag-news","26":"tag-popularakas-zinas","27":"tag-popularakaszinas","28":"tag-top-stories","29":"tag-topstories","30":"tag-world","31":"tag-world-news","32":"tag-worldnews","33":"tag-zinas","34":"tag-zinas-no-arvalstim"},"share_on_mastodon":{"url":"https:\/\/pubeurope.com\/@lv\/115870870043398201","error":""},"_links":{"self":[{"href":"https:\/\/www.europesays.com\/lv\/wp-json\/wp\/v2\/posts\/100197","targetHints":{"allow":["GET"]}}],"collection":[{"href":"https:\/\/www.europesays.com\/lv\/wp-json\/wp\/v2\/posts"}],"about":[{"href":"https:\/\/www.europesays.com\/lv\/wp-json\/wp\/v2\/types\/post"}],"author":[{"embeddable":true,"href":"https:\/\/www.europesays.com\/lv\/wp-json\/wp\/v2\/users\/2"}],"replies":[{"embeddable":true,"href":"https:\/\/www.europesays.com\/lv\/wp-json\/wp\/v2\/comments?post=100197"}],"version-history":[{"count":0,"href":"https:\/\/www.europesays.com\/lv\/wp-json\/wp\/v2\/posts\/100197\/revisions"}],"wp:featuredmedia":[{"embeddable":true,"href":"https:\/\/www.europesays.com\/lv\/wp-json\/wp\/v2\/media\/100198"}],"wp:attachment":[{"href":"https:\/\/www.europesays.com\/lv\/wp-json\/wp\/v2\/media?parent=100197"}],"wp:term":[{"taxonomy":"category","embeddable":true,"href":"https:\/\/www.europesays.com\/lv\/wp-json\/wp\/v2\/categories?post=100197"},{"taxonomy":"post_tag","embeddable":true,"href":"https:\/\/www.europesays.com\/lv\/wp-json\/wp\/v2\/tags?post=100197"}],"curies":[{"name":"wp","href":"https:\/\/api.w.org\/{rel}","templated":true}]}}