{"id":100203,"date":"2026-01-10T12:51:17","date_gmt":"2026-01-10T12:51:17","guid":{"rendered":"https:\/\/www.europesays.com\/lv\/100203\/"},"modified":"2026-01-10T12:51:17","modified_gmt":"2026-01-10T12:51:17","slug":"rosina-izteikt-neuzticibu-silinai-iemesls-valsts-nauda-saturam-krievu-valoda-jauns-lv","status":"publish","type":"post","link":"https:\/\/www.europesays.com\/lv\/100203\/","title":{"rendered":"Rosina izteikt neuztic\u012bbu Sili\u0146ai: iemesls &#8211; valsts nauda saturam krievu valod\u0101 &#8211; Jauns.lv"},"content":{"rendered":"<ol>\n<li><a href=\"https:\/\/news.google.com\/rss\/articles\/CBMiswFBVV95cUxPd1l0YTlud3NKNUNkeEY1RmM5RDBJdmFZZkdBUGJ6S2s2RTV4YUZrTXdXOGJEY2hIRXlKQldXcGQ3RW5wR0lyZHQtZXp1NExTSm1fekxINFIza0JSY0wtX0dPUkN1RzBfSHdld0pELXZaejREdVZkTEduLUw3bXpFQzV1T28tS2lXdm9xVC1Ta3lWeERNUjBDRXNnazhzdmVoT3hkcVJUYTB4T3RxSmcybm5jOA?oc=5\" target=\"_blank\" rel=\"nofollow noopener\">Rosina izteikt neuztic\u012bbu Sili\u0146ai: iemesls &#8211; valsts nauda saturam krievu valod\u0101<\/a>&nbsp;&nbsp;Jauns.lv<\/li>\n<li><a href=\"https:\/\/news.google.com\/rss\/articles\/CBMic0FVX3lxTE5lTWlMX0FCNjlldm5TV3ZQQ2dKMlN1QkRONV9WZGFlRDM1N3dIaXdvUGdIVFR1cVV3VzBQejY5d0o5MTM2blZnZkFiNEpuRV9SRXdudVdudjR6SlNVMXR5cmgxTTJHeXRXZThkdjNRMldFR1U?oc=5\" target=\"_blank\" rel=\"nofollow noopener\">NA rosina izteikt neuztic\u012bbu Sili\u0146ai<\/a>&nbsp;&nbsp;TVNET<\/li>\n<li><a href=\"https:\/\/news.google.com\/rss\/articles\/CBMi4gFBVV95cUxPUzllYXFrSHVNaERYU0xVNDlPWGJVLVlKTkdBRHlxNVFjdldXemlBX3dPSXFWSFptZV9GVXFfdzkxY0FTX1BGbUQwV2hXVUVFTERRUlFXSFVUZjJubFFvaVZxTVhLX1NuTlRSRDJHZkVoWVY4dnFMVnJPa3ljSkZPTHJfOWNUYXJ4N3VOVUFsV0IyZkRNWlZiSWVWb1BiUHdQYldWUnF3X2hXYTVlczI1YldDQUhOVkZ0bkhtTXJ4S3RJVXdIa3g5ZzZYN1V1Y1BSLV9nenBTMXI0QWxCMUNZNlpn?oc=5\" target=\"_blank\" rel=\"nofollow noopener\">Koal\u012bcijas partijas neredz pamatu Sili\u0146as demisijas piepras\u012bjumam par krievu valodu sabiedriskaj\u0101 medij\u0101<\/a>&nbsp;&nbsp;Lente.lv<\/li>\n<li><a href=\"https:\/\/news.google.com\/rss\/articles\/CBMiqAFBVV95cUxQSk5ZWS02Sjc3dmVaMTdwUWFsR0VkR2RwZG9WMEpqOGJINDhzalN3UHFUZ2dSMUF4R0dtVnhLeDhCMDJIYUhVdmZkU1JyMWh4WkFWU2RCTHJlMW9fX08yRDN2UWlPSW81Uy16UDZxMXMtNjQ1MHRjZzdIeFpyN0RSVjB5RzBlMkprNUVHSkVWU01jbkNRT21rMzhLSnZiN184LTR5VHhPc3o?oc=5\" target=\"_blank\" rel=\"nofollow noopener\">NA rosina izteikt neuztic\u012bbu Sili\u0146ai par krievu valodu sabiedriskaj\u0101 medij\u0101<\/a>&nbsp;&nbsp;Inbox.lv<\/li>\n<li><a href=\"https:\/\/news.google.com\/rss\/articles\/CBMi3gFBVV95cUxPM2JUVDdxSzhDd1pFdjRwdl9TanZOZEVUejkzbHFoV3VReDl1TUJDRXhsYUFoa2hjUXVIQzZEdU9MOE16alhiTFdlcFUwcWN6WkdSSnJoV2JNZFlIODNPZU8yMnc4ME9JQzhMaUxvN19XeWZhcjJueWNkRG1TeHcwemdYOUpheTRTUTNrLVBuQjdYaEc5U1BBTEZ1WFpBaWJNR1VRQ2EtWW5CWnBJSU90SlhfTUJyWUdsU3lPZlYzUGpLLS1KZGR6OWtsWXVuNTR0OHhfQWU1NUpwSnVQRGc?oc=5\" target=\"_blank\" rel=\"nofollow noopener\">Nacion\u0101l\u0101 apvien\u012bba pieprasa Sili\u0146as demisiju par finans\u0113jumu krievu valodai sabiedriskajos medijos<\/a>&nbsp;&nbsp;Lente.lv<\/li>\n<\/ol>\n","protected":false},"excerpt":{"rendered":"Rosina izteikt neuztic\u012bbu Sili\u0146ai: iemesls &#8211; valsts nauda saturam krievu valod\u0101&nbsp;&nbsp;Jauns.lv NA rosina izteikt neuztic\u012bbu Sili\u0146ai&nbsp;&nbsp;TVNET Koal\u012bcijas partijas&hellip;\n","protected":false},"author":2,"featured_media":100204,"comment_status":"","ping_status":"","sticky":false,"template":"","format":"standard","meta":{"footnotes":""},"categories":[12],"tags":[23,28,29,32,33,22,30,31,35,39,38,36,37,34,40,20,26,27,24,25,21],"class_list":{"0":"post-100203","1":"post","2":"type-post","3":"status-publish","4":"format-standard","5":"has-post-thumbnail","7":"category-latvija","8":"tag-aktualitates","9":"tag-breaking-news","10":"tag-breakingnews","11":"tag-featured-news","12":"tag-featurednews","13":"tag-headlines","14":"tag-latest-news","15":"tag-latestnews","16":"tag-latvia","17":"tag-latvian","18":"tag-latviesu","19":"tag-latviesu-valoda","20":"tag-latviesuvaloda","21":"tag-latvija","22":"tag-lv","23":"tag-news","24":"tag-popularakas-zinas","25":"tag-popularakaszinas","26":"tag-top-stories","27":"tag-topstories","28":"tag-zinas"},"share_on_mastodon":{"url":"https:\/\/pubeurope.com\/@lv\/115870897413983364","error":""},"_links":{"self":[{"href":"https:\/\/www.europesays.com\/lv\/wp-json\/wp\/v2\/posts\/100203","targetHints":{"allow":["GET"]}}],"collection":[{"href":"https:\/\/www.europesays.com\/lv\/wp-json\/wp\/v2\/posts"}],"about":[{"href":"https:\/\/www.europesays.com\/lv\/wp-json\/wp\/v2\/types\/post"}],"author":[{"embeddable":true,"href":"https:\/\/www.europesays.com\/lv\/wp-json\/wp\/v2\/users\/2"}],"replies":[{"embeddable":true,"href":"https:\/\/www.europesays.com\/lv\/wp-json\/wp\/v2\/comments?post=100203"}],"version-history":[{"count":0,"href":"https:\/\/www.europesays.com\/lv\/wp-json\/wp\/v2\/posts\/100203\/revisions"}],"wp:featuredmedia":[{"embeddable":true,"href":"https:\/\/www.europesays.com\/lv\/wp-json\/wp\/v2\/media\/100204"}],"wp:attachment":[{"href":"https:\/\/www.europesays.com\/lv\/wp-json\/wp\/v2\/media?parent=100203"}],"wp:term":[{"taxonomy":"category","embeddable":true,"href":"https:\/\/www.europesays.com\/lv\/wp-json\/wp\/v2\/categories?post=100203"},{"taxonomy":"post_tag","embeddable":true,"href":"https:\/\/www.europesays.com\/lv\/wp-json\/wp\/v2\/tags?post=100203"}],"curies":[{"name":"wp","href":"https:\/\/api.w.org\/{rel}","templated":true}]}}