{"id":100215,"date":"2026-01-10T13:14:16","date_gmt":"2026-01-10T13:14:16","guid":{"rendered":"https:\/\/www.europesays.com\/lv\/100215\/"},"modified":"2026-01-10T13:14:16","modified_gmt":"2026-01-10T13:14:16","slug":"asv-aktivitates-palielina-taivanas-bazas-par-iespejamo-kinas-uzbrukumu-lsm-reportaza-no-taivanas-raksts","status":"publish","type":"post","link":"https:\/\/www.europesays.com\/lv\/100215\/","title":{"rendered":"ASV aktivit\u0101tes palielina Taiv\u0101nas ba\u017eas par iesp\u0113jamo \u0136\u012bnas uzbrukumu. LSM report\u0101\u017ea no Taiv\u0101nas \/ Raksts"},"content":{"rendered":"<p>Taiv\u0101na jau vair\u0101kus gadus uzman\u012bgi v\u0113ro notikumu att\u012bst\u012bbu Ukrainas kar\u0101, jo raiz\u0113jas, ka komunistisk\u0101 \u0136\u012bna var\u0113tu m\u0101c\u012bties no Krievijas k\u013c\u016bd\u0101m un sar\u012bkot efekt\u012bv\u0101ku uzbrukumu Taiv\u0101nai. P\u0113d\u0113j\u0101 laik\u0101 \u0161\u012bm ba\u017e\u0101m pievienojies ar\u012b satraukums par ASV r\u012bc\u012bbu, jo Donalda Trampa vad\u012bb\u0101 Va\u0161ingtona iez\u012bm\u0113 jaunu pasaules k\u0101rt\u012bbu, kur\u0101 lielvalstis sadala ietekmes zonas sav\u0101 starp\u0101.<\/p>\n<p>\u012aSUM\u0100:<\/p>\n<ul>\n<li>ASV p\u0113d\u0113j\u0101 laika aktivit\u0101tes palielina Taiv\u0101nas satraukumu par iesp\u0113jamo \u0136\u012bnas uzbrukumu.<\/li>\n<li>ASV pa\u0161laik joproj\u0101m ir galvenais Taiv\u0101nas dro\u0161\u012bbas garants.<\/li>\n<li>Taiv\u0101nie\u0161i raiz\u0113jas, ka ASV koncentr\u0113sies uz Rietumu puslodi un nov\u0113rs\u012bs uzman\u012bbu no Taiv\u0101nas.<\/li>\n<li>Taiv\u0101na ar ba\u017e\u0101m v\u0113ro ar\u012b Krievijas s\u0101kto karu pret Ukrainu, jo \u0136\u012bna var\u0113tu m\u0101c\u012bties no Maskavas k\u013c\u016bd\u0101m.<\/li>\n<li>Taiv\u0101na k\u0101 mikrosh\u0113mu un pusvad\u012bt\u0101ju ra\u017eot\u0101ja ir \u013coti svar\u012bga pasaulei ekonomikai.<\/li>\n<li>Taiv\u0101nie\u0161i uzsver, ka \u013coti daudz dar\u012bju\u0161i savas dro\u0161\u012bbas stiprin\u0101\u0161anai.<\/li>\n<li>Pa\u0161laik netiek prognoz\u0113ts t\u016bl\u012bt\u0113js \u0136\u012bnas uzbrukums; Pekina dr\u012bz\u0101k m\u0113\u0123in\u0101s p\u0101r\u0146emt varu Taiv\u0101n\u0101 no iek\u0161puses.<\/li>\n<\/ul>\n<p>ASV pa\u0161laik joproj\u0101m ir galvenais faktors, kas attur \u0136\u012bnu no milit\u0101ra uzbrukuma Taiv\u0101nai, LTV \u017eurn\u0101listam Gintam Amoli\u0146am viz\u012btes laik\u0101 Taiv\u0101n\u0101 nor\u0101d\u012bja eksperti. Ta\u010du tagad palielin\u0101ju\u0161\u0101s ba\u017eas, ka amerik\u0101\u0146i b\u016bs aiz\u0146emti ar lietu k\u0101rto\u0161anu Lat\u012b\u0146amerik\u0101 un citviet Rietumu puslod\u0113, kas nov\u0113rs\u012bs vi\u0146u uzman\u012bbu un resursus. Tas b\u016btu b\u012bstams scen\u0101rijs ne tikai Taiv\u0101nai, bet ar\u012b visai pasaules ekonomikai, jo iesp\u0113jamais \u0136\u012bnas uzbrukums var\u0113tu nodar\u012bt lielu kait\u0113jumu.<\/p>\n<p>            <img decoding=\"async\" src=\"https:\/\/www.europesays.com\/lv\/wp-content\/uploads\/2026\/01\/sfmr.jpg\" alt=\"Taiv\u0101nas galvaspils\u0113ta Taibei\"\/><\/p>\n<p>Taiv\u0101nas galvaspils\u0113ta Taibei<\/p>\n<p>Foto: Gints Amoli\u0146\u0161, LTV<\/p>\n<\/p>\n<p>Taiv\u0101na ir pasaules ekonomikai tik \u013coti svar\u012bgo mikrosh\u0113mu un pusvad\u012bt\u0101ju ra\u017eo\u0161anas lielvalsts, bet p\u0113d\u0113jos gados arvien liel\u0101ku satraukumu rad\u012bjusi \u0136\u012bnas retorika un milit\u0101ro musku\u013cu demonstr\u0113\u0161ana.<\/p>\n<p>\u0136\u012bnas uzbrukums Taiv\u0101nai b\u016btu katastrofa pasaules ekonomikai<\/p>\n<p>Pag\u0101ju\u0161\u0101 gada nogal\u0113 notika v\u0113l vienas pla\u0161a m\u0113roga \u0136\u012bnas milit\u0101r\u0101s m\u0101c\u012bbas ap Taiv\u0101nu, simul\u0113jot salas un t\u0101s ostu blok\u0101di, un triecienus pa t\u0101m. Da\u017eas dienas pirms tam ASV prezidenta DonaldaTrampa administr\u0101cija bija pazi\u0146ojusi par bru\u0146ojuma p\u0101rdo\u0161anu Taiv\u0101nai 11 miljardu ASV dol\u0101ru v\u0113rt\u012bb\u0101. Tas ir viens no liel\u0101kajiem ASV dar\u012bjumiem ar Taiv\u0101nu v\u0113stur\u0113, iepirkumu sarakst\u0101 ir HIMARS ra\u0137e\u0161u sist\u0113mas, haubices un cits bru\u0146ojums.\u00a0<\/p>\n<p>Gints Amoli\u0146\u0161 viz\u012btes laik\u0101 Taipej\u0101 tik\u0101s ar Taiv\u0101nas \u0101rlietu ministra vietnieku Fransu\u0101 Vu \u010ci\u010dunu.<\/p>\n<p>            <img decoding=\"async\" src=\"https:\/\/www.europesays.com\/lv\/wp-content\/uploads\/2026\/01\/sfml.jpg\" alt=\"Taiv\u0101nas \u0101rlietu ministra vietnieks Fransu\u0101 Vu \u010ci\u010duns\"\/><\/p>\n<p>Taiv\u0101nas \u0101rlietu ministra vietnieks Fransu\u0101 Vu \u010ci\u010duns<\/p>\n<p>Foto: Gints Amoli\u0146\u0161, LTV<\/p>\n<\/p>\n<p>Vi\u0146a biroj\u0101 uz sienas pasaules karte, kur\u0101 iez\u012bm\u0113ta Taiv\u0101nas diplom\u0101tisk\u0101 p\u0101rst\u0101vniec\u012bba pasaul\u0113 \u2013 \u0136\u012bna cen\u0161as mazin\u0101t Taiv\u0101nas sabiedroto skaitu caur politisko un ekonomisko spiedienu.<\/p>\n<p>Gandr\u012bz 100 valst\u012bs, tai skait\u0101 Latvij\u0101, darbojas Taipejas p\u0101rst\u0101vniec\u012bbas vai misijas, bet v\u0113stniec\u012bbas ir tikai 12 valst\u012bs, kas ofici\u0101li atzinu\u0161as Taiv\u0101nas neatkar\u012bbu. To vid\u016b ir vair\u0101kas Kar\u012bbu j\u016bras re\u0123iona un Centr\u0101lamerikas valstis, da\u017eas Klus\u0101 oke\u0101na salu valstis, k\u0101 ar\u012b Vatik\u0101ns.<\/p>\n<p>\u0100rlietu ministrijas foaj\u0113 redzami gan Taiv\u0101nu atzinu\u0161o valstu karogi, gan ar\u012b da\u013ca to, kas ir stabili Taiv\u0101nas partneri ar\u012b bez diplom\u0101tiskas atz\u012b\u0161anas.<\/p>\n<p>Vu uzsver, ka Taiv\u0101na dara visu, lai re\u0123ion\u0101 saglab\u0101tu mieru un stabilit\u0101ti.\u00a0<\/p>\n<blockquote>\n<p>&#8220;Kas jums b\u016btu j\u0101zina par m\u016bsu re\u0123ionu \u2013 Taiv\u0101na atrodas \u013coti intens\u012bvu pasaules tirdzniec\u012bbas krustce\u013cu pa\u0161\u0101 centr\u0101. L\u012bdz ar to jebk\u0101di \u0136\u012bnas m\u0113\u0123in\u0101jumi sagraut &#8220;status quo&#8221;, tai skait\u0101 m\u0113\u0123inot iekarot Taiv\u0101nu, b\u016btu katastrofa pasaules ekonomikai.&#8221;<\/p>\n<\/blockquote>\n<p>            <img decoding=\"async\" src=\"https:\/\/www.europesays.com\/lv\/wp-content\/uploads\/2026\/01\/sfms.jpg\" alt=\"Taiv\u0101nas karogi\"\/><\/p>\n<p>Taiv\u0101nas karogi<\/p>\n<p>Foto: Gints Amoli\u0146\u0161, LTV<\/p>\n<\/p>\n<p>Taiv\u0101na domin\u0113 pusvad\u012bt\u0101ju, mikrosh\u0113mu tirg\u016b, kas tik svar\u012bgas glob\u0101lajai ekonomikai un m\u016bsdienu tehnolo\u0123ij\u0101m. T\u0101 ra\u017eo vair\u0101k nek\u0101 pusi no pasaules pusvad\u012bt\u0101jiem un gandr\u012bz visus augst\u0101k\u0101s klases pusvad\u012bt\u0101jus.<\/p>\n<p>Tas ir ne tikai viens no ekonomikas, bet ar\u012b dro\u0161\u012bbas st\u016brakme\u0146iem, lai gan ASV cen\u0161as da\u013cu ra\u017eo\u0161anas p\u0101rcelt pie sevis. Uz to un ba\u017e\u0101m par dro\u0161\u012bbu nor\u0101da ar\u012b Taipejas iel\u0101s sastaptie iedz\u012bvot\u0101ji.<\/p>\n<p>\u00a0&#8220;Tas mani noteikti uztrauc. Pirmk\u0101rt, tas ir par dro\u0161\u012bbu, vai ne? Tu dz\u012bvo valst\u012b, kur\u0101 ceri dz\u012bvot labu dz\u012bvi. T\u0101p\u0113c vienm\u0113r, kad atrodies apdraud\u0113t\u0101 situ\u0101cij\u0101, tu nej\u016bties labi. Tu uztraucies par savu n\u0101kotni. Tu uztraucies par savu dro\u0161\u012bbu,&#8221; atz\u012bst Taipejas iedz\u012bvot\u0101js \u010cens Juns.<\/p>\n<p>            <img decoding=\"async\" src=\"https:\/\/www.europesays.com\/lv\/wp-content\/uploads\/2026\/01\/sfmp.jpg\" alt=\"Taipejas iedz\u012bvot\u0101js Ju\u010de\u017eans Liu\"\/><\/p>\n<p>Taipejas iedz\u012bvot\u0101js Ju\u010de\u017eans Liu<\/p>\n<p>Foto: Gints Amoli\u0146\u0161, LTV<\/p>\n<\/p>\n<p>&#8220;M\u0113s zin\u0101m, ka pasaule v\u0113las alternat\u012bvu Taiv\u0101nas ekonomiskajai varai, Taiv\u0101nas ra\u017eo\u0161anas sp\u0113jai. Ta\u010du pagaid\u0101m, manupr\u0101t, vismaz n\u0101kamo piecu gadus m\u0113s joproj\u0101m saglab\u0101sim tikpat sp\u0113c\u012bgas poz\u012bcijas mikrosh\u0113mu un citu izstr\u0101d\u0101jumu ra\u017eo\u0161an\u0101,&#8221; sprie\u017e Taipejas iedz\u012bvot\u0101js Ju\u010de\u017eans Liu.<\/p>\n<p>Taiv\u0101na savu dro\u0161\u012bbu neuzskata par pa\u0161saprotamu<\/p>\n<p>Taiv\u0101nu no \u0136\u012bnas \u0161\u0137ir aptuveni 180 kilometrus platais Taiv\u0101nas \u0161aurums. Taiv\u0101nas \u0161aurums ir kritiski svar\u012bga glob\u0101l\u0101s ku\u0123o\u0161anas un tirdzniec\u012bbas art\u0113rija. Piem\u0113ram, 2022. gad\u0101 Taiv\u0101nas \u0161aurumu \u0161\u0137\u0113rsoja puse no pasaules konteinerku\u0123iem ar prec\u0113m gandr\u012bz 2,5 triljonu ASV dol\u0101ru v\u0113rt\u012bb\u0101, kas togad atbilda vair\u0101k nek\u0101 piektajai da\u013cai pasaules j\u016bras tirdzniec\u012bbas.<\/p>\n<blockquote>\n<p>Jebk\u0101ds bru\u0146ots konflikts vai blok\u0101de izrais\u012btu milzu trauc\u0113jumus pieg\u0101d\u0113s un cenu pieaugumu elektronikas, automa\u0161\u012bnu un citu pre\u010du p\u0101rvad\u0101\u0161an\u0101.<\/p>\n<\/blockquote>\n<p>Pieredz\u0113ju\u0161ais taiv\u0101nie\u0161u diplom\u0101ts Kao Stenlijs, biju\u0161ais Taiv\u0101nas p\u0101rst\u0101vis ASV, sarun\u0101 ar Latvijas Telev\u012bziju uzsver, ka t\u0101d\u0113\u013c\u00a0 Taiv\u0101nas dro\u0161\u012bba un\u00a0 pasaules ekonomika ir cie\u0161i saist\u012btas.<\/p>\n<p>            <img decoding=\"async\" src=\"https:\/\/www.europesays.com\/lv\/wp-content\/uploads\/2026\/01\/sfmn.jpg\" alt=\"Taiv\u0101nas Nacion\u0101l\u0101s politikas p\u0113t\u012bjumu instit\u016bta vec\u0101kais padomnieks Kao Stenlijs\"\/><\/p>\n<p>Taiv\u0101nas Nacion\u0101l\u0101s politikas p\u0113t\u012bjumu instit\u016bta vec\u0101kais padomnieks Kao Stenlijs<\/p>\n<p>Foto: Gints Amoli\u0146\u0161, LTV<\/p>\n<\/p>\n<p>&#8220;Taiv\u0101nas izdz\u012bvo\u0161ana, dro\u0161\u012bba un labkl\u0101j\u012bba noz\u012bm\u0113 \u013coti daudz pla\u0161\u0101kai pasaulei. M\u0113s nev\u0113lamies neko uzskat\u012bt par pa\u0161saprotamu. M\u0113s joproj\u0101m ticam, ka miers Taiv\u0101nas \u0161aurum\u0101 ir lab\u0101k\u0101 alternat\u012bva un lab\u0101kais risin\u0101jums vis\u0101m un ikvienai valstij \u0161aj\u0101 Klus\u0101 oke\u0101na re\u0123iona da\u013c\u0101,&#8221; sprie\u017e Kao, kur\u0161 pa\u0161laik ir Taiv\u0101nas Nacion\u0101l\u0101s politikas p\u0113t\u012bjumu instit\u016bta vec\u0101kais padomnieks.<\/p>\n<p>&#8220;Es dom\u0101ju, ka Taiv\u0101na ir dar\u012bjusi visu iesp\u0113jamo \u2013 gan k\u0101 sabiedr\u012bba, gan k\u0101 valsts &#8211; aizsardz\u012bbas un notur\u012bbas nostiprin\u0101\u0161an\u0101. Es dom\u0101ju, ka tas ir galvenais. Kopum\u0101 pieaug izpratne par to, cik svar\u012bga ir Taiv\u0101na. Un t\u0101p\u0113c cilv\u0113ki ar\u012b v\u0113ro, kas notiek ar karu Ukrain\u0101. No vienas puses, m\u0113s nev\u0113lamies neko uzskat\u012bt par pa\u0161saprotamu. J\u0101b\u016bt mieram, kas nodro\u0161in\u0101ts caur sp\u0113ku. Bet mums ir j\u0101gatavojas slikt\u0101kajam scen\u0101rijam.&#8221;<\/p>\n<p>Krievijas pan\u0101kumi Ukrainas kar\u0101 var\u0113tu iedvesmot \u0136\u012bnu<\/p>\n<p>Krievijas karam Ukrain\u0101 seko l\u012bdzi ar\u012b Taiv\u0101n\u0101 \u2013 par to bie\u017ei tiek run\u0101ts medijos, apspriests un diskut\u0113ts.<\/p>\n<p>            <img decoding=\"async\" src=\"https:\/\/www.europesays.com\/lv\/wp-content\/uploads\/2026\/01\/sfmm.jpg\" alt=\"Raid\u012bjums par Ukrainas karu vien\u0101 no Taiv\u0101nas telev\u012bzijas kan\u0101liem\"\/><\/p>\n<p>Raid\u012bjums par Ukrainas karu vien\u0101 no Taiv\u0101nas telev\u012bzijas kan\u0101liem<\/p>\n<p>Foto: Gints Amoli\u0146\u0161, LTV<\/p>\n<\/p>\n<p>Taiv\u0101na caur Eiropas partneriem ar\u012b Ukrainai sniedz pal\u012bdz\u012bbu. \u0136\u012bnas atbalsts Krievijai Taiv\u0101n\u0101 rada ba\u017eas \u2013 tai skait\u0101, ja Krievija tiks cauri sveik\u0101, tas var iedro\u0161in\u0101t \u0136\u012bnu r\u012bkoties l\u012bdz\u012bgi pret Taiv\u0101nu, nor\u0101d\u012bja Taiv\u0101nas \u0100rlietu ministrij\u0101.<\/p>\n<blockquote>\n<p>&#8220;M\u016bs uztrauc, ja karadarb\u012bba beidzas ar izn\u0101kumu, kas tiktu interpret\u0113ts k\u0101 Krievijas uzvara, tad tas var iedro\u0161in\u0101t \u0136\u012bnu izdar\u012bt to pa\u0161u \u0161eit un s\u0101kt iebrukumu Taiv\u0101n\u0101,&#8221; atz\u012bst Taiv\u0101nas \u0101rlietu ministra vietnieks Fransu\u0101 Vu \u010ci\u010duns.<\/p>\n<\/blockquote>\n<p>            <img decoding=\"async\" src=\"https:\/\/www.europesays.com\/lv\/wp-content\/uploads\/2026\/01\/sfmi.jpg\" alt=\"Taiv\u0101nas armij\u0101 iesauktie karav\u012bri piedal\u0101s milit\u0101r\u0101s m\u0101c\u012bb\u0101s\"\/><\/p>\n<p>Taiv\u0101nas armij\u0101 iesauktie karav\u012bri piedal\u0101s milit\u0101r\u0101s m\u0101c\u012bb\u0101s<\/p>\n<p>Foto: REUTERS, Ann Wang<\/p>\n<\/p>\n<p>Taiv\u0101na turpina palielin\u0101t aizsardz\u012bbas izdevumus, un Taipej\u0101 bie\u017ei izskan fr\u0101ze &#8220;saska\u0146\u0101 ar NATO standartiem&#8221;. Taiv\u0101na l\u012bdz 2030. gadam pl\u0101no palielin\u0101t aizsardz\u012bbas izdevumus l\u012bdz 5% no IKP. Ar\u012b NATO atz\u012bst re\u0123iona svar\u012bgumu, uz to oktobr\u012b nor\u0101d\u012bja NATO \u0123ener\u0101lsekret\u0101rs Marks Rute.<\/p>\n<p>&#8220;Eiroatlantisko un Indijas-Klus\u0101 oke\u0101na re\u0123ionu nevar uzskat\u012bt par diviem no\u0161\u0137irtiem re\u0123ioniem. Tie ir saist\u012bti, Zieme\u013ckorejai, \u0136\u012bnai un Ir\u0101nai atbalstot Krievijas karu. Neb\u016bsim naivi \u0161aj\u0101 jaut\u0101jum\u0101. Un m\u0113s zin\u0101m \u2013 ja \u0136\u012bna kaut ko izdar\u012btu pret Taiv\u0101nu, visticam\u0101k, Sji Dzji\u0146pins piespied\u012bs Putinu v\u0113rsties pret NATO. T\u0101p\u0113c mums ir j\u0101b\u016bt gataviem,&#8221; br\u012bdin\u0101ja Rute.<\/p>\n<p>\u0136\u012bna var\u0113tu m\u0113\u0123in\u0101t p\u0101r\u0146emt varu Taiv\u0101n\u0101 no iek\u0161puses<\/p>\n<p>Taipej\u0101 tik\u0101mies ar Latvijas \u0100rpolitikas instit\u016bta p\u0113tnieci Danu D\u016bdu. Vi\u0146a jau vair\u0101kus gadus dz\u012bvo Taiv\u0101n\u0101, pirms tam ilg\u0101ku laiku pavad\u012bjusi ar\u012b \u0136\u012bn\u0101.<\/p>\n<p>            <img decoding=\"async\" src=\"https:\/\/www.europesays.com\/lv\/wp-content\/uploads\/2026\/01\/sfmk.jpg\" alt=\"Taiv\u0101n\u0101 dz\u012bvojo\u0161\u0101 Latvijas \u0100rpolitikas instit\u016bta p\u0113tniece Dana D\u016bda\"\/><\/p>\n<p>Taiv\u0101n\u0101 dz\u012bvojo\u0161\u0101 Latvijas \u0100rpolitikas instit\u016bta p\u0113tniece Dana D\u016bda<\/p>\n<p>Foto: Gints Amoli\u0146\u0161, LTV<\/p>\n<\/p>\n<p>D\u016bda nor\u0101da, ka \u0136\u012bna m\u0101c\u0101s no Krievijas, un kopum\u0101 pret Taiv\u0101nu r\u012bkojas \u013coti l\u012bdz\u012bgi, k\u0101 Krievija Eirop\u0101. Milit\u0101r\u0101 konflikta iesp\u0113jam\u012bbu Taiv\u0101n\u0101 vi\u0146a v\u0113rt\u0113 k\u0101 augstu, bet ne uzreiz.<\/p>\n<blockquote>\n<p>&#8220;Iesp\u0113jam\u012bba ir liela, bet tas noteikti neb\u016bs tagad un t\u016bl\u012bt. [\u0136\u012bnai] tas ir \u013coti ilgtermi\u0146a projekts, kas praktiski jau tagad notiek, tikai ne t\u0101d\u0101 kin\u0113tisk\u0101 kara veid\u0101, k\u0101 m\u0113s to varb\u016bt dom\u0101jam par karu.<\/p>\n<\/blockquote>\n<p>Bet tas ir hibr\u012bdkar\u0161 \u2013 kabe\u013cu grie\u0161anas misija, dezinform\u0101cija, propaganda, kaut k\u0101du viet\u0113jo a\u0123entu kultiv\u0113\u0161ana. Kad tu centies nevis iebrukt ar tankiem un zobeniem, bet p\u0101r\u0146emt varu no iek\u0161puses,&#8221; sprie\u017e D\u016bda.<\/p>\n<p>Tam piekr\u012bt ar\u012b Taiv\u0101nas Nacion\u0101l\u0101s aizsardz\u012bbas un dro\u0161\u012bbas p\u0113tniec\u012bbas instit\u016bt\u0101 p\u0113tnieks Pei\u0161jue Sje, kur\u0101 p\u0113ta kara model\u0113\u0161anas, bru\u0146o\u0161an\u0101s sacens\u012bbu un \u0123eopolitikas jaut\u0101jumus.<\/p>\n<p>            <img decoding=\"async\" src=\"https:\/\/www.europesays.com\/lv\/wp-content\/uploads\/2026\/01\/sfmo.jpg\" alt=\"Taiv\u0101nas Nacion\u0101l\u0101s aizsardz\u012bbas un dro\u0161\u012bbas p\u0113tniec\u012bbas instit\u016bt\u0101 p\u0113tnieks Pei\u0161jue Sje\"\/><\/p>\n<p>Taiv\u0101nas Nacion\u0101l\u0101s aizsardz\u012bbas un dro\u0161\u012bbas p\u0113tniec\u012bbas instit\u016bt\u0101 p\u0113tnieks Pei\u0161jue Sje<\/p>\n<p>Foto: Gints Amoli\u0146\u0161, LTV<\/p>\n<\/p>\n<p>Ar\u012b vi\u0146\u0161 nor\u0101da, ka \u0136\u012bna jau tagad \u012bsteno milit\u0101r\u0101s aktivit\u0101tes j\u016br\u0101 un kiberuzbrukumus. Bie\u017ei tiek run\u0101ts par 2027. gadu, jo n\u0101kamgad ir \u0136\u012bnas bru\u0146oto sp\u0113ku (\u0136\u012bnas Tautas atbr\u012bvo\u0161anas armijas) dibin\u0101\u0161anas simt\u0101 gadadiena. Bet vai un kad tie\u0161\u0101m var\u0113tu draud\u0113t milit\u0101rs iebrukums, ir gr\u016bti pateikt. Vispirms &#8220;maig\u0101 pieeja&#8221;, nor\u0101da eksperts, atg\u0101dinot par piem\u0113ru no \u0136\u012bnas pilso\u0146u kara laikiem.<\/p>\n<p>&#8220;Tolaik, kad komunistisk\u0101 armija dev\u0101s uz Pekinu, galvaspils\u0113tas m\u0113rs vienk\u0101r\u0161i padev\u0101s bez c\u012b\u0146as. Jo visa vi\u0146a komanda vienk\u0101r\u0161i bija Komunistisk\u0101s partijas kompromit\u0113ta un infiltr\u0113ta.<\/p>\n<blockquote>\n<p>L\u012bdz ar to viens no bied\u0113jo\u0161\u0101kajiem scen\u0101rijiem ir politisk\u0101 spiego\u0161ana, viet\u0113jie kolaboranti, \u0136\u012bnas ietekmes a\u0123enti un apvienojum\u0101 ar nelielu milit\u0101ru oper\u0101ciju. Tas ir visba\u017e\u012bg\u0101kais scen\u0101rijs,&#8221; secina Pei\u0161jue.<\/p>\n<\/blockquote>\n<p>Iesp\u0113jamo uzbrukumu Taiv\u0101nai v\u0113rt\u0113 k\u0101 Tre\u0161\u0101 pasaules kara prel\u016bdiju<\/p>\n<p>Eksperts ar\u012b br\u012bdina \u2013 \u0136\u012bnas bru\u0146otai inv\u0101zijai b\u016btu ne tikai pla\u0161as sekas glob\u0101lajai ekonomikai.<\/p>\n<p>&#8220;Manupr\u0101t, tas b\u016btu tikai viens no aspektiem. Ja \u0136\u012bna patie\u0161\u0101m iebruks Taiv\u0101n\u0101, to, iesp\u0113jams, var\u0113s uzskat\u012bt par prel\u016bdiju, ievadu Tre\u0161ajam pasaules karam. Jo p\u0113c desmit gadiem, 15 gadiem, kad cilv\u0113ki atskat\u012bsies uz v\u0113sturi, vi\u0146i teiks &#8211; ak, 2022. un varb\u016bt 2026. gads bija Tre\u0161\u0101 pasaules kara prel\u016bdija.<\/p>\n<p>T\u0101pat k\u0101 savulaik Lielbrit\u0101nija un Francija nesp\u0113ja liegt v\u0101cie\u0161iem okup\u0113t \u010cehoslov\u0101kiju, tad Poliju, un s\u0101k\u0101s kar\u0161. T\u0101s nav tikai ekonomiskas sekas. Main\u012bsies ar\u012b visa pasaules politisk\u0101 strukt\u016bra.&#8221;<\/p>\n<p>            <img decoding=\"async\" src=\"https:\/\/www.europesays.com\/lv\/wp-content\/uploads\/2026\/01\/sfmq.jpg\" alt=\"Taiv\u0101nas galvaspils\u0113ta Taibei\"\/><\/p>\n<p>Taiv\u0101nas galvaspils\u0113ta Taibei<\/p>\n<p>Foto: Gints Amoli\u0146\u0161, LTV<\/p>\n<\/p>\n<p>T\u0101d\u0113\u013c Taiv\u0101na p\u0113d\u0113jos gados stiprina aizsardz\u012bbu \u2013 gan bru\u0146otos sp\u0113kus, gan ar\u012b civilo notur\u012bbu. L\u012bdz\u012bgi, k\u0101 Latvija.<\/p>\n<p>&#8220;M\u016bsu Latvijas realit\u0101te un Taiv\u0101nas realit\u0101te ir k\u0101 divas paral\u0113las pasaules. Viss, ar ko m\u0113s saskaramies saist\u012bb\u0101 ar Krievijas hibr\u012bdkaru, tas notiek ar\u012b \u0161eit. T\u0101p\u0113c taiv\u0101nie\u0161i ir \u013coti ieinteres\u0113ti m\u0101c\u012bties, k\u0101 m\u0113s c\u012bn\u0101mies ar kiberuzbrukumiem, k\u0101 m\u0113s c\u012bn\u0101mies ar dezinform\u0101ciju,&#8221; skaidro Latvijas \u0100rpolitikas instit\u016bta p\u0113tniece D\u016bda.<\/p>\n<p>Pa\u0161laik galvenais faktors, kas attur \u0136\u012bnu veikt milit\u0101ras darb\u012bbas pret Taiv\u0101nu, joproj\u0101m ir ASV. Taiv\u0101nas eksperti nor\u0101da, ka \u0136\u012bnai izdev\u012bgs br\u012bdis b\u016btu, ja ASV fokuss un kl\u0101tb\u016btne Klus\u0101 oke\u0101na re\u0123ion\u0101 samazin\u0101s, un t\u0101d\u0113\u013c tas ir viens no iemesliem, k\u0101d\u0113\u013c \u0136\u012bna turpina atbalst\u012bt Krieviju kar\u0101 Ukrain\u0101.<\/p>\n<p>KONTEKSTS:<\/p>\n<p>Taiv\u0101nas sala ar 23 miljoniem iedz\u012bvot\u0101ju atrodas ap 180 km att\u0101lum\u0101 no kontinent\u0101l\u0101s \u0136\u012bnas.<\/p>\n<p>\u0136\u012bnas Tautas Republika (\u0136TR) jeb komunistisk\u0101 \u0136\u012bna uzskata Taiv\u0101nu par neat\u0146emamu savas valsts sast\u0101vda\u013cu, bet Taiv\u0101na tam nepiekr\u012bt un uzst\u0101j uz savu suverenit\u0101ti.<\/p>\n<p>Konflikta saknes mekl\u0113jamas notikumos p\u0113c Otr\u0101 pasaules kara, kad \u0136\u012bn\u0101 plos\u012bj\u0101s pilso\u0146u kar\u0161, kas 1949. gad\u0101 nosl\u0113dz\u0101s ar Mao Dzeduna vad\u012bto komunistu uzvaru un \u0136TR pasludin\u0101\u0161anu. \u0136\u012bnas nacion\u0101listu vald\u012bba atrada patv\u0113rumu Taiv\u0101n\u0101 un pasludin\u0101ja Taibeju par \u0136\u012bnas Republikas galvaspils\u0113tu. Kop\u0161 t\u0101 laika komunistisk\u0101 \u0136\u012bna ir centusies pak\u013caut Taiv\u0101nu savai kontrolei, bet Taiv\u0101na atteikusies pak\u013cauties \u0161\u012bm pras\u012bb\u0101m.<\/p>\n<p>Pekinas komunisti br\u012bdina, ka nepiecie\u0161am\u012bbas gad\u012bjum\u0101 ir gatavi atrisin\u0101t &#8220;Taiv\u0101nas jaut\u0101jumu&#8221; ar milit\u0101ru sp\u0113ku.<\/p>\n<p>Taiv\u0101nas neatkar\u012bbu pa\u0161laik ofici\u0101li ir atzinu\u0161as tikai 12 valstis: galvenok\u0101rt Klus\u0101 oke\u0101na salu un Lat\u012b\u0146amerikas valstis, k\u0101 ar\u012b Vatik\u0101ns.<\/p>\n","protected":false},"excerpt":{"rendered":"Taiv\u0101na jau vair\u0101kus gadus uzman\u012bgi v\u0113ro notikumu att\u012bst\u012bbu Ukrainas kar\u0101, jo raiz\u0113jas, ka komunistisk\u0101 \u0136\u012bna var\u0113tu m\u0101c\u012bties no&hellip;\n","protected":false},"author":2,"featured_media":100216,"comment_status":"","ping_status":"","sticky":false,"template":"","format":"standard","meta":{"footnotes":""},"categories":[14],"tags":[23,57,28,29,32,33,22,30,31,35,39,38,36,37,34,40,20,26,27,24,25,54,55,56,21,58],"class_list":{"0":"post-100215","1":"post","2":"type-post","3":"status-publish","4":"format-standard","5":"has-post-thumbnail","7":"category-zinas-no-arvalstim","8":"tag-aktualitates","9":"tag-arvalstim","10":"tag-breaking-news","11":"tag-breakingnews","12":"tag-featured-news","13":"tag-featurednews","14":"tag-headlines","15":"tag-latest-news","16":"tag-latestnews","17":"tag-latvia","18":"tag-latvian","19":"tag-latviesu","20":"tag-latviesu-valoda","21":"tag-latviesuvaloda","22":"tag-latvija","23":"tag-lv","24":"tag-news","25":"tag-popularakas-zinas","26":"tag-popularakaszinas","27":"tag-top-stories","28":"tag-topstories","29":"tag-world","30":"tag-world-news","31":"tag-worldnews","32":"tag-zinas","33":"tag-zinas-no-arvalstim"},"share_on_mastodon":{"url":"https:\/\/pubeurope.com\/@lv\/115870988025495061","error":""},"_links":{"self":[{"href":"https:\/\/www.europesays.com\/lv\/wp-json\/wp\/v2\/posts\/100215","targetHints":{"allow":["GET"]}}],"collection":[{"href":"https:\/\/www.europesays.com\/lv\/wp-json\/wp\/v2\/posts"}],"about":[{"href":"https:\/\/www.europesays.com\/lv\/wp-json\/wp\/v2\/types\/post"}],"author":[{"embeddable":true,"href":"https:\/\/www.europesays.com\/lv\/wp-json\/wp\/v2\/users\/2"}],"replies":[{"embeddable":true,"href":"https:\/\/www.europesays.com\/lv\/wp-json\/wp\/v2\/comments?post=100215"}],"version-history":[{"count":0,"href":"https:\/\/www.europesays.com\/lv\/wp-json\/wp\/v2\/posts\/100215\/revisions"}],"wp:featuredmedia":[{"embeddable":true,"href":"https:\/\/www.europesays.com\/lv\/wp-json\/wp\/v2\/media\/100216"}],"wp:attachment":[{"href":"https:\/\/www.europesays.com\/lv\/wp-json\/wp\/v2\/media?parent=100215"}],"wp:term":[{"taxonomy":"category","embeddable":true,"href":"https:\/\/www.europesays.com\/lv\/wp-json\/wp\/v2\/categories?post=100215"},{"taxonomy":"post_tag","embeddable":true,"href":"https:\/\/www.europesays.com\/lv\/wp-json\/wp\/v2\/tags?post=100215"}],"curies":[{"name":"wp","href":"https:\/\/api.w.org\/{rel}","templated":true}]}}