{"id":100217,"date":"2026-01-10T13:15:07","date_gmt":"2026-01-10T13:15:07","guid":{"rendered":"https:\/\/www.europesays.com\/lv\/100217\/"},"modified":"2026-01-10T13:15:07","modified_gmt":"2026-01-10T13:15:07","slug":"doma-baznica-eksprezidente-vike-freiberga-un-daudz-prominencu-atvadas-no-imanta-freiberga-santa","status":"publish","type":"post","link":"https:\/\/www.europesays.com\/lv\/100217\/","title":{"rendered":"Doma bazn\u012bc\u0101 eksprezidente V\u012b\u0137e-Freiberga un daudz prominen\u010du atvad\u0101s no Imanta Freiberga \u2014 Santa"},"content":{"rendered":"<p>Atvadu dievkalpojum\u0101 R\u012bgas dom\u0101 pulc\u0113j\u0101s vair\u0101ki simti \u013cau\u017eu \u2013 tuvinieki, valsts augst\u0101k\u0101s amatpersonas, prominences, inteli\u0123ence, Freibergu \u0123imenes draugi un pazi\u0146as. Teikt ardievas eksprezidentes v\u012bram Imantam Freibergam bija ieradu\u0161ies teju visi atjaunot\u0101s Latvijas Valsts prezidenti.<\/p>\n<p>Imants Freibergs ir pirmais no prezidentu dz\u012bvesbiedriem, kur\u0161 devies m\u016b\u017e\u012bb\u0101. P\u0113rn Freibergi nosvin\u0113ja k\u0101zu 65. jubileju. Liktenis vi\u0146iem bija d\u0101v\u0101jis piepild\u012btu un skaistu kopdz\u012bvi, lai gan uzlicis ar\u012b savu s\u0101pju p\u0101rbaud\u012bjumu.<\/p>\n<p>Par Imanta Freiberga aizie\u0161anu 1. janv\u0101ra vakar\u0101 pazi\u0146oja eksprezidente Vaira V\u012b\u0137e-Freiberga.<\/p>\n<blockquote><p>&#13;<\/p>\n<p>\u00abMans m\u012b\u013cais Imants \u0161or\u012bt aizg\u0101ja balt\u0101 Dieva mier\u0101 m\u016b\u017e\u012bb\u0101. Dzi\u013c\u0101s s\u0113r\u0101s aizl\u016bdzu, lai vi\u0146a dv\u0113selei viegls ce\u013c\u0161,\u00bb v\u0113st\u012bja V\u012b\u0137e-Freiberga.<\/p>\n<p>&#13;\n<\/p><\/blockquote>\n<p>Vesel\u012bba Imantu p\u0113d\u0113jos gados piev\u012bla arvien bie\u017e\u0101k. Jau pirms diviem gadiem, kad Freibergs svin\u0113ja savu memu\u0101ru atv\u0113r\u0161anu, vi\u0146a d\u0113ls nesl\u0113pa \u2013 t\u0113vam kl\u0101jas smagi. Imants bija pavisam sav\u0101rdzis. \u00abLik\u0101s, ka pat vairs nepiecels galvu no spilvena, vi\u0146am bija gr\u016bti run\u0101t\u2026\u00bb toreiz atkl\u0101ja K\u0101rlis Roberts Freibergs un priec\u0101j\u0101s, ka brauk\u0101\u0161ana pie \u0101rstiem tom\u0113r devusi rezult\u0101tu.<\/p>\n<p>Atvadas no Imanta Freiberga<\/p>\n<p>                    <a data-role=\"gallery.trigger\" href=\"https:\/\/www.santa.lv\/raksts\/personibas\/foto-doma-baznica-eksprezidente-vike-freiberga-un-daudz-prominencu-atvadas-no-imanta-freiberga-80123\/javascript:;\" style=\"background-image:url(&#039;https:\/\/cdn.santa.lv\/media\/2026\/01\/2\/xlarge\/fcb37f0d55a9.jpg&#039;)\" aria-label=\"Atv\u0113rt galeriju\" rel=\"nofollow noopener\" target=\"_blank\"><\/p>\n<p>                                            <a data-role=\"gallery.trigger\" href=\"https:\/\/www.santa.lv\/raksts\/personibas\/foto-doma-baznica-eksprezidente-vike-freiberga-un-daudz-prominencu-atvadas-no-imanta-freiberga-80123\/javascript:;\" style=\"background-image:url(&#039;https:\/\/cdn.santa.lv\/media\/2026\/01\/2\/small\/6eb089ada970.jpg&#039;)\" aria-label=\"Atv\u0113rt galeriju\" rel=\"nofollow noopener\" target=\"_blank\"><br \/>\n                                                    <\/a><br \/>\n                                                <a data-role=\"gallery.trigger\" href=\"https:\/\/www.santa.lv\/raksts\/personibas\/foto-doma-baznica-eksprezidente-vike-freiberga-un-daudz-prominencu-atvadas-no-imanta-freiberga-80123\/javascript:;\" style=\"background-image:url(&#039;https:\/\/cdn.santa.lv\/media\/2026\/01\/2\/small\/e201afbd9453.jpg&#039;)\" aria-label=\"Atv\u0113rt galeriju\" rel=\"nofollow noopener\" target=\"_blank\"><br \/>\n                                                    <\/a><br \/>\n                                                <a data-role=\"gallery.trigger\" href=\"https:\/\/www.santa.lv\/raksts\/personibas\/foto-doma-baznica-eksprezidente-vike-freiberga-un-daudz-prominencu-atvadas-no-imanta-freiberga-80123\/javascript:;\" style=\"background-image:url(&#039;https:\/\/cdn.santa.lv\/media\/2026\/01\/2\/small\/fd07884774f0.jpg&#039;)\" aria-label=\"Atv\u0113rt galeriju\" rel=\"nofollow noopener\" target=\"_blank\"><br \/>\n                            +95                        <\/a><\/p>\n<p>\u00a0<\/p>\n<p>Ta\u010du katram atv\u0113l\u0113ts savs laiks, un pag\u0101ju\u0161\u0101 gada nogal\u0113 eksprezidentes dz\u012bvesbiedra vesel\u012bbas st\u0101voklis jau bija \u013coti b\u0113d\u012bgs.<\/p>\n<p>Imantam Freibergam bija gara un piepild\u012bta dz\u012bve \u2013 91 gads. Vi\u0146\u0161 visu m\u016b\u017eu bija Vairas stiprais plecs, vi\u0146as dro\u0161\u012bbas sala un uzticam\u0101kais draugs. Lai gan daudziem Imants Freibergs \u00a0paliks atmi\u0146\u0101 k\u0101 Latvijas prezidentes v\u012brs, vi\u0146\u0161 bija augsta l\u012bme\u0146a datorzin\u0101t\u0146u speci\u0101lists, lielisks pasniedz\u0113js. Imants bija ar\u012b Dainu skapja digitaliz\u0101cijas idejas autors un iniciators, un par to vi\u0146am pa\u0161am bija visliel\u0101kais prieks un lepnums.<\/p>\n<p>Daudzus savus sap\u0146us un amb\u012bcijas vi\u0146\u0161 gan atst\u0101ja otraj\u0101 pl\u0101n\u0101, lai \u013cautu V\u012b\u0137ei-Freibergai iet savu lielo ce\u013cu k\u0101 Latvijas Valsts prezidentei, \u00a0un atbalst\u012btu vi\u0146u ik uz so\u013ca. No pirm\u0101s dienas l\u012bdz p\u0113d\u0113jai. \u00abImants visu m\u016b\u017eu man ir gan pal\u012bdz\u0113jis darbos, gan ar\u012b bijis milz\u012bgs atbalsts,\u00bb 2024. gad\u0101, veltot v\u012bram savu jaun\u0101ko gr\u0101matu par latvju dain\u0101m, \u017eurn\u0101lam Priv\u0101t\u0101 Dz\u012bve sac\u012bja eksprezidente.<\/p>\n<p>\u00abDar\u012bju, kas ir j\u0101dara, un nekad daudz par to nedom\u0101ju,\u00bb t\u0101 savu misiju \u2013 b\u016bt prezidentes v\u012bram \u2013 redz\u0113ja Imants. \u00abEs nebiju p\u0101rsteigts, ka vi\u0146u iev\u0113l\u0113ja par prezidenti,\u00bb atceroties dienu, kad main\u012bj\u0101s vi\u0146a un sievas dz\u012bve, intervij\u0101 \u017eurn\u0101lam IEVA atmin\u0113j\u0101s Imants. Vi\u0146\u0161 nesl\u0113pa, cik \u013coti lepoj\u0101s ar sievu. \u012apa\u0161i reiz\u0113s, kad vi\u0146ai izdevusies laba runa un auditorija c\u0113lusies k\u0101j\u0101s. Un t\u0101du br\u012b\u017eu bijis daudz. Vaic\u0101ts, k\u0101das \u012bpa\u0161\u012bbas nepiecie\u0161amas prezidentes v\u012bram, Freibergs bija atkl\u0101ts: \u00abSp\u0113ja kop\u0101 darboties. Jo prezident\u016bra ir nopietns darbs, un tur ir j\u0101str\u0101d\u0101 ne tikai v\u012bram vai sievai, bet apk\u0101rt ir vesels birojs, Prezidenta kanceleja. Sare\u017e\u0123\u012bt\u0101kais bija pag\u016bt visu izdar\u012bt, jo nepietika laika, vienm\u0113r biju nodarbin\u0101ts gan es, gan m\u016bsu d\u0113ls K\u0101rlis.\u00bb<\/p>\n<p>Pau\u017eot l\u012bdzj\u016bt\u012bbu Freibergu \u0123imenei, ar\u012b <a data-id=\"123416\" href=\"https:\/\/www.santa.lv\/tema\/123416\/valsts-prezidents?utm_source=internal&amp;utm_medium=article&amp;utm_campaign=theme_link\" target=\"_blank\" rel=\"nofollow noopener\">Valsts prezidents<\/a> Edgars Rink\u0113vi\u010ds atz\u012bm\u0113ja: \u00abImanta Freiberga zin\u0101tniskais un sabiedriskais veikums visa m\u016b\u017ea garum\u0101 kalpojis Latvijai un nesis t\u0101s v\u0101rdu pasaul\u0113.\u00bb<\/p>\n<p>Saprata viens otru bez v\u0101rdiem<\/p>\n<p>\u00abNo s\u0101kuma sar\u012bv\u0113j\u0101mies k\u0101 divi akme\u0146i viens pret otru,\u00bb par kopdz\u012bves s\u0101kumu ar Vairu st\u0101st\u012bja Imants. \u00abSmejamies, ka bij\u0101m k\u0101 o\u013ci. Saliek kop\u0101 kantainus, un tikai ar laiku tie k\u013c\u016bst apa\u013ci,\u00bb atzin\u0101s Vaira. \u00abTa\u010du vienm\u0113r bij\u0101m kop\u0101, viens otram. Un ar gadiem jau noticis t\u0101, ka nesarun\u0101joties saprotam viens otru. Viens kaut ko pasaka, un otrs uzreiz \u2013 vai, tie\u0161i par to dom\u0101ju,\u00bb sac\u012bja eksprezidentes m\u012b\u013cais v\u012brs.<\/p>\n<p>Vi\u0146i satik\u0101s 1957. gada ruden\u012b Kan\u0101d\u0101 k\u0101d\u0101 latvie\u0161u studentu ball\u012bt\u0113. Abi stud\u0113ja Toronto Universit\u0101t\u0113, Vaira \u2013 psiholo\u0123iju, bet Imants \u2013 in\u017eenierzin\u0101tnes.<\/p>\n<p>\u00abMan Imant\u0101 patika ar\u012b tas, ka, s\u0101kot ar mani saieties, vi\u0146\u0161 nebija uzb\u0101z\u012bgs,\u00bb atcer\u0113j\u0101s Vaira. Vi\u0146a teica \u2013\u00a0 Imants vi\u0146u pamaz\u0101m pieradin\u0101jis, glu\u017ei k\u0101 Mazais princis Lapsi\u0146u. Ar delik\u0101tu uzman\u012bbu un r\u016bp\u0113m, bet visam p\u0101ri \u2013 patiesu labsird\u012bbu. \u00abVi\u0146am iek\u0161\u0101 nav \u013caunuma. Vi\u0146\u0161 uz to nav sp\u0113j\u012bgs. Es neko t\u0101du \u012bsti \u013caunu no vi\u0146a neesmu dzird\u0113jusi visa m\u016b\u017ea garum\u0101. Tas, ka viens cilv\u0113ks var b\u016bt tik br\u012bvs no \u013caunuma, mani jaun\u012bb\u0101 \u013coti iespaidoja,\u00bb sac\u012bja V\u012b\u0137e-Freiberga.<\/p>\n<p>1960. gada vasar\u0101, kad Vairai bija 22 gadi, abi apprec\u0113j\u0101s. S\u0101kum\u0101 vi\u0146a nemaz negrib\u0113ja \u0146emt v\u012bra uzv\u0101rdu, jo sav\u0113jais \u013coti paticis. Vienoju\u0161ies par kompromisu, un Vaira k\u013cuva par V\u012b\u0137i-Freibergu. P\u0113c trim gadiem piedzima abu d\u0113ls K\u0101rlis Roberts, p\u0113c tam \u2013 meita Indra Karol\u012bna. Freibergiem bija ar\u012b tre\u0161ais b\u0113rns \u2013 1966. gad\u0101 dzimu\u0161ais Ivars J\u0101nis. Ta\u010du liktenis bija skarbs \u2013 puis\u012btis n\u0101ca pasaul\u0113 priek\u0161laic\u012bgi un aizg\u0101ja vien p\u0101ris dienu p\u0113c dzemd\u012bb\u0101m. Tas bija liels p\u0101rdz\u012bvojums, kuru Imants p\u0113c\u0101k aprakst\u012bjis ar\u012b savos memu\u0101ros.<\/p>\n<p>\u00abVisum\u0101 nevaru par dz\u012bvi s\u016bdz\u0113ties\u00bb\u00a0<\/p>\n<p>Savu memu\u0101ru Dari, kas j\u0101dara rakst\u012b\u0161anai Imants Freibergs velt\u012bja asto\u0146us gadus, un pirms diviem gadiem tie beidzot bija tapu\u0161i. Toreiz, esot fini\u0161a taisn\u0113 ar rakst\u012b\u0161anu, Imants atzina \u2013 \u0161\u012b nodarbe m\u016b\u017ea nogal\u0113 piepild\u012bjusi vi\u0146a ikdienu. \u00abJa cilv\u0113kam visu laiku tikai j\u0101skat\u0101s telev\u012bzija, tad dz\u012bve k\u013c\u016bst vienmu\u013ca,\u00bb vi\u0146\u0161 teica.<\/p>\n<p>Ta\u010du savs skaistums bija ar\u012b nesteidz\u012bgos mirk\u013cos \u2013 prom no galvaspils\u0113tas k\u0146adas. Vi\u0146a miera osta bija Freibergu lauku \u012bpa\u0161ums \u012avand\u0113. Nopeld\u0113ties d\u012b\u0137\u012b, doties l\u0113n\u0101 pastaig\u0101, kuru, asti lepni izsl\u0113jis, vad\u012bja abu ka\u0137is Muris, padarboties d\u0101rz\u0101 \u2013 tie bija Imanta laimes br\u012b\u017ei.\u00a0 \u00abMan nekad nav t\u0101, ka neb\u016btu, ko dar\u012bt. Visam pat nepietiek laika, ir tik daudz gr\u0101matu, ko grib\u0113tos izlas\u012bt,\u00bb pirms savas 90. jubilejas atzin\u0101s Imants.<\/p>\n<p>\u00abIr v\u0113l daudz, ko dar\u012bt. Nomir\u0161u un visu neizdar\u012b\u0161u,\u00bb sprieda vi\u0146\u0161. Ta\u010du ar\u012b izdar\u012bts bija tik daudz\u2026 \u00abVarb\u016bt kaut ko var\u0113ja dar\u012bt cit\u0101di, bet visum\u0101 nevaru par dz\u012bvi s\u016bdz\u0113ties, man ir biju\u0161as vis\u0101das iesp\u0113jas un nav bijis lielu gr\u016bt\u012bbu. Tikai tas, ka mazais d\u0113li\u0146\u0161 nomira un abi vec\u0101ki nomira. Bijis \u017e\u0113l \u0161\u0137irties no cilv\u0113kiem, ar\u012b daudzi m\u016bsu pazi\u0146as ir aizg\u0101ju\u0161i. Tas liekas nepareizi, bet, no otras puses, pareizi\u00a0\u2013 ja visi turpin\u0101tu dz\u012bvot, plan\u0113tai t\u0101 b\u016btu katastrofa,\u00bb bija aizdom\u0101jies Imants. \u00abPar to nav, ko uztraukties\u00a0\u2013 kas b\u016bs, tas b\u016bs. Un katrs no mums to piedz\u012bvos,\u00bb par dz\u012bves beig\u0101m uz \u0161\u012bs zemes sac\u012bja vi\u0146\u0161. Gada pirmaj\u0101 dien\u0101 Imants Freibergs klus\u0101m dev\u0101s prom, lai turpin\u0101tos savos b\u0113rnos un mazb\u0113rnos. K\u0101 atvadu v\u0101rdos pauda dzejniece M\u0101ra Z\u0101l\u012bte: \u00abImanta silt\u0101 gaisma paliek visiem, kas vi\u0146u pazina.\u00bb<\/p>\n","protected":false},"excerpt":{"rendered":"Atvadu dievkalpojum\u0101 R\u012bgas dom\u0101 pulc\u0113j\u0101s vair\u0101ki simti \u013cau\u017eu \u2013 tuvinieki, valsts augst\u0101k\u0101s amatpersonas, prominences, inteli\u0123ence, Freibergu \u0123imenes draugi&hellip;\n","protected":false},"author":2,"featured_media":92638,"comment_status":"","ping_status":"","sticky":false,"template":"","format":"standard","meta":{"footnotes":""},"categories":[12],"tags":[23,28,29,32,33,22,30,31,35,39,38,36,37,34,40,20,26,27,24,25,21],"class_list":{"0":"post-100217","1":"post","2":"type-post","3":"status-publish","4":"format-standard","5":"has-post-thumbnail","7":"category-latvija","8":"tag-aktualitates","9":"tag-breaking-news","10":"tag-breakingnews","11":"tag-featured-news","12":"tag-featurednews","13":"tag-headlines","14":"tag-latest-news","15":"tag-latestnews","16":"tag-latvia","17":"tag-latvian","18":"tag-latviesu","19":"tag-latviesu-valoda","20":"tag-latviesuvaloda","21":"tag-latvija","22":"tag-lv","23":"tag-news","24":"tag-popularakas-zinas","25":"tag-popularakaszinas","26":"tag-top-stories","27":"tag-topstories","28":"tag-zinas"},"share_on_mastodon":{"url":"https:\/\/pubeurope.com\/@lv\/115870991929709231","error":""},"_links":{"self":[{"href":"https:\/\/www.europesays.com\/lv\/wp-json\/wp\/v2\/posts\/100217","targetHints":{"allow":["GET"]}}],"collection":[{"href":"https:\/\/www.europesays.com\/lv\/wp-json\/wp\/v2\/posts"}],"about":[{"href":"https:\/\/www.europesays.com\/lv\/wp-json\/wp\/v2\/types\/post"}],"author":[{"embeddable":true,"href":"https:\/\/www.europesays.com\/lv\/wp-json\/wp\/v2\/users\/2"}],"replies":[{"embeddable":true,"href":"https:\/\/www.europesays.com\/lv\/wp-json\/wp\/v2\/comments?post=100217"}],"version-history":[{"count":0,"href":"https:\/\/www.europesays.com\/lv\/wp-json\/wp\/v2\/posts\/100217\/revisions"}],"wp:featuredmedia":[{"embeddable":true,"href":"https:\/\/www.europesays.com\/lv\/wp-json\/wp\/v2\/media\/92638"}],"wp:attachment":[{"href":"https:\/\/www.europesays.com\/lv\/wp-json\/wp\/v2\/media?parent=100217"}],"wp:term":[{"taxonomy":"category","embeddable":true,"href":"https:\/\/www.europesays.com\/lv\/wp-json\/wp\/v2\/categories?post=100217"},{"taxonomy":"post_tag","embeddable":true,"href":"https:\/\/www.europesays.com\/lv\/wp-json\/wp\/v2\/tags?post=100217"}],"curies":[{"name":"wp","href":"https:\/\/api.w.org\/{rel}","templated":true}]}}