{"id":100218,"date":"2026-01-10T13:16:07","date_gmt":"2026-01-10T13:16:07","guid":{"rendered":"https:\/\/www.europesays.com\/lv\/100218\/"},"modified":"2026-01-10T13:16:07","modified_gmt":"2026-01-10T13:16:07","slug":"so-cetru-zodiaka-zimju-dzives-sakas-melna-svitra-tas-jau-sak-saskarties-ar-nopietniem-dzives-paversieniem","status":"publish","type":"post","link":"https:\/\/www.europesays.com\/lv\/100218\/","title":{"rendered":"\u0160o \u010detru zodiaka z\u012bmju dz\u012bv\u0113s s\u0101kas \u201cmeln\u0101 sv\u012btra\u201d \u2013 t\u0101s jau s\u0101k saskarties ar nopietniem dz\u012bves pav\u0113rsieniem"},"content":{"rendered":"<p>    <img decoding=\"async\" src=\"https:\/\/www.europesays.com\/lv\/wp-content\/uploads\/2026\/01\/2965eb09-6ea6-4d76-8639-c2e5d2789de8-1024x683.jpg\" alt=\"&#10;\"\/><\/p>\n<p>Foto.  pexels.com\/Petr Ganaj\n<\/p>\n<p>10:45, 10. janv\u0101ris 2026<\/p>\n<p>2026. gad\u0101 astrolo\u0123isk\u0101 ainava sola noz\u012bm\u012bgas p\u0101rmai\u0146as, ko ietekm\u0113s plan\u0113tu kust\u012bbas, piem\u0113ram, Saturna un Nept\u016bna savienojums \u0100rij\u0101, k\u0101 ar\u012b \u0113nu s\u0113rijas, kas skars da\u017e\u0101das zodiaka z\u012bmes. <\/p>\n<p>        Las\u012bt\u0101kie<br \/>\n        <a data-imagesrc=\"{&quot;300&quot;:&quot;https:\\\/\\\/lastatic.ams3.cdn.digitaloceanspaces.com\\\/2026\\\/01\\\/trump_94417-300x200.jpg&quot;,&quot;1024&quot;:&quot;https:\\\/\\\/lastatic.ams3.cdn.digitaloceanspaces.com\\\/2026\\\/01\\\/trump_94417-1024x683.jpg&quot;,&quot;1536&quot;:&quot;https:\\\/\\\/lastatic.ams3.cdn.digitaloceanspaces.com\\\/2026\\\/01\\\/trump_94417-1536x1024.jpg&quot;,&quot;500&quot;:&quot;https:\\\/\\\/lastatic.ams3.cdn.digitaloceanspaces.com\\\/2026\\\/01\\\/trump_94417-500x333.jpg&quot;,&quot;800&quot;:&quot;https:\\\/\\\/lastatic.ams3.cdn.digitaloceanspaces.com\\\/2026\\\/01\\\/trump_94417-800x533.jpg&quot;,&quot;2560&quot;:&quot;https:\\\/\\\/lastatic.ams3.cdn.digitaloceanspaces.com\\\/2026\\\/01\\\/trump_94417-scaled.jpg&quot;}\" data-focuspoint=\"&quot;&quot;\" data-p=\"2489466\" href=\"https:\/\/www.la.lv\/video-knapi-knapi-tramps-acimredzami-nebija-forma-pieaug-bazas-par-vina-veselibu\" class=\"content-item lazy-load\" wp_automatic_readability=\"2\" rel=\"nofollow noopener\" target=\"_blank\"><\/p>\n<p>                                <img decoding=\"async\" src=\"\" alt=\"\" style=\"\" data-imageid=\"\"\/><\/p>\n<p>                                            VIDEO. FOTO. Knapi, knapi \u2013 Tramps ac\u012bmredzami nebija form\u0101. Pieaug ba\u017eas par vi\u0146a vesel\u012bbu<br \/>\n                                    48\n                            <\/p>\n<p><\/a><a data-imagesrc=\"{&quot;300&quot;:&quot;https:\\\/\\\/lastatic.ams3.cdn.digitaloceanspaces.com\\\/2026\\\/01\\\/608551842_856998790459914_8046863790925534337_n-300x200.jpg&quot;,&quot;1024&quot;:&quot;https:\\\/\\\/lastatic.ams3.cdn.digitaloceanspaces.com\\\/2026\\\/01\\\/608551842_856998790459914_8046863790925534337_n-1024x683.jpg&quot;,&quot;500&quot;:&quot;https:\\\/\\\/lastatic.ams3.cdn.digitaloceanspaces.com\\\/2026\\\/01\\\/608551842_856998790459914_8046863790925534337_n-500x333.jpg&quot;,&quot;800&quot;:&quot;https:\\\/\\\/lastatic.ams3.cdn.digitaloceanspaces.com\\\/2026\\\/01\\\/608551842_856998790459914_8046863790925534337_n-800x533.jpg&quot;,&quot;1500&quot;:&quot;https:\\\/\\\/lastatic.ams3.cdn.digitaloceanspaces.com\\\/2026\\\/01\\\/608551842_856998790459914_8046863790925534337_n.jpg&quot;}\" data-focuspoint=\"&quot;&quot;\" data-p=\"2491463\" href=\"https:\/\/www.la.lv\/tualetes-pludoja-metelus-nozaga-un-darbinieki-aizballejas-organizatoru-atbilde-par-tragisko-nakti-riga-parsteidz\" class=\"content-item lazy-load\" wp_automatic_readability=\"2\" rel=\"nofollow noopener\" target=\"_blank\"><\/p>\n<p>                                <img decoding=\"async\" src=\"\" alt=\"\" style=\"\" data-imageid=\"\"\/><\/p>\n<p>\n                                                Tualetes pludoja, m\u0113te\u013cus nozaga un darbinieki aizball\u0113j\u0101s! Organizatoru atbilde par tra\u0123isko nakti R\u012bg\u0101 p\u0101rsteidz\n                            <\/p>\n<p><\/a><a data-imagesrc=\"{&quot;300&quot;:&quot;https:\\\/\\\/lastatic.ams3.cdn.digitaloceanspaces.com\\\/2025\\\/12\\\/pexels-valeriya-1833336-300x200.jpg&quot;,&quot;1024&quot;:&quot;https:\\\/\\\/lastatic.ams3.cdn.digitaloceanspaces.com\\\/2025\\\/12\\\/pexels-valeriya-1833336-1024x683.jpg&quot;,&quot;1536&quot;:&quot;https:\\\/\\\/lastatic.ams3.cdn.digitaloceanspaces.com\\\/2025\\\/12\\\/pexels-valeriya-1833336-1536x1024.jpg&quot;,&quot;500&quot;:&quot;https:\\\/\\\/lastatic.ams3.cdn.digitaloceanspaces.com\\\/2025\\\/12\\\/pexels-valeriya-1833336-500x333.jpg&quot;,&quot;800&quot;:&quot;https:\\\/\\\/lastatic.ams3.cdn.digitaloceanspaces.com\\\/2025\\\/12\\\/pexels-valeriya-1833336-800x533.jpg&quot;,&quot;2560&quot;:&quot;https:\\\/\\\/lastatic.ams3.cdn.digitaloceanspaces.com\\\/2025\\\/12\\\/pexels-valeriya-1833336-scaled.jpg&quot;}\" data-focuspoint=\"&quot;&quot;\" data-p=\"2481138\" href=\"https:\/\/www.la.lv\/ko-nekada-gadijuma-nevajag-est-un-dzert-tuksa-dusa-8-partikas-produkti-kas-kaites-kungim\" class=\"content-item lazy-load\" wp_automatic_readability=\"2\" rel=\"nofollow noopener\" target=\"_blank\"><\/p>\n<p>                                <img decoding=\"async\" src=\"\" alt=\"\" style=\"\" data-imageid=\"\"\/><\/p>\n<p>                                Veselam<\/p>\n<p>\n                                                Ko nek\u0101d\u0101 gad\u012bjum\u0101 nevajag \u0113st un dzert tuk\u0161\u0101 d\u016b\u0161\u0101: 8 p\u0101rtikas produkti, kas kait\u0113s ku\u0146\u0123im\n                            <\/p>\n<p><\/a><br \/>\n        <a class=\"read-more\" href=\"https:\/\/www.la.lv\/top\" rel=\"nofollow noopener\" target=\"_blank\">Las\u012bt citas zi\u0146as<\/a><\/p>\n<p>Saska\u0146\u0101 ar astrologu prognoz\u0113m, \u010detras z\u012bmes \u2013 Lauva, Jaunava, \u016adensv\u012brs un Zivis \u2013 saskarsies ar nopietniem p\u0101rbaud\u012bjumiem, kas var izpausties k\u0101 personiski izaicin\u0101jumi, attiec\u012bbu p\u0101rveidojumi vai gar\u012bga izaugsme. <\/p>\n<p>\u0160\u012b \u201cmeln\u0101 sv\u012btra\u201d nav tikai negat\u012bva \u2013 t\u0101 ir iesp\u0113ja att\u012bst\u012bbai un pa\u0161izzi\u0146ai, jo plan\u0113tas mudin\u0101s atbr\u012bvoties no veciem mode\u013ciem. Tom\u0113r ar paciet\u012bbu un apzin\u0101t\u012bbu \u0161\u012bs z\u012bmes var p\u0101rvar\u0113t \u0161\u0137\u0113r\u0161\u013cus un no \u0161\u012b laika izn\u0101kt stipr\u0101kas. <\/p>\n<p>    CITI \u0160OBR\u012aD LASA<\/p>\n<p>Horoskopi, zvaig\u017e\u0146u paredz\u0113jumi un citas l\u012bdz\u012bgas t\u0113mas \u2013 \u0161\u0101du materi\u0101lu galvenais m\u0113r\u0137is ir izklaid\u0113t, nevis kalpot par nopietnu pamatu dz\u012bves l\u0113mumu pie\u0146em\u0161anai. M\u0113s aicin\u0101m ikvienu saglab\u0101t vesel\u012bgu skepsi un savus ikdienas so\u013cus balst\u012bt uz racion\u0101liem apsv\u0113rumiem. Tagad, kad tas ir skaidrs, \u013caujies zvaig\u017e\u0146u st\u0101stam ar vieglu smaidu!<\/p>\n<p>T\u0113mas<\/p>\n<p>    SAIST\u012aTIE RAKSTI<\/p>\n","protected":false},"excerpt":{"rendered":"Foto. pexels.com\/Petr Ganaj 10:45, 10. janv\u0101ris 2026 2026. gad\u0101 astrolo\u0123isk\u0101 ainava sola noz\u012bm\u012bgas p\u0101rmai\u0146as, ko ietekm\u0113s plan\u0113tu kust\u012bbas,&hellip;\n","protected":false},"author":2,"featured_media":100219,"comment_status":"","ping_status":"","sticky":false,"template":"","format":"standard","meta":{"footnotes":""},"categories":[5],"tags":[23,28,29,32,33,22,30,31,35,39,38,36,37,34,40,20,26,27,24,25,21],"class_list":{"0":"post-100218","1":"post","2":"type-post","3":"status-publish","4":"format-standard","5":"has-post-thumbnail","7":"category-aktualitates","8":"tag-aktualitates","9":"tag-breaking-news","10":"tag-breakingnews","11":"tag-featured-news","12":"tag-featurednews","13":"tag-headlines","14":"tag-latest-news","15":"tag-latestnews","16":"tag-latvia","17":"tag-latvian","18":"tag-latviesu","19":"tag-latviesu-valoda","20":"tag-latviesuvaloda","21":"tag-latvija","22":"tag-lv","23":"tag-news","24":"tag-popularakas-zinas","25":"tag-popularakaszinas","26":"tag-top-stories","27":"tag-topstories","28":"tag-zinas"},"share_on_mastodon":{"url":"https:\/\/pubeurope.com\/@lv\/115870995818480870","error":""},"_links":{"self":[{"href":"https:\/\/www.europesays.com\/lv\/wp-json\/wp\/v2\/posts\/100218","targetHints":{"allow":["GET"]}}],"collection":[{"href":"https:\/\/www.europesays.com\/lv\/wp-json\/wp\/v2\/posts"}],"about":[{"href":"https:\/\/www.europesays.com\/lv\/wp-json\/wp\/v2\/types\/post"}],"author":[{"embeddable":true,"href":"https:\/\/www.europesays.com\/lv\/wp-json\/wp\/v2\/users\/2"}],"replies":[{"embeddable":true,"href":"https:\/\/www.europesays.com\/lv\/wp-json\/wp\/v2\/comments?post=100218"}],"version-history":[{"count":0,"href":"https:\/\/www.europesays.com\/lv\/wp-json\/wp\/v2\/posts\/100218\/revisions"}],"wp:featuredmedia":[{"embeddable":true,"href":"https:\/\/www.europesays.com\/lv\/wp-json\/wp\/v2\/media\/100219"}],"wp:attachment":[{"href":"https:\/\/www.europesays.com\/lv\/wp-json\/wp\/v2\/media?parent=100218"}],"wp:term":[{"taxonomy":"category","embeddable":true,"href":"https:\/\/www.europesays.com\/lv\/wp-json\/wp\/v2\/categories?post=100218"},{"taxonomy":"post_tag","embeddable":true,"href":"https:\/\/www.europesays.com\/lv\/wp-json\/wp\/v2\/tags?post=100218"}],"curies":[{"name":"wp","href":"https:\/\/api.w.org\/{rel}","templated":true}]}}