{"id":100223,"date":"2026-01-10T13:20:07","date_gmt":"2026-01-10T13:20:07","guid":{"rendered":"https:\/\/www.europesays.com\/lv\/100223\/"},"modified":"2026-01-10T13:20:07","modified_gmt":"2026-01-10T13:20:07","slug":"vasingtonas-nacionala-opera-neuzstasies-pardevetaja-kenedija-centra","status":"publish","type":"post","link":"https:\/\/www.europesays.com\/lv\/100223\/","title":{"rendered":"Va\u0161ingtonas Nacion\u0101l\u0101 opera neuzst\u0101sies p\u0101rd\u0113v\u0113taj\u0101 Kenedija centr\u0101"},"content":{"rendered":"<p>Biznesa modelis ar\u012b neparedz operas praksi izmantot ie\u0146\u0113mumus no popul\u0101riem darbiem, lai subsid\u0113tu maz\u0101k ienes\u012bgus, maz\u0101k paz\u012bstamus darbus, pauda opera.<\/p>\n<p>Pazi\u0146ojum\u0101 netika piemin\u0113ts Tramps vai Kenedija centra jaun\u0101s valdes l\u0113mums pievienot prezidenta v\u0101rdu pas\u0101kumu norises vietas nosaukum\u0101. Lai gan Kongress to joproj\u0101m ofici\u0101li sauc par D\u017eona Ficd\u017eeralda Kenedija Izpild\u012bt\u0101jm\u0101kslas centru, nosaukum\u0101 pie \u0113kas un t\u012bmek\u013ca vietn\u0113 tas tiek d\u0113v\u0113ts par Trampa Kenedija centru.<\/p>\n<p>Trampa sabiedrotais Riks Grenels, kur\u0161 iecelts par centra pagaidu izpilddirektoru, pazi\u0146oja, ka Va\u0161ingtonas Nacion\u0101l\u0101s operas atbalstam izt\u0113r\u0113ti miljoniem dol\u0101ru, ta\u010du t\u0101s darb\u012bba joproj\u0101m pe\u013c\u0146u nenes, t\u0101d\u0113\u013c operas aizie\u0161ana no centra \u013caus tam piesaist\u012bt operas no visas pasaules un <a href=\"https:\/\/www.tvnet.lv\/term\/555410\/asv\" class=\"topicLink\" target=\"_blank\" rel=\"nofollow noopener\">ASV<\/a>.<\/p>\n<p>Kop\u0161 Trampa v\u0101rda pievieno\u0161anas centra nosaukum\u0101 da\u017e\u0101di m\u0101kslinieki, piem\u0113ram, izr\u0101des &#8220;Hamiltons&#8221; veidot\u0101js Lins Manuels Miranda un rokm\u016bzi\u0137is P\u012bters Volfs, ir atc\u0113lu\u0161i uzst\u0101\u0161an\u0101s centr\u0101.<\/p>\n<p>Centrs tika atv\u0113rts 1971. gad\u0101 un nosaukts par godu biju\u0161ajam ASV prezidentam D\u017eonam Kenedijam, ko nogalin\u0101ja atent\u0101t\u0101 1963. gad\u0101.<\/p>\n<p>Pirm\u0101s prezident\u016bras laik\u0101 Tramps ne reizi neapmekl\u0113ja presti\u017eo Kenedija centra balvas sa\u0146\u0113m\u0113ju l\u012bdzek\u013cu v\u0101k\u0161anas pas\u0101kumu, jo daudzi no \u0161iem m\u0101ksliniekiem ska\u013ci iebilda pret vi\u0146a politiku.<\/p>\n<p>P\u0113c atgrie\u0161an\u0101s Baltaj\u0101 nam\u0101 Tramps strauji p\u0101r\u0146\u0113ma centru sav\u0101 kontrol\u0113. Prezidents v\u0113rsies ar\u012b pret cit\u0101m feder\u0101li finans\u0113t\u0101m kult\u016bras iest\u0101d\u0113m, kam vi\u0146\u0161 p\u0101rmet t\u0101 d\u0113v\u0113to &#8220;woke&#8221; (atj\u0113dz\u012bbas) ideolo\u0123iju.<\/p>\n","protected":false},"excerpt":{"rendered":"Biznesa modelis ar\u012b neparedz operas praksi izmantot ie\u0146\u0113mumus no popul\u0101riem darbiem, lai subsid\u0113tu maz\u0101k ienes\u012bgus, maz\u0101k paz\u012bstamus darbus,&hellip;\n","protected":false},"author":2,"featured_media":100224,"comment_status":"","ping_status":"","sticky":false,"template":"","format":"standard","meta":{"footnotes":""},"categories":[14],"tags":[23,57,292,28,29,542,32,33,22,30,31,35,39,38,36,37,34,40,20,26,27,24,25,54,55,56,21,58],"class_list":{"0":"post-100223","1":"post","2":"type-post","3":"status-publish","4":"format-standard","5":"has-post-thumbnail","7":"category-zinas-no-arvalstim","8":"tag-aktualitates","9":"tag-arvalstim","10":"tag-asv","11":"tag-breaking-news","12":"tag-breakingnews","13":"tag-donalds-tramps","14":"tag-featured-news","15":"tag-featurednews","16":"tag-headlines","17":"tag-latest-news","18":"tag-latestnews","19":"tag-latvia","20":"tag-latvian","21":"tag-latviesu","22":"tag-latviesu-valoda","23":"tag-latviesuvaloda","24":"tag-latvija","25":"tag-lv","26":"tag-news","27":"tag-popularakas-zinas","28":"tag-popularakaszinas","29":"tag-top-stories","30":"tag-topstories","31":"tag-world","32":"tag-world-news","33":"tag-worldnews","34":"tag-zinas","35":"tag-zinas-no-arvalstim"},"share_on_mastodon":{"url":"https:\/\/pubeurope.com\/@lv\/115871011511789716","error":""},"_links":{"self":[{"href":"https:\/\/www.europesays.com\/lv\/wp-json\/wp\/v2\/posts\/100223","targetHints":{"allow":["GET"]}}],"collection":[{"href":"https:\/\/www.europesays.com\/lv\/wp-json\/wp\/v2\/posts"}],"about":[{"href":"https:\/\/www.europesays.com\/lv\/wp-json\/wp\/v2\/types\/post"}],"author":[{"embeddable":true,"href":"https:\/\/www.europesays.com\/lv\/wp-json\/wp\/v2\/users\/2"}],"replies":[{"embeddable":true,"href":"https:\/\/www.europesays.com\/lv\/wp-json\/wp\/v2\/comments?post=100223"}],"version-history":[{"count":0,"href":"https:\/\/www.europesays.com\/lv\/wp-json\/wp\/v2\/posts\/100223\/revisions"}],"wp:featuredmedia":[{"embeddable":true,"href":"https:\/\/www.europesays.com\/lv\/wp-json\/wp\/v2\/media\/100224"}],"wp:attachment":[{"href":"https:\/\/www.europesays.com\/lv\/wp-json\/wp\/v2\/media?parent=100223"}],"wp:term":[{"taxonomy":"category","embeddable":true,"href":"https:\/\/www.europesays.com\/lv\/wp-json\/wp\/v2\/categories?post=100223"},{"taxonomy":"post_tag","embeddable":true,"href":"https:\/\/www.europesays.com\/lv\/wp-json\/wp\/v2\/tags?post=100223"}],"curies":[{"name":"wp","href":"https:\/\/api.w.org\/{rel}","templated":true}]}}