{"id":100226,"date":"2026-01-10T13:26:07","date_gmt":"2026-01-10T13:26:07","guid":{"rendered":"https:\/\/www.europesays.com\/lv\/100226\/"},"modified":"2026-01-10T13:26:07","modified_gmt":"2026-01-10T13:26:07","slug":"venecuela-neatbrivo-politieslodzitos-ta-ka-solijusi","status":"publish","type":"post","link":"https:\/\/www.europesays.com\/lv\/100226\/","title":{"rendered":"Venecu\u0113la neatbr\u012bvo politieslodz\u012btos t\u0101 k\u0101 sol\u012bjusi"},"content":{"rendered":"<p class=\"descr\">Venecu\u0113las vald\u012bba ir atbr\u012bvojusi tikai devi\u0146us politieslodz\u012btos p\u0113c Karakasas varas iest\u0101\u017eu pazi\u0146ojuma, ka tiks atbr\u012bvots liels skaits ieslodz\u012bto, piektdien pazi\u0146oja cilv\u0113kties\u012bbu organiz\u0101cija &#8220;Foro Penal&#8221; (&#8220;Sodu forums&#8221;).<\/p>\n<p>Organiz\u0101cija pazi\u0146oja, ka atbr\u012bvoto skaits ir apm\u0113ram 1% no 806 politieslodz\u012btajiem <a href=\"https:\/\/nra.lv\/birka\/venecuela\/\" target=\"_blank\" rel=\"noopener nofollow\">Venecu\u0113las<\/a> cietumos.<\/p>\n<p>&#8220;Foro Penal&#8221; piebilda, ka starp <a href=\"https:\/\/nra.lv\/birka\/atbrivosana\/\" target=\"_blank\" rel=\"noopener nofollow\">atbr\u012bvotajiem<\/a> nav ne iev\u0113rojamais opoz\u012bcijas l\u012bderis Huans Pablo Gvanipa, ne opoz\u012bcijas politi\u0137a Edmundo Gonsalesa znots Rafaels Tudaress. Abi bija piemin\u0113ti mediju zi\u0146\u0101s k\u0101 iesp\u0113jami kandid\u0101ti uz atbr\u012bvo\u0161anu.<\/p>\n<p>Gvanipas \u0123imene aps\u016bdz\u0113ja vald\u012bbu sol\u012bjuma lau\u0161an\u0101. &#8220;<a href=\"https:\/\/nra.lv\/birka\/nikolass-maduro\/\" target=\"_blank\" rel=\"noopener nofollow\">Maduro<\/a> re\u017e\u012bma paliekas netur savu v\u0101rdu,&#8221; vi\u0146i rakst\u012bja platform\u0101 &#8220;X&#8221;, pieminot ASV sag\u016bst\u012bto un aizvesto Venecu\u0113las l\u012bderi Nikolasu Maduro.<\/p>\n<p>&#8220;Delsija Rodrigesa, beidziet sp\u0113l\u0113t sp\u0113l\u012btes un pav\u0113liet j\u016bsu cilv\u0113kiem nekav\u0113joties atbr\u012bvot visus <a href=\"https:\/\/nra.lv\/birka\/politieslodzitie\/\" target=\"_blank\" rel=\"noopener nofollow\">politieslodz\u012btos<\/a>,&#8221; aicin\u0101ja Gvanipas \u0123imene, v\u0113r\u0161oties pie pagaidu prezidentes.<\/p>\n<p>Venecu\u0113las parlamenta priek\u0161s\u0113d\u0113t\u0101js un pagaidu prezidentes br\u0101lis Horhe Rodrigess ceturtdien pazi\u0146oja, ka Venecu\u0113las varas iest\u0101des atbr\u012bvo lielu skaitu ieslodz\u012bto, no kuriem da\u017ei ir \u0101rzemnieki. Vi\u0146\u0161 nosauca \u0161o soli par vienpus\u0113ju \u017eestu centienos pan\u0101kt &#8220;mieru&#8221;.<\/p>\n<p>ASV prezidents <a href=\"https:\/\/nra.lv\/birka\/donalds-tramps\/\" target=\"_blank\" rel=\"noopener nofollow\">Donalds Tramps<\/a> piektdien pazi\u0146oja, ka nol\u0113mis atcelt otro uzbrukuma vilni Venecu\u0113lai, jo t\u0101 &#8220;atbr\u012bvo lielu skaitu politieslodz\u012bto, t\u0101d\u0113j\u0101di cen\u0161oties pan\u0101kt mieru&#8221;.<\/p>\n<p>\t\t\t\t\t\tinfo<\/p>\n<p>Uzzini pirmais<br \/>kas interesants noticis Latvij\u0101 un pasaul\u0113,<br \/>pievienojoties mums <a href=\"https:\/\/t.me\/neatkariga\" rel=\"nofollow\">Telegram<\/a> vai <a href=\"https:\/\/whatsapp.com\/channel\/0029VaMLFUH5K3zLU5s4wm3y\" rel=\"nofollow noopener\" target=\"_blank\">Whatsapp<\/a> kan\u0101l\u0101<\/p>\n","protected":false},"excerpt":{"rendered":"Venecu\u0113las vald\u012bba ir atbr\u012bvojusi tikai devi\u0146us politieslodz\u012btos p\u0113c Karakasas varas iest\u0101\u017eu pazi\u0146ojuma, ka tiks atbr\u012bvots liels skaits ieslodz\u012bto,&hellip;\n","protected":false},"author":2,"featured_media":100227,"comment_status":"","ping_status":"","sticky":false,"template":"","format":"standard","meta":{"footnotes":""},"categories":[14],"tags":[23,57,28,29,32,33,22,30,31,35,39,38,36,37,34,40,20,26,27,24,25,54,55,56,21,58],"class_list":{"0":"post-100226","1":"post","2":"type-post","3":"status-publish","4":"format-standard","5":"has-post-thumbnail","7":"category-zinas-no-arvalstim","8":"tag-aktualitates","9":"tag-arvalstim","10":"tag-breaking-news","11":"tag-breakingnews","12":"tag-featured-news","13":"tag-featurednews","14":"tag-headlines","15":"tag-latest-news","16":"tag-latestnews","17":"tag-latvia","18":"tag-latvian","19":"tag-latviesu","20":"tag-latviesu-valoda","21":"tag-latviesuvaloda","22":"tag-latvija","23":"tag-lv","24":"tag-news","25":"tag-popularakas-zinas","26":"tag-popularakaszinas","27":"tag-top-stories","28":"tag-topstories","29":"tag-world","30":"tag-world-news","31":"tag-worldnews","32":"tag-zinas","33":"tag-zinas-no-arvalstim"},"share_on_mastodon":{"url":"https:\/\/pubeurope.com\/@lv\/115871035122891399","error":""},"_links":{"self":[{"href":"https:\/\/www.europesays.com\/lv\/wp-json\/wp\/v2\/posts\/100226","targetHints":{"allow":["GET"]}}],"collection":[{"href":"https:\/\/www.europesays.com\/lv\/wp-json\/wp\/v2\/posts"}],"about":[{"href":"https:\/\/www.europesays.com\/lv\/wp-json\/wp\/v2\/types\/post"}],"author":[{"embeddable":true,"href":"https:\/\/www.europesays.com\/lv\/wp-json\/wp\/v2\/users\/2"}],"replies":[{"embeddable":true,"href":"https:\/\/www.europesays.com\/lv\/wp-json\/wp\/v2\/comments?post=100226"}],"version-history":[{"count":0,"href":"https:\/\/www.europesays.com\/lv\/wp-json\/wp\/v2\/posts\/100226\/revisions"}],"wp:featuredmedia":[{"embeddable":true,"href":"https:\/\/www.europesays.com\/lv\/wp-json\/wp\/v2\/media\/100227"}],"wp:attachment":[{"href":"https:\/\/www.europesays.com\/lv\/wp-json\/wp\/v2\/media?parent=100226"}],"wp:term":[{"taxonomy":"category","embeddable":true,"href":"https:\/\/www.europesays.com\/lv\/wp-json\/wp\/v2\/categories?post=100226"},{"taxonomy":"post_tag","embeddable":true,"href":"https:\/\/www.europesays.com\/lv\/wp-json\/wp\/v2\/tags?post=100226"}],"curies":[{"name":"wp","href":"https:\/\/api.w.org\/{rel}","templated":true}]}}