{"id":100238,"date":"2026-01-10T14:10:10","date_gmt":"2026-01-10T14:10:10","guid":{"rendered":"https:\/\/www.europesays.com\/lv\/100238\/"},"modified":"2026-01-10T14:10:10","modified_gmt":"2026-01-10T14:10:10","slug":"video-%e2%9f%a9-latvija-sajukusi-prata-pec-kotletem-ka-maksliniece-elza-abele-kluva-par-kotlesu-meiteni","status":"publish","type":"post","link":"https:\/\/www.europesays.com\/lv\/100238\/","title":{"rendered":"VIDEO \u27e9 &#8220;Latvija sajukusi pr\u0101t\u0101 p\u0113c kotlet\u0113m!&#8221; K\u0101 m\u0101ksliniece Elza \u0100bele k\u013cuva par &#8220;kotle\u0161u meiteni&#8221;"},"content":{"rendered":"<p>Uzkl\u0101ts galds, uz t\u0101 iespaid\u012bga izm\u0113ra kust\u012bga kotlete, bet aiz t\u0101s meitene ar galda piederumiem, kas gatava to noties\u0101t. Ieraugot soct\u012bklos \u0161\u0101du video, var\u0113tu padom\u0101t, ka tas ir ar m\u0101ksl\u012bgo intelektu veidots. Bet nav. Jaun\u0101 m\u0101ksliniece Elza, k\u0101du r\u012btu pamostoties, atkl\u0101jusi, ka k\u013cuvusi par popul\u0101ru kotle\u0161u meiteni. Izr\u0101d\u0101s, ka neko daudz nemaz nevajag &#8211; vien uztais\u012bt liela izm\u0113ra c\u0101\u013ca ga\u013cas kotleti.<\/p>\n","protected":false},"excerpt":{"rendered":"Uzkl\u0101ts galds, uz t\u0101 iespaid\u012bga izm\u0113ra kust\u012bga kotlete, bet aiz t\u0101s meitene ar galda piederumiem, kas gatava to&hellip;\n","protected":false},"author":2,"featured_media":100239,"comment_status":"","ping_status":"","sticky":false,"template":"","format":"standard","meta":{"footnotes":""},"categories":[5],"tags":[23,9854,28,29,14791,7775,32,33,22,30,31,35,39,38,36,37,34,40,2286,20,26,27,24,25,900,1994,21],"class_list":{"0":"post-100238","1":"post","2":"type-post","3":"status-publish","4":"format-standard","5":"has-post-thumbnail","7":"category-aktualitates","8":"tag-aktualitates","9":"tag-apollo-lv-redakcija-iesaka","10":"tag-breaking-news","11":"tag-breakingnews","12":"tag-cilvekstasts","13":"tag-ediens","14":"tag-featured-news","15":"tag-featurednews","16":"tag-headlines","17":"tag-latest-news","18":"tag-latestnews","19":"tag-latvia","20":"tag-latvian","21":"tag-latviesu","22":"tag-latviesu-valoda","23":"tag-latviesuvaloda","24":"tag-latvija","25":"tag-lv","26":"tag-maksla","27":"tag-news","28":"tag-popularakas-zinas","29":"tag-popularakaszinas","30":"tag-top-stories","31":"tag-topstories","32":"tag-tvnet-cilvekstasti","33":"tag-video","34":"tag-zinas"},"share_on_mastodon":{"url":"https:\/\/pubeurope.com\/@lv\/115871208085952059","error":""},"_links":{"self":[{"href":"https:\/\/www.europesays.com\/lv\/wp-json\/wp\/v2\/posts\/100238","targetHints":{"allow":["GET"]}}],"collection":[{"href":"https:\/\/www.europesays.com\/lv\/wp-json\/wp\/v2\/posts"}],"about":[{"href":"https:\/\/www.europesays.com\/lv\/wp-json\/wp\/v2\/types\/post"}],"author":[{"embeddable":true,"href":"https:\/\/www.europesays.com\/lv\/wp-json\/wp\/v2\/users\/2"}],"replies":[{"embeddable":true,"href":"https:\/\/www.europesays.com\/lv\/wp-json\/wp\/v2\/comments?post=100238"}],"version-history":[{"count":0,"href":"https:\/\/www.europesays.com\/lv\/wp-json\/wp\/v2\/posts\/100238\/revisions"}],"wp:featuredmedia":[{"embeddable":true,"href":"https:\/\/www.europesays.com\/lv\/wp-json\/wp\/v2\/media\/100239"}],"wp:attachment":[{"href":"https:\/\/www.europesays.com\/lv\/wp-json\/wp\/v2\/media?parent=100238"}],"wp:term":[{"taxonomy":"category","embeddable":true,"href":"https:\/\/www.europesays.com\/lv\/wp-json\/wp\/v2\/categories?post=100238"},{"taxonomy":"post_tag","embeddable":true,"href":"https:\/\/www.europesays.com\/lv\/wp-json\/wp\/v2\/tags?post=100238"}],"curies":[{"name":"wp","href":"https:\/\/api.w.org\/{rel}","templated":true}]}}