{"id":100242,"date":"2026-01-10T14:14:06","date_gmt":"2026-01-10T14:14:06","guid":{"rendered":"https:\/\/www.europesays.com\/lv\/100242\/"},"modified":"2026-01-10T14:14:06","modified_gmt":"2026-01-10T14:14:06","slug":"video-%e2%9f%a9-luk-ko-jus-ar-to-panaksiet-medvedevs-neveikli-piedraudeja-eiropai-ar-oresnik-triecienu","status":"publish","type":"post","link":"https:\/\/www.europesays.com\/lv\/100242\/","title":{"rendered":"VIDEO \u27e9 &#8220;L\u016bk, ko j\u016bs ar to pan\u0101ksiet!&#8221; Medvedevs neveikli piedraud\u0113ja Eiropai ar &#8220;Ore\u0161\u0146ik&#8221; triecienu"},"content":{"rendered":"<p>Krievijas Aizsardz\u012bbas ministrija apgalvoja, ka t\u0101 bija atrieb\u012bba par iesp\u0113jamo Ukrainas uzbrukumu Krem\u013ca saimnieka rezidencei Valdaj\u0101, Novgorodas apgabal\u0101.<\/p>\n<p>Piektdien \u013bvivas apgabala milit\u0101r\u0101s administr\u0101cijas vad\u012bt\u0101js Maksims Kozickis pazi\u0146oja, ka krievi uzbruka kritiski svar\u012bgam infrastrukt\u016bras objektam \u013bvivas apgabal\u0101. Ukrainas Rietumu gaisa sp\u0113ku pav\u0113lniec\u012bba zi\u0146oja, ka gaisa m\u0113r\u0137is p\u0101rvietoj\u0101s ar \u0101trumu aptuveni 13 t\u016bksto\u0161i km\/h pa ballistisko trajektoriju.<\/p>\n<p>Lai gan Ukrainas Dro\u0161\u012bbas dienests (SBU) publiskoja &#8220;Ore\u0161\u0146ik&#8221; ra\u0137etes atl\u016bzas, <a href=\"https:\/\/www.apollo.lv\/term\/8497\/ukraina\" class=\"topicLink\" target=\"_blank\" rel=\"nofollow noopener\">Ukraina<\/a> nesniedza prec\u012bzus trieciena nodar\u012btos zaud\u0113jumus, nev\u0113loties dal\u012bties inform\u0101cij\u0101 ar Krieviju. Ra\u0137ete var nest kodolgalvi\u0146as un sniegt n\u0101v\u0113jo\u0161u triecienu, ta\u010du, t\u0101pat k\u0101 pirm\u0101 uzbrukuma Ukrainai gad\u012bjum\u0101 2024. gada novembr\u012b, visticam\u0101k, t\u0101 bija piel\u0101d\u0113ta ar parastaj\u0101m kaujas galvi\u0146\u0101m vai m\u0101c\u012bbu spr\u0101gstviel\u0101m.<\/p>\n<p>P\u0113c prezidenta Volodimira Zelenska teikt\u0101 \u0161\u0101da demonstrat\u012bva ra\u0137etes &#8220;Ore\u0161\u0146ik&#8221; izmanto\u0161ana tikai 70 km att\u0101lum\u0101 no Eiropas Savien\u012bbas robe\u017e\u0101m ir izaicin\u0101jums Var\u0161avai un cit\u0101m Eiropas galvaspils\u0113t\u0101m. Vi\u0146\u0161 uzsv\u0113ra, ka ikvienam ir j\u0101saprot, ka, ja krievi &#8220;pat nem\u0113\u0123in\u0101s izdom\u0101t p\u0101rliecino\u0161u iemeslu \u0161\u0101du iero\u010du izmanto\u0161anai&#8221;, prezidents ar\u012b aicin\u0101ja izveidot kop\u012bgu darb\u012bbu sist\u0113mu, kop\u012bgu aizsardz\u012bbu, lai sp\u0113tu izl\u0113m\u012bgi rea\u0123\u0113t uz \u0161\u0101diem draudiem.<\/p>\n","protected":false},"excerpt":{"rendered":"Krievijas Aizsardz\u012bbas ministrija apgalvoja, ka t\u0101 bija atrieb\u012bba par iesp\u0113jamo Ukrainas uzbrukumu Krem\u013ca saimnieka rezidencei Valdaj\u0101, Novgorodas apgabal\u0101.&hellip;\n","protected":false},"author":2,"featured_media":100243,"comment_status":"","ping_status":"","sticky":false,"template":"","format":"standard","meta":{"footnotes":""},"categories":[14],"tags":[23,57,28,29,32,33,22,234,74,30,31,35,39,38,36,37,34,40,20,26,27,24,25,276,54,55,56,21,58],"class_list":{"0":"post-100242","1":"post","2":"type-post","3":"status-publish","4":"format-standard","5":"has-post-thumbnail","7":"category-zinas-no-arvalstim","8":"tag-aktualitates","9":"tag-arvalstim","10":"tag-breaking-news","11":"tag-breakingnews","12":"tag-featured-news","13":"tag-featurednews","14":"tag-headlines","15":"tag-krievija","16":"tag-krievijas-iebrukums-ukraina","17":"tag-latest-news","18":"tag-latestnews","19":"tag-latvia","20":"tag-latvian","21":"tag-latviesu","22":"tag-latviesu-valoda","23":"tag-latviesuvaloda","24":"tag-latvija","25":"tag-lv","26":"tag-news","27":"tag-popularakas-zinas","28":"tag-popularakaszinas","29":"tag-top-stories","30":"tag-topstories","31":"tag-ukraina","32":"tag-world","33":"tag-world-news","34":"tag-worldnews","35":"tag-zinas","36":"tag-zinas-no-arvalstim"},"share_on_mastodon":{"url":"https:\/\/pubeurope.com\/@lv\/115871223965520385","error":""},"_links":{"self":[{"href":"https:\/\/www.europesays.com\/lv\/wp-json\/wp\/v2\/posts\/100242","targetHints":{"allow":["GET"]}}],"collection":[{"href":"https:\/\/www.europesays.com\/lv\/wp-json\/wp\/v2\/posts"}],"about":[{"href":"https:\/\/www.europesays.com\/lv\/wp-json\/wp\/v2\/types\/post"}],"author":[{"embeddable":true,"href":"https:\/\/www.europesays.com\/lv\/wp-json\/wp\/v2\/users\/2"}],"replies":[{"embeddable":true,"href":"https:\/\/www.europesays.com\/lv\/wp-json\/wp\/v2\/comments?post=100242"}],"version-history":[{"count":0,"href":"https:\/\/www.europesays.com\/lv\/wp-json\/wp\/v2\/posts\/100242\/revisions"}],"wp:featuredmedia":[{"embeddable":true,"href":"https:\/\/www.europesays.com\/lv\/wp-json\/wp\/v2\/media\/100243"}],"wp:attachment":[{"href":"https:\/\/www.europesays.com\/lv\/wp-json\/wp\/v2\/media?parent=100242"}],"wp:term":[{"taxonomy":"category","embeddable":true,"href":"https:\/\/www.europesays.com\/lv\/wp-json\/wp\/v2\/categories?post=100242"},{"taxonomy":"post_tag","embeddable":true,"href":"https:\/\/www.europesays.com\/lv\/wp-json\/wp\/v2\/tags?post=100242"}],"curies":[{"name":"wp","href":"https:\/\/api.w.org\/{rel}","templated":true}]}}