{"id":100246,"date":"2026-01-10T14:18:08","date_gmt":"2026-01-10T14:18:08","guid":{"rendered":"https:\/\/www.europesays.com\/lv\/100246\/"},"modified":"2026-01-10T14:18:08","modified_gmt":"2026-01-10T14:18:08","slug":"latvijas-basketbolists-kristers-zoriks-pametis-spanijas-acb-ligas-klubu-lleida-lente-lv","status":"publish","type":"post","link":"https:\/\/www.europesays.com\/lv\/100246\/","title":{"rendered":"Latvijas basketbolists Kristers Zoriks pametis Sp\u0101nijas ACB l\u012bgas klubu &#8220;Lleida&#8221;\u00a0\u2014\u00a0Lente.lv"},"content":{"rendered":"<p>Kristers Zoriks p\u0101rtrauc sadarb\u012bbu ar &#8220;Lleida&#8221;<\/p>\n<p>Latvijas basketbolists Kristers Zoriks ir vienojies par l\u012bguma p\u0101rtrauk\u0161anu ar Sp\u0101nijas augst\u0101k\u0101s basketbola l\u012bgas (ACB) klubu \u201cFor\u00e7a Lleida\u201d, ceturtdien pazi\u0146ojusi komanda. K\u0101 inform\u0113 port\u0101ls jauns.lv, abas puses vienoju\u0161\u0101s par l\u012bguma izbeig\u0161anu pirms termi\u0146a, pamatojoties uz savstarp\u0113ju vieno\u0161anos.<\/p>\n<p>Zorika sniegums \u201cLleida\u201d sast\u0101v\u0101<\/p>\n<p>\u0160aj\u0101 sezon\u0101 27 gadus vecais latvie\u0161u sasp\u0113les vad\u012bt\u0101js Sp\u0101nijas ACB l\u012bg\u0101 aizvad\u012bjis 14 sp\u0113les, kuru laik\u0101 vid\u0113ji guvis 4,2 punktus, atdevis 1,6 rezultat\u012bvas piesp\u0113les un izc\u012bn\u012bjis 0,9 atl\u0113ku\u0161\u0101s bumbas. Vi\u0146a statistika neliecina par p\u0101rliecino\u0161u iek\u013cau\u0161anos komandas sast\u0101v\u0101, un \u0161is l\u0113mums, visticam\u0101k, ir ab\u0101m pus\u0113m izdev\u012bgs solis.<\/p>\n<p>Karjeras pirms\u0101kumi un iepriek\u0161\u0113jie klubi<\/p>\n<p>Pirms pievieno\u0161an\u0101s \u201cLleida\u201d komandai Zoriks iepriek\u0161\u0113jo sezonu aizvad\u012bja Francijas \u010dempion\u0101t\u0101, p\u0101rst\u0101vot klubu \u201cLe Portel\u201d. Tur vi\u0146\u0161 pal\u012bdz\u0113ja komandai saglab\u0101t vietu Francijas augst\u0101kaj\u0101 l\u012bg\u0101, demonstr\u0113jot stabilu sniegumu \u2013 30 sp\u0113l\u0113s vid\u0113ji 11,1 punkts un 3,5 rezultat\u012bvas piesp\u0113les. Pirms tam basketbolists vienu sezonu sp\u0113l\u0113jis Turcijas komand\u0101 \u201cPetkim Spor\u201d, bet laika posm\u0101 no 2020. l\u012bdz 2023. gadam p\u0101rst\u0101v\u0113ja Latvijas titul\u0113t\u0101ko klubu \u201cVEF R\u012bga\u201d, ieg\u016bstot vair\u0101kus Latvijas un Latvijas-Igaunijas l\u012bgas \u010dempionu titulus.<\/p>\n<p>N\u0101kamais karjeras solis<\/p>\n<p>Lai gan ofici\u0101ls pazi\u0146ojums par Zorika n\u0101kamo klubu v\u0113l nav izdots, sporta mediji nor\u0101da, ka latvie\u0161u basketbolists karjeru var\u0113tu turpin\u0101t k\u0101d\u0101 no It\u0101lijas A s\u0113rijas komand\u0101m. Tas liecina par vi\u0146a centieniem turpin\u0101t att\u012bst\u012bbu Eiropas sp\u0113c\u012bg\u0101kaj\u0101s l\u012bg\u0101s.<\/p>\n","protected":false},"excerpt":{"rendered":"Kristers Zoriks p\u0101rtrauc sadarb\u012bbu ar &#8220;Lleida&#8221; Latvijas basketbolists Kristers Zoriks ir vienojies par l\u012bguma p\u0101rtrauk\u0161anu ar Sp\u0101nijas augst\u0101k\u0101s&hellip;\n","protected":false},"author":2,"featured_media":100247,"comment_status":"","ping_status":"","sticky":false,"template":"","format":"standard","meta":{"footnotes":""},"categories":[17],"tags":[145,22749,35,39,38,36,37,34,24459,40,21211,2318,67],"class_list":{"0":"post-100246","1":"post","2":"type-post","3":"status-publish","4":"format-standard","5":"has-post-thumbnail","7":"category-sports","8":"tag-basketbols","9":"tag-kristers-zoriks","10":"tag-latvia","11":"tag-latvian","12":"tag-latviesu","13":"tag-latviesu-valoda","14":"tag-latviesuvaloda","15":"tag-latvija","16":"tag-lleida","17":"tag-lv","18":"tag-spanijas-acb-liga","19":"tag-sporta-zinas","20":"tag-sports"},"share_on_mastodon":{"url":"https:\/\/pubeurope.com\/@lv\/115871239523771645","error":""},"_links":{"self":[{"href":"https:\/\/www.europesays.com\/lv\/wp-json\/wp\/v2\/posts\/100246","targetHints":{"allow":["GET"]}}],"collection":[{"href":"https:\/\/www.europesays.com\/lv\/wp-json\/wp\/v2\/posts"}],"about":[{"href":"https:\/\/www.europesays.com\/lv\/wp-json\/wp\/v2\/types\/post"}],"author":[{"embeddable":true,"href":"https:\/\/www.europesays.com\/lv\/wp-json\/wp\/v2\/users\/2"}],"replies":[{"embeddable":true,"href":"https:\/\/www.europesays.com\/lv\/wp-json\/wp\/v2\/comments?post=100246"}],"version-history":[{"count":0,"href":"https:\/\/www.europesays.com\/lv\/wp-json\/wp\/v2\/posts\/100246\/revisions"}],"wp:featuredmedia":[{"embeddable":true,"href":"https:\/\/www.europesays.com\/lv\/wp-json\/wp\/v2\/media\/100247"}],"wp:attachment":[{"href":"https:\/\/www.europesays.com\/lv\/wp-json\/wp\/v2\/media?parent=100246"}],"wp:term":[{"taxonomy":"category","embeddable":true,"href":"https:\/\/www.europesays.com\/lv\/wp-json\/wp\/v2\/categories?post=100246"},{"taxonomy":"post_tag","embeddable":true,"href":"https:\/\/www.europesays.com\/lv\/wp-json\/wp\/v2\/tags?post=100246"}],"curies":[{"name":"wp","href":"https:\/\/api.w.org\/{rel}","templated":true}]}}