{"id":100318,"date":"2026-01-10T16:02:11","date_gmt":"2026-01-10T16:02:11","guid":{"rendered":"https:\/\/www.europesays.com\/lv\/100318\/"},"modified":"2026-01-10T16:02:11","modified_gmt":"2026-01-10T16:02:11","slug":"marija-korina-macado-plano-drizu-atgriesanos-venecuela-kritize-pagaidu-prezidenti-lente-lv","status":"publish","type":"post","link":"https:\/\/www.europesays.com\/lv\/100318\/","title":{"rendered":"Marija Korina Ma\u010dado pl\u0101no dr\u012bzu atgrie\u0161anos Venecu\u0113l\u0101, kritiz\u0113 pagaidu prezidenti\u00a0\u2014\u00a0Lente.lv"},"content":{"rendered":"<p>Ma\u010dado sola atgriezties Venecu\u0113l\u0101<\/p>\n<p>Venecu\u0113las opoz\u012bcijas l\u012bdere Marija Korina Ma\u010dado pirmdien, 10. janv\u0101r\u012b, pazi\u0146oja par nodomu tuv\u0101kaj\u0101 laik\u0101 atgriezties dzimten\u0113. Vi\u0146a ar\u012b asi kritiz\u0113jusi pa\u0161reiz\u0113jo pagaidu prezidenti Delsiju Rodrigesu, d\u0113v\u0113jot vi\u0146u par vienu no galvenajiem arhitektiem sp\u012bdzin\u0101\u0161an\u0101, vaj\u0101\u0161an\u0101, korupcij\u0101 un narkotiku tirdzniec\u012bb\u0101 Venecu\u0113l\u0101. K\u0101 inform\u0113 port\u0101ls jauns.lv, Ma\u010dado \u0161os izteikumus paudusi intervij\u0101 ASV telekan\u0101lam Fox News, kuras atra\u0161an\u0101s vieta netika atkl\u0101ta. Ma\u010dado uzsver, ka vi\u0146as atgrie\u0161an\u0101s Venecu\u0113l\u0101 nav atkar\u012bga no pa\u0161reiz\u0113j\u0101s politisk\u0101s situ\u0101cijas vai prezidenta Nikolasa Maduro statusa, bet gan no dro\u0161\u012bbas apst\u0101k\u013cu nodro\u0161in\u0101\u0161anas.<\/p>\n<p>Politisk\u0101 situ\u0101cija Venecu\u0113l\u0101<\/p>\n<p>Venecu\u0113l\u0101 politisk\u0101 situ\u0101cija ir saspringta kop\u0161 2026. gada 3. janv\u0101ra, kad ASV milit\u0101r\u0101s oper\u0101cijas rezult\u0101t\u0101 tika aiztur\u0113ts un uz ASV izvests prezidents Nikolass Maduro. Vi\u0146a viet\u0101 par pagaidu prezidenti ir iecelta viceprezidente Delsija Rodrigesa. Rodrigesa ir izveidojusi komisiju Maduro atbr\u012bvo\u0161anai un paudusi gatav\u012bbu sadarboties ar ASV. Tom\u0113r ASV prezidents Donalds Tramps ir piepras\u012bjis Venecu\u0113las pak\u013cau\u0161anos un draud\u0113jis ar nopietn\u0101m sek\u0101m, ja vi\u0146a pras\u012bbas netiks izpild\u012btas. ASV valsts sekret\u0101rs Marko Rubio gan ir nor\u0101d\u012bjis, ka Va\u0161ingtona ir gatava sadarboties ar Rodrigesu un vi\u0146as kabineta locek\u013ciem, uzsverot, ka ASV vi\u0146us v\u0113rt\u0113s p\u0113c darbiem, nevis v\u0101rdiem. Lai gan Rodrigesa ir iecelta par pagaidu prezidenti, pagaid\u0101m nav skaidrs, k\u0101 vi\u0146a interpret\u0113s konstit\u016bcijas normas par jaunu v\u0113l\u0113\u0161anu organiz\u0113\u0161anu gad\u012bjum\u0101, ja Maduro promb\u016btne tiks uzskat\u012bta par past\u0101v\u012bgu.<\/p>\n<p>Ma\u010dado redz\u0113jums par Venecu\u0113las n\u0101kotni<\/p>\n<p>Marija Korina Ma\u010dado, kura ir Nobela Miera pr\u0113mijas laure\u0101te, paudusi p\u0101rliec\u012bbu, ka Venecu\u0113la ar pasaul\u0113 liel\u0101kaj\u0101m naftas rezerv\u0113m k\u013c\u016bs par Zieme\u013camerikas un Dienvidamerikas ener\u0123ijas centru. &#8220;M\u0113s p\u0101rv\u0113rt\u012bsim Venecu\u0113lu par Amerikas ener\u0123ijas centru,&#8221; vi\u0146a sac\u012bja intervij\u0101. Ma\u010dado iepriek\u0161\u0113j\u0101s run\u0101s ir uzsv\u0113rusi, ka vi\u0146as m\u0113r\u0137is ir atjaunot k\u0101rt\u012bbu, atbr\u012bvot politieslodz\u012btos, veidot p\u0101rtiku\u0161u valsti un veicin\u0101t migrantu atgrie\u0161anos dzimten\u0113. Vi\u0146as atgrie\u0161an\u0101s tiek uzskat\u012bta par noz\u012bm\u012bgu notikumu, jo Ma\u010dado ir k\u013cuvusi par sp\u0113c\u012bgu opoz\u012bcijas fig\u016bru, kas rad\u012bjusi nopietnu mier\u012bgu izaicin\u0101jumu pa\u0161reiz\u0113jam autorit\u0101rajam re\u017e\u012bmam.<\/p>\n<p>Starptautisk\u0101 reakcija un sekas<\/p>\n<p>ASV oper\u0101cija Venecu\u0113l\u0101 un Maduro aiztur\u0113\u0161ana ir izrais\u012bjusi pla\u0161u starptautisku reakciju. Krievija, kas tradicion\u0101li uztur\u0113jusi cie\u0161us sakarus ar Maduro re\u017e\u012bmu, ir paudusi ba\u017eas un nosod\u012bjusi ASV r\u012bc\u012bbu k\u0101 starptautisko ties\u012bbu p\u0101rk\u0101pumu. Eiropas Parlamenta deput\u0101ts Ivars Ijabs nor\u0101d\u012bjis, ka Eiropai pret ASV oper\u0101ciju Venecu\u0113l\u0101 j\u0101izturas re\u0101listiski un t\u0101lredz\u012bgi, vienlaikus saglab\u0101jot ap\u0146em\u0161anos iest\u0101ties par starptautisko tiesiskumu. Vi\u0146\u0161 uzsv\u0113ris, ka \u0161\u012b oper\u0101cija apliecina, ka turpm\u0101k nevar pa\u013cauties uz to, ka Va\u0161ingtona vienm\u0113r saska\u0146os savas darb\u012bbas ar sabiedrotajiem. ASV oper\u0101cijas rezult\u0101t\u0101 Venecu\u0113l\u0101 g\u0101ju\u0161i boj\u0101 vismaz 40 cilv\u0113ki un izn\u012bcin\u0101ti milit\u0101rie objekti. Tiek prognoz\u0113ts, ka Venecu\u0113las politisk\u0101 situ\u0101cija un t\u0101s attiec\u012bbas ar ASV un cit\u0101m valst\u012bm turpin\u0101s att\u012bst\u012bties.<\/p>\n","protected":false},"excerpt":{"rendered":"Ma\u010dado sola atgriezties Venecu\u0113l\u0101 Venecu\u0113las opoz\u012bcijas l\u012bdere Marija Korina Ma\u010dado pirmdien, 10. janv\u0101r\u012b, pazi\u0146oja par nodomu tuv\u0101kaj\u0101 laik\u0101&hellip;\n","protected":false},"author":2,"featured_media":100319,"comment_status":"","ping_status":"","sticky":false,"template":"","format":"standard","meta":{"footnotes":""},"categories":[14],"tags":[23,57,292,28,29,24100,32,33,22,30,31,35,39,38,36,37,34,40,24480,20,5168,26,27,24,25,358,54,55,56,21,58],"class_list":{"0":"post-100318","1":"post","2":"type-post","3":"status-publish","4":"format-standard","5":"has-post-thumbnail","7":"category-zinas-no-arvalstim","8":"tag-aktualitates","9":"tag-arvalstim","10":"tag-asv","11":"tag-breaking-news","12":"tag-breakingnews","13":"tag-delsija-rodrigesa","14":"tag-featured-news","15":"tag-featurednews","16":"tag-headlines","17":"tag-latest-news","18":"tag-latestnews","19":"tag-latvia","20":"tag-latvian","21":"tag-latviesu","22":"tag-latviesu-valoda","23":"tag-latviesuvaloda","24":"tag-latvija","25":"tag-lv","26":"tag-marija-korina-macado","27":"tag-news","28":"tag-nikolass-maduro","29":"tag-popularakas-zinas","30":"tag-popularakaszinas","31":"tag-top-stories","32":"tag-topstories","33":"tag-venecuela","34":"tag-world","35":"tag-world-news","36":"tag-worldnews","37":"tag-zinas","38":"tag-zinas-no-arvalstim"},"share_on_mastodon":{"url":"https:\/\/pubeurope.com\/@lv\/115871648577040702","error":""},"_links":{"self":[{"href":"https:\/\/www.europesays.com\/lv\/wp-json\/wp\/v2\/posts\/100318","targetHints":{"allow":["GET"]}}],"collection":[{"href":"https:\/\/www.europesays.com\/lv\/wp-json\/wp\/v2\/posts"}],"about":[{"href":"https:\/\/www.europesays.com\/lv\/wp-json\/wp\/v2\/types\/post"}],"author":[{"embeddable":true,"href":"https:\/\/www.europesays.com\/lv\/wp-json\/wp\/v2\/users\/2"}],"replies":[{"embeddable":true,"href":"https:\/\/www.europesays.com\/lv\/wp-json\/wp\/v2\/comments?post=100318"}],"version-history":[{"count":0,"href":"https:\/\/www.europesays.com\/lv\/wp-json\/wp\/v2\/posts\/100318\/revisions"}],"wp:featuredmedia":[{"embeddable":true,"href":"https:\/\/www.europesays.com\/lv\/wp-json\/wp\/v2\/media\/100319"}],"wp:attachment":[{"href":"https:\/\/www.europesays.com\/lv\/wp-json\/wp\/v2\/media?parent=100318"}],"wp:term":[{"taxonomy":"category","embeddable":true,"href":"https:\/\/www.europesays.com\/lv\/wp-json\/wp\/v2\/categories?post=100318"},{"taxonomy":"post_tag","embeddable":true,"href":"https:\/\/www.europesays.com\/lv\/wp-json\/wp\/v2\/tags?post=100318"}],"curies":[{"name":"wp","href":"https:\/\/api.w.org\/{rel}","templated":true}]}}