{"id":100324,"date":"2026-01-10T16:05:17","date_gmt":"2026-01-10T16:05:17","guid":{"rendered":"https:\/\/www.europesays.com\/lv\/100324\/"},"modified":"2026-01-10T16:05:17","modified_gmt":"2026-01-10T16:05:17","slug":"maestro-vienmer-seko-modes-tendencem-lente-lv","status":"publish","type":"post","link":"https:\/\/www.europesays.com\/lv\/100324\/","title":{"rendered":"Maestro vienm\u0113r seko modes tendenc\u0113m\u00a0\u2014\u00a0Lente.lv"},"content":{"rendered":"<p>Maestro 90: \u017dor\u017es Siksna par Raimonda Paula neizsme\u013camo talantu un humoru<\/p>\n<p>Gaidot izcil\u0101 komponista un pianista Raimonda Paula 90. jubileju, kas tiek atz\u012bm\u0113ta 12. janv\u0101r\u012b, dzied\u0101t\u0101js \u017dor\u017es Siksna dal\u0101s sav\u0101s atmi\u0146\u0101s par Maestro, uzsverot vi\u0146a neparasto sp\u0113ju sekot laikam l\u012bdzi un piel\u0101goties m\u016bsdienu tendenc\u0113m. Siksna, kur\u0161 ar Paulu sadarbojies jau kop\u0161 70. gadiem, atz\u012bst, ka Maestro m\u016bzika joproj\u0101m sp\u0113j uzrun\u0101t jaunas paaudzes, un vi\u0146a darba tikums un asais humors ir iedvesmojo\u0161i.<\/p>\n<p>Dziesmas, kas dz\u012bvo cauri paaudz\u0113m<\/p>\n<p>Paz\u012bstam\u0101s dziesmas k\u0101 &#8220;\u0122enoveva&#8221;, &#8220;Mu\u013c\u0137e sirds&#8221; un &#8220;Pasaul\u012bte&#8221; joproj\u0101m skan popul\u0101ri un tiek iem\u012b\u013cotas jaun\u0101s paaudzes vid\u016b. \u017dor\u017es Siksna, kur\u0161 pats ir \u0161o dziesmu atpaz\u012bstam\u012bbas veicin\u0101t\u0101js, atz\u012bst, ka Raimonda Paula m\u016bzika ir nep\u0101rsp\u0113jama sav\u0101 sp\u0113j\u0101 b\u016bt aktu\u0101lai un emocion\u0101li bag\u0101tai da\u017e\u0101dos laikos. Vi\u0146a talants ir rad\u012bt melodijas, kas k\u013c\u016bst par da\u013cu no Latvijas kult\u016bras koda, vienojot paaudzes un saglab\u0101jot tautas identit\u0101ti.<\/p>\n<p>Maestro \u2013 vienm\u0113r laikam l\u012bdzi<\/p>\n<p>\u017dor\u017es Siksna uzsver, ka Raimonds Pauls vienm\u0113r ir bijis soli priek\u0161\u0101 laikam, sekojot modes tendenc\u0113m gan m\u016bzik\u0101, gan cit\u0101s dz\u012bves jom\u0101s. &#8220;Vi\u0146\u0161 seko modes tendenc\u0113m,&#8221; saka Siksna, atz\u012bm\u0113jot, ka Maestro sp\u0113j integr\u0113t jaun\u0101k\u0101s m\u016bzikas virzienus sav\u0101 dai\u013crad\u0113, saglab\u0101jot savu unik\u0101lo stilu. \u0160\u012b sp\u0113ja piel\u0101goties un vienlaikus saglab\u0101t savu identit\u0101ti ir viens no galvenajiem iemesliem, k\u0101p\u0113c vi\u0146a m\u016bzika joproj\u0101m ir tik dz\u012bva un piepras\u012bta.<\/p>\n<p>Darba spara un humora apvienojums<\/p>\n<p>Run\u0101jot par Raimonda Paula darba \u0113tiku, Siksna izce\u013c vi\u0146a augst\u0101k\u0101s raudzes darba tikumu un ener\u0123iju. Maestro sp\u0113j rad\u012bt jaunas koncertprogrammas un dziesmas nemit\u012bgi, apliecinot savu rado\u0161o sp\u0113ku pat \u0161obr\u012bd, kad sagaida savu 90. jubileju. Papildus darba sparam, Siksna atz\u012bm\u0113 ar\u012b Paula aso un for\u0161o humoru, kas padara sadarb\u012bbu un komunik\u0101ciju ar vi\u0146u vienm\u0113r interesantu un pat\u012bkamu.<\/p>\n<p>Jubilejas pas\u0101kumi un atceres<\/p>\n<p>Par godu Maestro 90. jubilejai Latvijas mediji un kult\u016bras iest\u0101des ir sagatavoju\u0161i pla\u0161u sv\u0113tku programmu. Latvijas Telev\u012bzija (LTV) un Latvijas Sabiedriskais medijs (LSM) pied\u0101v\u0101 jaunu dokument\u0101lo filmu &#8220;Maestro Raimonds Pauls. Dziesmi\u0146a par prieku&#8221;, kas atkl\u0101j komponista rado\u0161o darb\u012bbu un ikdienu. T\u0101pat norisin\u0101s da\u017e\u0101di koncerti un muzik\u0101li pas\u0101kumi, piem\u0113ram, koncertst\u0101sts &#8220;Maestro&#8221;, kas godina komponista devumu m\u016bzik\u0101 un cilv\u0113kos. Latvijas Radio 2 \u0113ter\u0101 skan 90 stundu ilgs m\u016bzikas maratons ar Raimonda Paula dziesm\u0101m. Ar\u012b TV3 kan\u0101l\u0101 tiek demonstr\u0113ta speci\u0101lizlaidums ar Maestro un citiem m\u0101ksliniekiem. Dzied\u0101t\u0101js \u017dor\u017es Siksna ar\u012b piedal\u012bjies da\u017e\u0101dos pas\u0101kumos, godinot komponista dai\u013cradi, tostarp koncertos, kur izpild\u012btas Paula dziesmas.<\/p>\n","protected":false},"excerpt":{"rendered":"Maestro 90: \u017dor\u017es Siksna par Raimonda Paula neizsme\u013camo talantu un humoru Gaidot izcil\u0101 komponista un pianista Raimonda Paula&hellip;\n","protected":false},"author":2,"featured_media":100325,"comment_status":"","ping_status":"","sticky":false,"template":"","format":"standard","meta":{"footnotes":""},"categories":[19],"tags":[89,90,2752,35,39,38,194,36,37,34,40,24482,2672,24481],"class_list":{"0":"post-100324","1":"post","2":"type-post","3":"status-publish","4":"format-standard","5":"has-post-thumbnail","7":"category-izklaide","8":"tag-entertainment","9":"tag-izklaide","10":"tag-komponists","11":"tag-latvia","12":"tag-latvian","13":"tag-latviesu","14":"tag-latviesu-muzika","15":"tag-latviesu-valoda","16":"tag-latviesuvaloda","17":"tag-latvija","18":"tag-lv","19":"tag-maestro-90","20":"tag-raimonds-pauls","21":"tag-zorzs-siksna"},"share_on_mastodon":{"url":"https:\/\/pubeurope.com\/@lv\/115871660346521890","error":""},"_links":{"self":[{"href":"https:\/\/www.europesays.com\/lv\/wp-json\/wp\/v2\/posts\/100324","targetHints":{"allow":["GET"]}}],"collection":[{"href":"https:\/\/www.europesays.com\/lv\/wp-json\/wp\/v2\/posts"}],"about":[{"href":"https:\/\/www.europesays.com\/lv\/wp-json\/wp\/v2\/types\/post"}],"author":[{"embeddable":true,"href":"https:\/\/www.europesays.com\/lv\/wp-json\/wp\/v2\/users\/2"}],"replies":[{"embeddable":true,"href":"https:\/\/www.europesays.com\/lv\/wp-json\/wp\/v2\/comments?post=100324"}],"version-history":[{"count":0,"href":"https:\/\/www.europesays.com\/lv\/wp-json\/wp\/v2\/posts\/100324\/revisions"}],"wp:featuredmedia":[{"embeddable":true,"href":"https:\/\/www.europesays.com\/lv\/wp-json\/wp\/v2\/media\/100325"}],"wp:attachment":[{"href":"https:\/\/www.europesays.com\/lv\/wp-json\/wp\/v2\/media?parent=100324"}],"wp:term":[{"taxonomy":"category","embeddable":true,"href":"https:\/\/www.europesays.com\/lv\/wp-json\/wp\/v2\/categories?post=100324"},{"taxonomy":"post_tag","embeddable":true,"href":"https:\/\/www.europesays.com\/lv\/wp-json\/wp\/v2\/tags?post=100324"}],"curies":[{"name":"wp","href":"https:\/\/api.w.org\/{rel}","templated":true}]}}