{"id":100328,"date":"2026-01-10T16:08:07","date_gmt":"2026-01-10T16:08:07","guid":{"rendered":"https:\/\/www.europesays.com\/lv\/100328\/"},"modified":"2026-01-10T16:08:07","modified_gmt":"2026-01-10T16:08:07","slug":"patriekta-monarha-dels-aicina-turpinat-protestus-irana","status":"publish","type":"post","link":"https:\/\/www.europesays.com\/lv\/100328\/","title":{"rendered":"Patriekt\u0101 monarha d\u0113ls aicina turpin\u0101t protestus Ir\u0101n\u0101"},"content":{"rendered":"<p class=\"descr\">Ir\u0101nas liel\u0101kaj\u0101s pils\u0113t\u0101s turpin\u0101s pla\u0161i protesti pret isl\u0101misko re\u017e\u012bmu, un isl\u0101ma revol\u016bcij\u0101 g\u0101zt\u0101 Rietumu atbalst\u012bt\u0101 \u0161aha d\u0113ls sestdien aicin\u0101ja protest\u0113t\u0101jus pl\u0101not pils\u0113tu centru ie\u0146em\u0161anu.<\/p>\n<p>Divas ned\u0113\u013cas ilgu\u0161ie <a href=\"https:\/\/nra.lv\/birka\/protesti\/\" target=\"_blank\" rel=\"noopener nofollow\">protesti<\/a> ir viens no liel\u0101kajiem apdraud\u0113jumiem teokr\u0101tiskajam re\u017e\u012bmam, kas valst\u012b vald\u012bjis kop\u0161 1979. gada, lai gan augstais l\u012bderis ajatolla Ali Hamenei ir paudis nepak\u013c\u0101v\u012bbu un vainojis ASV.<\/p>\n<p><a href=\"https:\/\/nra.lv\/birka\/demonstracijas\/\" target=\"_blank\" rel=\"noopener nofollow\">Demonstr\u0101cijas<\/a> piektdien turpin\u0101j\u0101s, neskatoties uz varasiest\u0101\u017eu l\u0113mumu atsl\u0113gt valst\u012b internetu. Kiberuzraudz\u012bbas organiz\u0101cijas &#8220;Netblocks&#8221; dati liecina, ka sestdienas r\u012bt\u0101 interneta atsl\u0113gums <a href=\"https:\/\/nra.lv\/birka\/irana\/\" target=\"_blank\" rel=\"noopener nofollow\">Ir\u0101n\u0101<\/a> turpin\u0101s jau vair\u0101k nek\u0101 36 stundas.<\/p>\n<p>Soci\u0101lajos t\u012bklos izplat\u012bti video liecina, ka protesti notiku\u0161i daudzviet Teher\u0101n\u0101, Me\u0161hed\u0101 valsts austrumos, Tabriz\u0101 valsts zieme\u013cos un sv\u0113taj\u0101 pils\u0113t\u0101 Kum\u0101.<\/p>\n<p>Video no Hamad\u0101nas redzams v\u012brietis ar \u0161aha laika Ir\u0101nas karogu un dejojo\u0161iem cilv\u0113kiem.<\/p>\n<p>L\u012bdz\u012bgi protesti notiku\u0161i ar\u012b citviet valst\u012b.<\/p>\n<p>1979. gad\u0101 g\u0101zt\u0101 Ir\u0101nas \u0161aha d\u0113ls, <a href=\"https:\/\/nra.lv\/birka\/asv\/\" target=\"_blank\" rel=\"noopener nofollow\">ASV<\/a> dz\u012bvojo\u0161ais Reza Pahlavi, uzteica Ir\u0101nas demonstrantus un aicin\u0101ja ar\u012b sestdien un sv\u0113tdien iziet m\u0113r\u0137tiec\u012bgos protestos.<\/p>\n<p>&#8220;M\u016bsu m\u0113r\u0137is vairs nav tikai iziet iel\u0101s. M\u0113r\u0137is ir sagatavoties pils\u0113tu centru ie\u0146em\u0161anai un notur\u0113\u0161anai,&#8221; Pahlavi teica video zi\u0146ojum\u0101 soci\u0101lajos t\u012bklos.<\/p>\n<p>Pahlavi, kura t\u0113vs Mohammads Reza Pahlavi tika g\u0101zts 1979. gada revol\u016bcij\u0101 un mira 1980. gad\u0101, piebilda, ka vi\u0146\u0161 ar\u012b &#8220;gatavojas atgriezties dzimten\u0113&#8221;, un vi\u0146apr\u0101t, tas b\u016bs iesp\u0113jams jau &#8220;\u013coti dr\u012bz&#8221;.<\/p>\n<p>Akt\u012bvisti ir paudu\u0161i ba\u017eas, ka <a href=\"https:\/\/nra.lv\/pasaule\/510245-jaungada-nakti-var-tikt-atslegts-internets.htm\" data-item-link=\"true\" data-item-id=\"510245\" rel=\"nofollow noopener\" target=\"_blank\">interneta <\/a>atsl\u0113g\u0161ana var\u0113tu sl\u0113pt varas represijas, un Norv\u0113\u0123ij\u0101 b\u0101z\u0113t\u0101 organiz\u0101cija &#8220;Iran Human Rights&#8221; ir pazi\u0146ojusi, ka l\u012bdz \u0161im represij\u0101s ir nogalin\u0101ts vismaz 51 cilv\u0113ks.<\/p>\n<p>Ir\u0101nas Nobela Miera pr\u0113mijas laure\u0101te \u0160irina Ebadi piektdien br\u012bdin\u0101ja, ka dro\u0161\u012bbas sp\u0113ki var\u0113tu gatavot &#8220;masu slakti\u0146u, izmantojot pla\u0161u sakaru p\u0101rtraukumu&#8221;.<\/p>\n<p>Vald\u012bbas iest\u0101des zi\u0146o, ka ir nogalin\u0101ti vair\u0101ki dro\u0161\u012bbas sp\u0113ku darbinieki, un ajatolla piektdien izaicino\u0161\u0101 run\u0101 asi kritiz\u0113ja &#8220;vand\u0101\u013cus&#8221; un sol\u012bja, ka Ir\u0101na neatk\u0101psies. Vi\u0146\u0161 vainoja ASV nemieru kurin\u0101\u0161an\u0101, un \u0161o viedokli atk\u0101rtoju\u0161as ar\u012b vair\u0101kas citas Ir\u0101nas amatpersonas.<\/p>\n<p>ASV prezidents Donalds Tramps piektdien atkal atteic\u0101s izsl\u0113gt jaunas milit\u0101ras darb\u012bbas pret Ir\u0101nu, p\u0113c tam, kad Va\u0161ingtona atbalst\u012bja un pievienoj\u0101s Izra\u0113las 12 dienu karam pret Ir\u0101nu j\u016bnij\u0101.<\/p>\n<p>&#8220;Ir\u0101na ir liel\u0101s nepatik\u0161an\u0101s. Man \u0161\u0137iet, ka cilv\u0113ki p\u0101r\u0146em noteiktas pils\u0113tas, par kur\u0101m neviens v\u0113l pirms da\u017e\u0101m ned\u0113\u013c\u0101m neuzskat\u012bja, ka tas ir iesp\u0113jams,&#8221; sac\u012bja Tramps.<\/p>\n<p>Jaut\u0101ts par savu v\u0113st\u012bjumu Ir\u0101nas vad\u012bt\u0101jiem, Tramps br\u012bdin\u0101ja, vi\u0146iem &#8220;lab\u0101k nes\u0101kt \u0161aut, jo m\u0113s ar\u012b s\u0101ksim \u0161aut&#8221;.<\/p>\n<p>Jaun\u0101ko protestu vilni izrais\u012bjusi dzi\u013c\u0101 ekonomisk\u0101 kr\u012bze un valsts val\u016btas &#8211; Ir\u0101nas ri\u0101la &#8211; straujais kursa kritums. S\u0101kotn\u0113ji Teher\u0101n\u0101 iel\u0101s izg\u0101ja tirgot\u0101ji, bet p\u0113c tam demonstr\u0101cijas izplat\u012bj\u0101s liel\u0101 valsts da\u013c\u0101.<\/p>\n<p>\t\t\t\t\t\tinfo<\/p>\n<p>Uzzini pirmais<br \/>kas interesants noticis Latvij\u0101 un pasaul\u0113,<br \/>pievienojoties mums <a href=\"https:\/\/t.me\/neatkariga\" rel=\"nofollow\">Telegram<\/a> vai <a href=\"https:\/\/whatsapp.com\/channel\/0029VaMLFUH5K3zLU5s4wm3y\" rel=\"nofollow noopener\" target=\"_blank\">Whatsapp<\/a> kan\u0101l\u0101<\/p>\n","protected":false},"excerpt":{"rendered":"Ir\u0101nas liel\u0101kaj\u0101s pils\u0113t\u0101s turpin\u0101s pla\u0161i protesti pret isl\u0101misko re\u017e\u012bmu, un isl\u0101ma revol\u016bcij\u0101 g\u0101zt\u0101 Rietumu atbalst\u012bt\u0101 \u0161aha d\u0113ls sestdien&hellip;\n","protected":false},"author":2,"featured_media":100329,"comment_status":"","ping_status":"","sticky":false,"template":"","format":"standard","meta":{"footnotes":""},"categories":[14],"tags":[23,57,28,29,32,33,22,30,31,35,39,38,36,37,34,40,20,26,27,24,25,54,55,56,21,58],"class_list":{"0":"post-100328","1":"post","2":"type-post","3":"status-publish","4":"format-standard","5":"has-post-thumbnail","7":"category-zinas-no-arvalstim","8":"tag-aktualitates","9":"tag-arvalstim","10":"tag-breaking-news","11":"tag-breakingnews","12":"tag-featured-news","13":"tag-featurednews","14":"tag-headlines","15":"tag-latest-news","16":"tag-latestnews","17":"tag-latvia","18":"tag-latvian","19":"tag-latviesu","20":"tag-latviesu-valoda","21":"tag-latviesuvaloda","22":"tag-latvija","23":"tag-lv","24":"tag-news","25":"tag-popularakas-zinas","26":"tag-popularakaszinas","27":"tag-top-stories","28":"tag-topstories","29":"tag-world","30":"tag-world-news","31":"tag-worldnews","32":"tag-zinas","33":"tag-zinas-no-arvalstim"},"share_on_mastodon":{"url":"https:\/\/pubeurope.com\/@lv\/115871672138252760","error":""},"_links":{"self":[{"href":"https:\/\/www.europesays.com\/lv\/wp-json\/wp\/v2\/posts\/100328","targetHints":{"allow":["GET"]}}],"collection":[{"href":"https:\/\/www.europesays.com\/lv\/wp-json\/wp\/v2\/posts"}],"about":[{"href":"https:\/\/www.europesays.com\/lv\/wp-json\/wp\/v2\/types\/post"}],"author":[{"embeddable":true,"href":"https:\/\/www.europesays.com\/lv\/wp-json\/wp\/v2\/users\/2"}],"replies":[{"embeddable":true,"href":"https:\/\/www.europesays.com\/lv\/wp-json\/wp\/v2\/comments?post=100328"}],"version-history":[{"count":0,"href":"https:\/\/www.europesays.com\/lv\/wp-json\/wp\/v2\/posts\/100328\/revisions"}],"wp:featuredmedia":[{"embeddable":true,"href":"https:\/\/www.europesays.com\/lv\/wp-json\/wp\/v2\/media\/100329"}],"wp:attachment":[{"href":"https:\/\/www.europesays.com\/lv\/wp-json\/wp\/v2\/media?parent=100328"}],"wp:term":[{"taxonomy":"category","embeddable":true,"href":"https:\/\/www.europesays.com\/lv\/wp-json\/wp\/v2\/categories?post=100328"},{"taxonomy":"post_tag","embeddable":true,"href":"https:\/\/www.europesays.com\/lv\/wp-json\/wp\/v2\/tags?post=100328"}],"curies":[{"name":"wp","href":"https:\/\/api.w.org\/{rel}","templated":true}]}}