{"id":100332,"date":"2026-01-10T16:10:09","date_gmt":"2026-01-10T16:10:09","guid":{"rendered":"https:\/\/www.europesays.com\/lv\/100332\/"},"modified":"2026-01-10T16:10:09","modified_gmt":"2026-01-10T16:10:09","slug":"latvijas-biatlonistes-oberhofa-paliek-arpus-labako-desmitnieka-komandu-stafete","status":"publish","type":"post","link":"https:\/\/www.europesays.com\/lv\/100332\/","title":{"rendered":"Latvijas biatlonistes Oberhof\u0101 paliek \u0101rpus lab\u0101ko desmitnieka komandu stafet\u0113"},"content":{"rendered":"<p>Latvijas biatlonistes Estere Volfa, <a rel=\"noopener nofollow\" target=\"_blank\" href=\"https:\/\/www.delfi.lv\/temas\/50666341\/baiba-bendika\" tag-id=\"50666341\">Baiba Bendika<\/a>, Annija Keita Sabule un Elza Bleidele sestdien Oberhof\u0101 Pasaules kausa ceturtaj\u0101 posm\u0101 4&#215;6 kilometru stafet\u0113 ierindoj\u0101s 15. poz\u012bcij\u0101.<\/p>\n<p>Uzvaru izc\u012bn\u012bja Francijas biatlonistes L\u016b \u017danmono, Oseana Mi\u0161elona, \u017dist\u012bne Brez\u0101-Bu\u0161\u0113 un \u017dilija Simona, Francijas kvartetam, kas izmantoja kop\u0101 asto\u0146as rezerves patronas, fini\u0161\u0113jot stund\u0101 18 min\u016bt\u0113s un 21,9 sekund\u0113s.<\/p>\n<p class=\"m-0\">Seko &#8220;Delfi&#8221; ar\u012b  <a target=\"_blank\" href=\"https:\/\/www.instagram.com\/delfi.lv\/\" rel=\"nofollow noopener\">Instagram<\/a>  un <a target=\"_blank\" href=\"https:\/\/www.youtube.com\/channel\/UCw5foWtcJvAbUm64rv7jwUQ\" rel=\"nofollow noopener\">YouTube<\/a>  profil\u0101 \u2013 pievienojies, lai uzzin\u0101tu svar\u012bg\u0101ko un interesant\u0101ko pirmais!<\/p>\n<p>Publik\u0101cijas saturs vai t\u0101s jebk\u0101da apjoma da\u013ca ir aizsarg\u0101ts autorties\u012bbu objekts Autorties\u012bbu likuma izpratn\u0113, un t\u0101 izmanto\u0161ana bez izdev\u0113ja at\u013caujas ir aizliegta. Vair\u0101k lasi  <a target=\"_blank\" href=\"https:\/\/www.delfi.lv\/noteikumi#autortiesibas\" rel=\"nofollow noopener\">\u0161eit<\/a><script async src=\"\/\/www.instagram.com\/embed.js\"><\/script><\/p>\n","protected":false},"excerpt":{"rendered":"Latvijas biatlonistes Estere Volfa, Baiba Bendika, Annija Keita Sabule un Elza Bleidele sestdien Oberhof\u0101 Pasaules kausa ceturtaj\u0101 posm\u0101&hellip;\n","protected":false},"author":2,"featured_media":100333,"comment_status":"","ping_status":"","sticky":false,"template":"","format":"standard","meta":{"footnotes":""},"categories":[5],"tags":[23,1498,16007,1499,28,29,16010,32,33,22,30,31,35,39,38,36,37,34,40,20,26,27,16008,16013,24,25,21],"class_list":{"0":"post-100332","1":"post","2":"type-post","3":"status-publish","4":"format-standard","5":"has-post-thumbnail","7":"category-aktualitates","8":"tag-aktualitates","9":"tag-andrejs-rastorgujevs","10":"tag-baiba-bendika","11":"tag-biatlons","12":"tag-breaking-news","13":"tag-breakingnews","14":"tag-edgars-mise","15":"tag-featured-news","16":"tag-featurednews","17":"tag-headlines","18":"tag-latest-news","19":"tag-latestnews","20":"tag-latvia","21":"tag-latvian","22":"tag-latviesu","23":"tag-latviesu-valoda","24":"tag-latviesuvaloda","25":"tag-latvija","26":"tag-lv","27":"tag-news","28":"tag-popularakas-zinas","29":"tag-popularakaszinas","30":"tag-renars-birkentals","31":"tag-sanita-bulina","32":"tag-top-stories","33":"tag-topstories","34":"tag-zinas"},"share_on_mastodon":{"url":"https:\/\/pubeurope.com\/@lv\/115871680040344950","error":""},"_links":{"self":[{"href":"https:\/\/www.europesays.com\/lv\/wp-json\/wp\/v2\/posts\/100332","targetHints":{"allow":["GET"]}}],"collection":[{"href":"https:\/\/www.europesays.com\/lv\/wp-json\/wp\/v2\/posts"}],"about":[{"href":"https:\/\/www.europesays.com\/lv\/wp-json\/wp\/v2\/types\/post"}],"author":[{"embeddable":true,"href":"https:\/\/www.europesays.com\/lv\/wp-json\/wp\/v2\/users\/2"}],"replies":[{"embeddable":true,"href":"https:\/\/www.europesays.com\/lv\/wp-json\/wp\/v2\/comments?post=100332"}],"version-history":[{"count":0,"href":"https:\/\/www.europesays.com\/lv\/wp-json\/wp\/v2\/posts\/100332\/revisions"}],"wp:featuredmedia":[{"embeddable":true,"href":"https:\/\/www.europesays.com\/lv\/wp-json\/wp\/v2\/media\/100333"}],"wp:attachment":[{"href":"https:\/\/www.europesays.com\/lv\/wp-json\/wp\/v2\/media?parent=100332"}],"wp:term":[{"taxonomy":"category","embeddable":true,"href":"https:\/\/www.europesays.com\/lv\/wp-json\/wp\/v2\/categories?post=100332"},{"taxonomy":"post_tag","embeddable":true,"href":"https:\/\/www.europesays.com\/lv\/wp-json\/wp\/v2\/tags?post=100332"}],"curies":[{"name":"wp","href":"https:\/\/api.w.org\/{rel}","templated":true}]}}